{"id":8574,"date":"2020-05-05T07:35:52","date_gmt":"2020-05-05T07:35:52","guid":{"rendered":"https:\/\/www.amotravel.it\/?p=8574"},"modified":"2020-07-27T07:52:01","modified_gmt":"2020-07-27T07:52:01","slug":"amo-travel-pioneer-photo-tour-vietnam-201608192708","status":"publish","type":"post","link":"https:\/\/www.amotravel.com\/it\/amo-travel-pioneer-photo-tour-vietnam-201608192708\/","title":{"rendered":"La giornata mondiale della fotografia e il pioniere di foto tour in Vietnam"},"content":{"rendered":"<p><strong>Viaggio Fotografico Vietnam:<\/strong> Lo scatto leggero della fotocamera, un flash luce e un momento nel tempo catturato per sempre. Forse in digitale, forse su pellicola, il mezzo non \u00e8 mai cos\u00ec importante come la memoria o momento catturato. Un gruppo di persone, un tramonto, o anche un pesce che salta fuori dall\u2019acqua, una fotografia \u00e8 un modo per esprimere l\u2019emozione e il contesto di quel momento esatto.<\/p>\n<p><img decoding=\"async\" class=\"aligncenter wp-image-10282 size-full\" src=\"https:\/\/www.amotravel.com\/it\/wp-content\/uploads\/2020\/05\/photographers_4c11630e8f6ae_hires-768x510.jpg\" alt=\"\" width=\"768\" height=\"510\" srcset=\"https:\/\/www.amotravel.com\/it\/wp-content\/uploads\/2020\/05\/photographers_4c11630e8f6ae_hires-768x510.jpg 768w, https:\/\/www.amotravel.com\/it\/wp-content\/uploads\/2020\/05\/photographers_4c11630e8f6ae_hires-768x510-300x199.jpg 300w, https:\/\/www.amotravel.com\/it\/wp-content\/uploads\/2020\/05\/photographers_4c11630e8f6ae_hires-768x510-700x465.jpg 700w, https:\/\/www.amotravel.com\/it\/wp-content\/uploads\/2020\/05\/photographers_4c11630e8f6ae_hires-768x510-150x100.jpg 150w, https:\/\/www.amotravel.com\/it\/wp-content\/uploads\/2020\/05\/photographers_4c11630e8f6ae_hires-768x510-200x133.jpg 200w, https:\/\/www.amotravel.com\/it\/wp-content\/uploads\/2020\/05\/photographers_4c11630e8f6ae_hires-768x510-250x166.jpg 250w\" sizes=\"(max-width: 768px) 100vw, 768px\" \/><\/p>\n<p>Celebriamo il primo mezzo per creare una fotogrfia del mondo a questo giorno dell\u2019anno che ci ha aiutato a conservare i nostri ricordi visivi attraverso la tecnologia.<\/p>\n<p>Nic\u00e9phore Ni\u00e9pce \u2013 uno\u00a0scienziato francese ha creato la fotografia originariamente,\u00a0utilizzando il cloruro d\u2019argento per coprire un pezzo di carta. Tuttavia, la foto poi diventava\u00a0completamente buio perch\u00e9 lui conosceva nessun\u00a0modo per rimuovere il cloruro d\u2019argento dalla carta per conservare la foto.<\/p>\n<p><img decoding=\"async\" class=\"aligncenter wp-image-10281 size-full\" src=\"https:\/\/www.amotravel.com\/it\/wp-content\/uploads\/2020\/05\/kres.jpg\" alt=\"\" width=\"500\" height=\"435\" srcset=\"https:\/\/www.amotravel.com\/it\/wp-content\/uploads\/2020\/05\/kres.jpg 500w, https:\/\/www.amotravel.com\/it\/wp-content\/uploads\/2020\/05\/kres-300x261.jpg 300w\" sizes=\"(max-width: 500px) 100vw, 500px\" \/><br \/>\nLe fotografie sono andate meglio nel corso degli anni, prima con la \u2018<a href=\"https:\/\/it.wikipedia.org\/wiki\/Camera_oscura\">Camera oscura<\/a>\u2018 e la possibilit\u00e0 di scattare una foto in quel modo. Poi le confrontiamo con le macchine fotografiche moderne.\u00a0I principali salti nella tecnologia colpite fotografia tanto quanto tutti gli altri fatti della vita in tutto il mondo. Con Kodak, Canon e tante altre marche, non \u00e8 stata di sorpresa quando il mercato della fotografia ha un tale salto, ancora di pi\u00f9 con le capacit\u00e0 militari e sorvegliati\u00a0solo perche\u2019 la\u00a0fotocamera sta diventando migliorata, pi\u00f9 leggero e pi\u00f9 facilmente utilizzabili. Eppure, per tutta l\u2019innovazione e la creativit\u00e0, la scienza, non \u00e8 sufficiente per\u00a0battere il piacere semplice di scattare foto per\u00a0godere l\u2019integrit\u00e0 delle foto.<\/p>\n<p>La nascita della fotografia<\/p>\n<p>Comprendo\u00a0questi valori reali,\u00a0AmoTravel\u00a0noi siamo orgogliosi di essere il pioniere di foto tour in Vietnam.Non c\u2019\u00e8 niente di meglio di un viaggio che si pu\u00f2 prendere le foto migliori in miglior tempo in angolo locale. Queste cose sono segreti di un fotografo dilettante, una bellezza-amante e un amico locale. Perch\u00e9 non uscire e scattare un paio di foto con il compagno di Amotravel? E con una macchina fotografica, naturalmente! Quindi, uscire e scattare qualche foto e magari registrare un pezzo di storia il giorno di Fotografia di quest\u2019anno!<\/p>\n<p><em>P\/S: Alcune mie foto nel viaggio a MuCangChai con\u00a0Amo Travel. Che meraviglia! Sono solo un dilettante\u00a0della fotografia ma mi piace molto e sicuramente Vietnam\u00a0\u00e8 cos\u00ec bella che si pu\u00f2 prendere momenti belli, anche se non sei bravo a fotografia.\u00a0Buona visione!<\/em><\/p>\n<p><img decoding=\"async\" class=\"aligncenter wp-image-10277 size-full\" src=\"https:\/\/www.amotravel.com\/it\/wp-content\/uploads\/2020\/05\/DSC_8549-768x511.jpg\" alt=\"\" width=\"768\" height=\"511\" srcset=\"https:\/\/www.amotravel.com\/it\/wp-content\/uploads\/2020\/05\/DSC_8549-768x511.jpg 768w, https:\/\/www.amotravel.com\/it\/wp-content\/uploads\/2020\/05\/DSC_8549-768x511-300x200.jpg 300w, https:\/\/www.amotravel.com\/it\/wp-content\/uploads\/2020\/05\/DSC_8549-768x511-700x466.jpg 700w, https:\/\/www.amotravel.com\/it\/wp-content\/uploads\/2020\/05\/DSC_8549-768x511-150x100.jpg 150w, https:\/\/www.amotravel.com\/it\/wp-content\/uploads\/2020\/05\/DSC_8549-768x511-200x133.jpg 200w, https:\/\/www.amotravel.com\/it\/wp-content\/uploads\/2020\/05\/DSC_8549-768x511-250x166.jpg 250w\" sizes=\"(max-width: 768px) 100vw, 768px\" \/><\/p>\n<p>&nbsp;<\/p>\n<p><img decoding=\"async\" class=\"aligncenter wp-image-10280 size-full\" src=\"https:\/\/www.amotravel.com\/it\/wp-content\/uploads\/2020\/05\/DSC_8604-768x511.jpg\" alt=\"\" width=\"768\" height=\"511\" srcset=\"https:\/\/www.amotravel.com\/it\/wp-content\/uploads\/2020\/05\/DSC_8604-768x511.jpg 768w, https:\/\/www.amotravel.com\/it\/wp-content\/uploads\/2020\/05\/DSC_8604-768x511-300x200.jpg 300w, https:\/\/www.amotravel.com\/it\/wp-content\/uploads\/2020\/05\/DSC_8604-768x511-700x466.jpg 700w, https:\/\/www.amotravel.com\/it\/wp-content\/uploads\/2020\/05\/DSC_8604-768x511-150x100.jpg 150w, https:\/\/www.amotravel.com\/it\/wp-content\/uploads\/2020\/05\/DSC_8604-768x511-200x133.jpg 200w, https:\/\/www.amotravel.com\/it\/wp-content\/uploads\/2020\/05\/DSC_8604-768x511-250x166.jpg 250w\" sizes=\"(max-width: 768px) 100vw, 768px\" \/><\/p>\n<p><img decoding=\"async\" class=\"aligncenter wp-image-10279 size-full\" src=\"https:\/\/www.amotravel.com\/it\/wp-content\/uploads\/2020\/05\/DSC_8578-768x511.jpg\" alt=\"\" width=\"768\" height=\"511\" srcset=\"https:\/\/www.amotravel.com\/it\/wp-content\/uploads\/2020\/05\/DSC_8578-768x511.jpg 768w, https:\/\/www.amotravel.com\/it\/wp-content\/uploads\/2020\/05\/DSC_8578-768x511-300x200.jpg 300w, https:\/\/www.amotravel.com\/it\/wp-content\/uploads\/2020\/05\/DSC_8578-768x511-700x466.jpg 700w, https:\/\/www.amotravel.com\/it\/wp-content\/uploads\/2020\/05\/DSC_8578-768x511-150x100.jpg 150w, https:\/\/www.amotravel.com\/it\/wp-content\/uploads\/2020\/05\/DSC_8578-768x511-200x133.jpg 200w, https:\/\/www.amotravel.com\/it\/wp-content\/uploads\/2020\/05\/DSC_8578-768x511-250x166.jpg 250w\" sizes=\"(max-width: 768px) 100vw, 768px\" \/><\/p>\n","protected":false},"excerpt":{"rendered":"<p>Viaggio Fotografico Vietnam: Lo scatto leggero della fotocamera, un flash luce e un momento nel tempo catturato per sempre. Forse in digitale, forse su pellicola, il mezzo non \u00e8 mai cos\u00ec importante come la memoria o momento catturato. Un gruppo di persone, un tramonto, o anche un pesce che salta fuori dall\u2019acqua, una fotografia \u00e8 [&hellip;]<\/p>\n","protected":false},"author":15,"featured_media":7770,"comment_status":"open","ping_status":"open","sticky":false,"template":"","format":"standard","meta":{"footnotes":""},"categories":[357,390],"tags":[223],"class_list":["post-8574","post","type-post","status-publish","format-standard","has-post-thumbnail","hentry","category-vietnam","category-viaggio-fotografico-vietnam","tag-viaggio-fotografico-vietnam"],"acf":[],"yoast_head":"<!-- This site is optimized with the Yoast SEO plugin v27.5 - https:\/\/yoast.com\/product\/yoast-seo-wordpress\/ -->\n<title>La giornata mondiale della fotografia e il pioniere di foto tour in Vietnam - Amo Travel Italiano<\/title>\n<meta name=\"description\" content=\"Comprendo questi valori reali, AmoTravel noi siamo orgogliosi di essere il pioniere del viaggio fotografico in Vietnam.\" \/>\n<meta name=\"robots\" content=\"index, follow, max-snippet:-1, max-image-preview:large, max-video-preview:-1\" \/>\n<link rel=\"canonical\" href=\"https:\/\/www.amotravel.com\/it\/amo-travel-pioneer-photo-tour-vietnam-201608192708\/\" \/>\n<meta property=\"og:locale\" content=\"vi_VN\" \/>\n<meta property=\"og:type\" content=\"article\" \/>\n<meta property=\"og:title\" content=\"La giornata mondiale della fotografia e il pioniere di foto tour in Vietnam - Amo Travel Italiano\" \/>\n<meta property=\"og:description\" content=\"Comprendo questi valori reali, AmoTravel noi siamo orgogliosi di essere il pioniere del viaggio fotografico in Vietnam.\" \/>\n<meta property=\"og:url\" content=\"https:\/\/www.amotravel.com\/it\/amo-travel-pioneer-photo-tour-vietnam-201608192708\/\" \/>\n<meta property=\"og:site_name\" content=\"Amo Travel Italiano\" \/>\n<meta property=\"article:publisher\" content=\"https:\/\/www.facebook.com\/AmoTravelItaliano\" \/>\n<meta property=\"article:published_time\" content=\"2020-05-05T07:35:52+00:00\" \/>\n<meta property=\"article:modified_time\" content=\"2020-07-27T07:52:01+00:00\" \/>\n<meta property=\"og:image\" content=\"https:\/\/www.amotravel.com\/it\/wp-content\/uploads\/2020\/04\/photo-shoot-at-hmong-village-phong-tho-lai-chau-1atv.jpg\" \/>\n\t<meta property=\"og:image:width\" content=\"870\" \/>\n\t<meta property=\"og:image:height\" content=\"550\" \/>\n\t<meta property=\"og:image:type\" content=\"image\/jpeg\" \/>\n<meta name=\"author\" content=\"Th\u1ee7y\" \/>\n<meta name=\"twitter:card\" content=\"summary_large_image\" \/>\n<meta name=\"twitter:label1\" content=\"\u0110\u01b0\u1ee3c vi\u1ebft b\u1edfi\" \/>\n\t<meta name=\"twitter:data1\" content=\"Th\u1ee7y\" \/>\n\t<meta name=\"twitter:label2\" content=\"\u01af\u1edbc t\u00ednh th\u1eddi gian \u0111\u1ecdc\" \/>\n\t<meta name=\"twitter:data2\" content=\"2 ph\u00fat\" \/>\n<script type=\"application\/ld+json\" class=\"yoast-schema-graph\">{\"@context\":\"https:\\\/\\\/schema.org\",\"@graph\":[{\"@type\":\"Article\",\"@id\":\"https:\\\/\\\/www.amotravel.com\\\/it\\\/amo-travel-pioneer-photo-tour-vietnam-201608192708\\\/#article\",\"isPartOf\":{\"@id\":\"https:\\\/\\\/www.amotravel.com\\\/it\\\/amo-travel-pioneer-photo-tour-vietnam-201608192708\\\/\"},\"author\":{\"name\":\"Th\u1ee7y\",\"@id\":\"https:\\\/\\\/www.amotravel.com\\\/it\\\/#\\\/schema\\\/person\\\/e4a4e0b7937afc125651190b8419bf4a\"},\"headline\":\"La giornata mondiale della fotografia e il pioniere di foto tour in Vietnam\",\"datePublished\":\"2020-05-05T07:35:52+00:00\",\"dateModified\":\"2020-07-27T07:52:01+00:00\",\"mainEntityOfPage\":{\"@id\":\"https:\\\/\\\/www.amotravel.com\\\/it\\\/amo-travel-pioneer-photo-tour-vietnam-201608192708\\\/\"},\"wordCount\":415,\"commentCount\":0,\"image\":{\"@id\":\"https:\\\/\\\/www.amotravel.com\\\/it\\\/amo-travel-pioneer-photo-tour-vietnam-201608192708\\\/#primaryimage\"},\"thumbnailUrl\":\"https:\\\/\\\/www.amotravel.com\\\/it\\\/wp-content\\\/uploads\\\/2020\\\/04\\\/photo-shoot-at-hmong-village-phong-tho-lai-chau-1atv.jpg\",\"keywords\":[\"viaggio fotografico Vietnam\"],\"articleSection\":[\"Il Mio Vietnam\",\"Viaggio Fotografico Vietnam\"],\"inLanguage\":\"vi\",\"potentialAction\":[{\"@type\":\"CommentAction\",\"name\":\"Comment\",\"target\":[\"https:\\\/\\\/www.amotravel.com\\\/it\\\/amo-travel-pioneer-photo-tour-vietnam-201608192708\\\/#respond\"]}]},{\"@type\":\"WebPage\",\"@id\":\"https:\\\/\\\/www.amotravel.com\\\/it\\\/amo-travel-pioneer-photo-tour-vietnam-201608192708\\\/\",\"url\":\"https:\\\/\\\/www.amotravel.com\\\/it\\\/amo-travel-pioneer-photo-tour-vietnam-201608192708\\\/\",\"name\":\"La giornata mondiale della fotografia e il pioniere di foto tour in Vietnam - Amo Travel Italiano\",\"isPartOf\":{\"@id\":\"https:\\\/\\\/www.amotravel.com\\\/it\\\/#website\"},\"primaryImageOfPage\":{\"@id\":\"https:\\\/\\\/www.amotravel.com\\\/it\\\/amo-travel-pioneer-photo-tour-vietnam-201608192708\\\/#primaryimage\"},\"image\":{\"@id\":\"https:\\\/\\\/www.amotravel.com\\\/it\\\/amo-travel-pioneer-photo-tour-vietnam-201608192708\\\/#primaryimage\"},\"thumbnailUrl\":\"https:\\\/\\\/www.amotravel.com\\\/it\\\/wp-content\\\/uploads\\\/2020\\\/04\\\/photo-shoot-at-hmong-village-phong-tho-lai-chau-1atv.jpg\",\"datePublished\":\"2020-05-05T07:35:52+00:00\",\"dateModified\":\"2020-07-27T07:52:01+00:00\",\"author\":{\"@id\":\"https:\\\/\\\/www.amotravel.com\\\/it\\\/#\\\/schema\\\/person\\\/e4a4e0b7937afc125651190b8419bf4a\"},\"description\":\"Comprendo questi valori reali, AmoTravel noi siamo orgogliosi di essere il pioniere del viaggio fotografico in Vietnam.\",\"breadcrumb\":{\"@id\":\"https:\\\/\\\/www.amotravel.com\\\/it\\\/amo-travel-pioneer-photo-tour-vietnam-201608192708\\\/#breadcrumb\"},\"inLanguage\":\"vi\",\"potentialAction\":[{\"@type\":\"ReadAction\",\"target\":[\"https:\\\/\\\/www.amotravel.com\\\/it\\\/amo-travel-pioneer-photo-tour-vietnam-201608192708\\\/\"]}]},{\"@type\":\"ImageObject\",\"inLanguage\":\"vi\",\"@id\":\"https:\\\/\\\/www.amotravel.com\\\/it\\\/amo-travel-pioneer-photo-tour-vietnam-201608192708\\\/#primaryimage\",\"url\":\"https:\\\/\\\/www.amotravel.com\\\/it\\\/wp-content\\\/uploads\\\/2020\\\/04\\\/photo-shoot-at-hmong-village-phong-tho-lai-chau-1atv.jpg\",\"contentUrl\":\"https:\\\/\\\/www.amotravel.com\\\/it\\\/wp-content\\\/uploads\\\/2020\\\/04\\\/photo-shoot-at-hmong-village-phong-tho-lai-chau-1atv.jpg\",\"width\":\"870\",\"height\":\"550\"},{\"@type\":\"BreadcrumbList\",\"@id\":\"https:\\\/\\\/www.amotravel.com\\\/it\\\/amo-travel-pioneer-photo-tour-vietnam-201608192708\\\/#breadcrumb\",\"itemListElement\":[{\"@type\":\"ListItem\",\"position\":1,\"name\":\"Home\",\"item\":\"https:\\\/\\\/www.amotravel.com\\\/it\\\/\"},{\"@type\":\"ListItem\",\"position\":2,\"name\":\"La giornata mondiale della fotografia e il pioniere di foto tour in Vietnam\"}]},{\"@type\":\"WebSite\",\"@id\":\"https:\\\/\\\/www.amotravel.com\\\/it\\\/#website\",\"url\":\"https:\\\/\\\/www.amotravel.com\\\/it\\\/\",\"name\":\"Amo Travel Italiano\",\"description\":\"\",\"potentialAction\":[{\"@type\":\"SearchAction\",\"target\":{\"@type\":\"EntryPoint\",\"urlTemplate\":\"https:\\\/\\\/www.amotravel.com\\\/it\\\/?s={search_term_string}\"},\"query-input\":{\"@type\":\"PropertyValueSpecification\",\"valueRequired\":true,\"valueName\":\"search_term_string\"}}],\"inLanguage\":\"vi\"},{\"@type\":\"Person\",\"@id\":\"https:\\\/\\\/www.amotravel.com\\\/it\\\/#\\\/schema\\\/person\\\/e4a4e0b7937afc125651190b8419bf4a\",\"name\":\"Th\u1ee7y\",\"image\":{\"@type\":\"ImageObject\",\"inLanguage\":\"vi\",\"@id\":\"https:\\\/\\\/www.amotravel.com\\\/it\\\/wp-content\\\/litespeed\\\/avatar\\\/d5df0229dc204f85f13b9304135ddd14.jpg?ver=1777536547\",\"url\":\"https:\\\/\\\/www.amotravel.com\\\/it\\\/wp-content\\\/litespeed\\\/avatar\\\/d5df0229dc204f85f13b9304135ddd14.jpg?ver=1777536547\",\"contentUrl\":\"https:\\\/\\\/www.amotravel.com\\\/it\\\/wp-content\\\/litespeed\\\/avatar\\\/d5df0229dc204f85f13b9304135ddd14.jpg?ver=1777536547\",\"caption\":\"Th\u1ee7y\"},\"url\":\"https:\\\/\\\/www.amotravel.com\\\/it\\\/author\\\/thuyamo\\\/\"}]}<\/script>\n<!-- \/ Yoast SEO plugin. -->","yoast_head_json":{"title":"La giornata mondiale della fotografia e il pioniere di foto tour in Vietnam - Amo Travel Italiano","description":"Comprendo questi valori reali, AmoTravel noi siamo orgogliosi di essere il pioniere del viaggio fotografico in Vietnam.","robots":{"index":"index","follow":"follow","max-snippet":"max-snippet:-1","max-image-preview":"max-image-preview:large","max-video-preview":"max-video-preview:-1"},"canonical":"https:\/\/www.amotravel.com\/it\/amo-travel-pioneer-photo-tour-vietnam-201608192708\/","og_locale":"vi_VN","og_type":"article","og_title":"La giornata mondiale della fotografia e il pioniere di foto tour in Vietnam - Amo Travel Italiano","og_description":"Comprendo questi valori reali, AmoTravel noi siamo orgogliosi di essere il pioniere del viaggio fotografico in Vietnam.","og_url":"https:\/\/www.amotravel.com\/it\/amo-travel-pioneer-photo-tour-vietnam-201608192708\/","og_site_name":"Amo Travel Italiano","article_publisher":"https:\/\/www.facebook.com\/AmoTravelItaliano","article_published_time":"2020-05-05T07:35:52+00:00","article_modified_time":"2020-07-27T07:52:01+00:00","og_image":[{"width":870,"height":550,"url":"https:\/\/www.amotravel.com\/it\/wp-content\/uploads\/2020\/04\/photo-shoot-at-hmong-village-phong-tho-lai-chau-1atv.jpg","type":"image\/jpeg"}],"author":"Th\u1ee7y","twitter_card":"summary_large_image","twitter_misc":{"\u0110\u01b0\u1ee3c vi\u1ebft b\u1edfi":"Th\u1ee7y","\u01af\u1edbc t\u00ednh th\u1eddi gian \u0111\u1ecdc":"2 ph\u00fat"},"schema":{"@context":"https:\/\/schema.org","@graph":[{"@type":"Article","@id":"https:\/\/www.amotravel.com\/it\/amo-travel-pioneer-photo-tour-vietnam-201608192708\/#article","isPartOf":{"@id":"https:\/\/www.amotravel.com\/it\/amo-travel-pioneer-photo-tour-vietnam-201608192708\/"},"author":{"name":"Th\u1ee7y","@id":"https:\/\/www.amotravel.com\/it\/#\/schema\/person\/e4a4e0b7937afc125651190b8419bf4a"},"headline":"La giornata mondiale della fotografia e il pioniere di foto tour in Vietnam","datePublished":"2020-05-05T07:35:52+00:00","dateModified":"2020-07-27T07:52:01+00:00","mainEntityOfPage":{"@id":"https:\/\/www.amotravel.com\/it\/amo-travel-pioneer-photo-tour-vietnam-201608192708\/"},"wordCount":415,"commentCount":0,"image":{"@id":"https:\/\/www.amotravel.com\/it\/amo-travel-pioneer-photo-tour-vietnam-201608192708\/#primaryimage"},"thumbnailUrl":"https:\/\/www.amotravel.com\/it\/wp-content\/uploads\/2020\/04\/photo-shoot-at-hmong-village-phong-tho-lai-chau-1atv.jpg","keywords":["viaggio fotografico Vietnam"],"articleSection":["Il Mio Vietnam","Viaggio Fotografico Vietnam"],"inLanguage":"vi","potentialAction":[{"@type":"CommentAction","name":"Comment","target":["https:\/\/www.amotravel.com\/it\/amo-travel-pioneer-photo-tour-vietnam-201608192708\/#respond"]}]},{"@type":"WebPage","@id":"https:\/\/www.amotravel.com\/it\/amo-travel-pioneer-photo-tour-vietnam-201608192708\/","url":"https:\/\/www.amotravel.com\/it\/amo-travel-pioneer-photo-tour-vietnam-201608192708\/","name":"La giornata mondiale della fotografia e il pioniere di foto tour in Vietnam - Amo Travel Italiano","isPartOf":{"@id":"https:\/\/www.amotravel.com\/it\/#website"},"primaryImageOfPage":{"@id":"https:\/\/www.amotravel.com\/it\/amo-travel-pioneer-photo-tour-vietnam-201608192708\/#primaryimage"},"image":{"@id":"https:\/\/www.amotravel.com\/it\/amo-travel-pioneer-photo-tour-vietnam-201608192708\/#primaryimage"},"thumbnailUrl":"https:\/\/www.amotravel.com\/it\/wp-content\/uploads\/2020\/04\/photo-shoot-at-hmong-village-phong-tho-lai-chau-1atv.jpg","datePublished":"2020-05-05T07:35:52+00:00","dateModified":"2020-07-27T07:52:01+00:00","author":{"@id":"https:\/\/www.amotravel.com\/it\/#\/schema\/person\/e4a4e0b7937afc125651190b8419bf4a"},"description":"Comprendo questi valori reali, AmoTravel noi siamo orgogliosi di essere il pioniere del viaggio fotografico in Vietnam.","breadcrumb":{"@id":"https:\/\/www.amotravel.com\/it\/amo-travel-pioneer-photo-tour-vietnam-201608192708\/#breadcrumb"},"inLanguage":"vi","potentialAction":[{"@type":"ReadAction","target":["https:\/\/www.amotravel.com\/it\/amo-travel-pioneer-photo-tour-vietnam-201608192708\/"]}]},{"@type":"ImageObject","inLanguage":"vi","@id":"https:\/\/www.amotravel.com\/it\/amo-travel-pioneer-photo-tour-vietnam-201608192708\/#primaryimage","url":"https:\/\/www.amotravel.com\/it\/wp-content\/uploads\/2020\/04\/photo-shoot-at-hmong-village-phong-tho-lai-chau-1atv.jpg","contentUrl":"https:\/\/www.amotravel.com\/it\/wp-content\/uploads\/2020\/04\/photo-shoot-at-hmong-village-phong-tho-lai-chau-1atv.jpg","width":"870","height":"550"},{"@type":"BreadcrumbList","@id":"https:\/\/www.amotravel.com\/it\/amo-travel-pioneer-photo-tour-vietnam-201608192708\/#breadcrumb","itemListElement":[{"@type":"ListItem","position":1,"name":"Home","item":"https:\/\/www.amotravel.com\/it\/"},{"@type":"ListItem","position":2,"name":"La giornata mondiale della fotografia e il pioniere di foto tour in Vietnam"}]},{"@type":"WebSite","@id":"https:\/\/www.amotravel.com\/it\/#website","url":"https:\/\/www.amotravel.com\/it\/","name":"Amo Travel Italiano","description":"","potentialAction":[{"@type":"SearchAction","target":{"@type":"EntryPoint","urlTemplate":"https:\/\/www.amotravel.com\/it\/?s={search_term_string}"},"query-input":{"@type":"PropertyValueSpecification","valueRequired":true,"valueName":"search_term_string"}}],"inLanguage":"vi"},{"@type":"Person","@id":"https:\/\/www.amotravel.com\/it\/#\/schema\/person\/e4a4e0b7937afc125651190b8419bf4a","name":"Th\u1ee7y","image":{"@type":"ImageObject","inLanguage":"vi","@id":"https:\/\/www.amotravel.com\/it\/wp-content\/litespeed\/avatar\/d5df0229dc204f85f13b9304135ddd14.jpg?ver=1777536547","url":"https:\/\/www.amotravel.com\/it\/wp-content\/litespeed\/avatar\/d5df0229dc204f85f13b9304135ddd14.jpg?ver=1777536547","contentUrl":"https:\/\/www.amotravel.com\/it\/wp-content\/litespeed\/avatar\/d5df0229dc204f85f13b9304135ddd14.jpg?ver=1777536547","caption":"Th\u1ee7y"},"url":"https:\/\/www.amotravel.com\/it\/author\/thuyamo\/"}]}},"_links":{"self":[{"href":"https:\/\/www.amotravel.com\/it\/wp-json\/wp\/v2\/posts\/8574","targetHints":{"allow":["GET"]}}],"collection":[{"href":"https:\/\/www.amotravel.com\/it\/wp-json\/wp\/v2\/posts"}],"about":[{"href":"https:\/\/www.amotravel.com\/it\/wp-json\/wp\/v2\/types\/post"}],"author":[{"embeddable":true,"href":"https:\/\/www.amotravel.com\/it\/wp-json\/wp\/v2\/users\/15"}],"replies":[{"embeddable":true,"href":"https:\/\/www.amotravel.com\/it\/wp-json\/wp\/v2\/comments?post=8574"}],"version-history":[{"count":0,"href":"https:\/\/www.amotravel.com\/it\/wp-json\/wp\/v2\/posts\/8574\/revisions"}],"wp:featuredmedia":[{"embeddable":true,"href":"https:\/\/www.amotravel.com\/it\/wp-json\/wp\/v2\/media\/7770"}],"wp:attachment":[{"href":"https:\/\/www.amotravel.com\/it\/wp-json\/wp\/v2\/media?parent=8574"}],"wp:term":[{"taxonomy":"category","embeddable":true,"href":"https:\/\/www.amotravel.com\/it\/wp-json\/wp\/v2\/categories?post=8574"},{"taxonomy":"post_tag","embeddable":true,"href":"https:\/\/www.amotravel.com\/it\/wp-json\/wp\/v2\/tags?post=8574"}],"curies":[{"name":"wp","href":"https:\/\/api.w.org\/{rel}","templated":true}]}}