{"id":8290,"date":"2020-04-27T04:14:36","date_gmt":"2020-04-27T04:14:36","guid":{"rendered":"https:\/\/www.amotravel.it\/?p=8290"},"modified":"2020-05-25T04:01:28","modified_gmt":"2020-05-25T04:01:28","slug":"la-festa-dell-indipendenza-vietnam-201908244554","status":"publish","type":"post","link":"https:\/\/www.amotravel.com\/it\/la-festa-dell-indipendenza-vietnam-201908244554\/","title":{"rendered":"Vietnam \u2013 orgoglio per la festa dell\u2019Indipendenza del 2 settembre"},"content":{"rendered":"<p>Ogni paese ha la propria importante giornata in cui tutti i cittadini condividono un orgoglio nazionale. Se gli italiani celebrano ogni anno la sua festa dell\u2019Indipendenza il 2 Giugno, anche i vietnamiti festeggiano\u00a0<em><strong>\u201cil compleanno\u201d<\/strong><\/em>\u00a0del loro paese con molte attivit\u00e0 interessanti. Nell\u2019articolo vi dar\u00f2 delle informazioni essenziali per quanto riguarda\u00a0<em><strong>la giornata dell\u2019Indipendenza<\/strong>\u00a0<\/em>del Vietnam!<\/p>\n<p><span id=\"Che_giorno_accade_la_festa_dell%E2%80%99Indipendenza_del_Vietnam?\" class=\"ez-toc-section\"><\/span><span style=\"font-size: 24pt;\"><strong>Che giorno accade la festa dell\u2019Indipendenza del Vietnam?<\/strong><\/span><\/p>\n<p>Nel 1884, il Vietnam ha diventato \u201cufficialmente\u201d una colonia francese. Durante la seconda guerra mondiale, il Vietnam ha subito anche l\u2019occupazione del Giappone. Vietnamiti con la patriottismo hanno combattuto coraggiosamente per 61 anni per la libert\u00e0 del Paese.<\/p>\n<p>Dopo la guerra, il 2 settembre del 1945, in seguito alla \u201cRivoluzione d\u2019agosto\u201d nella piazza di Ba Dinh (Hanoi), il Presidente Ho Chi Minh\u00a0<strong>ha dichiarato l\u2019indipendenza<\/strong>\u00a0del Vietnam e ha dato la luce alla Repubblica Democratica del Vietnam (Vietnam del Nord). \u00c8 questo un evento molto importante e significativo che ha segnato<strong>\u00a0l\u2019inizio di un nuovo capitolo nella storia vietnamita<\/strong>.<\/p>\n<p><img decoding=\"async\" class=\"wp-image-9855 size-full aligncenter\" src=\"https:\/\/www.amotravel.com\/it\/wp-content\/uploads\/2020\/05\/11-768x573.jpg\" alt=\"\" width=\"768\" height=\"573\" srcset=\"https:\/\/www.amotravel.com\/it\/wp-content\/uploads\/2020\/05\/11-768x573.jpg 768w, https:\/\/www.amotravel.com\/it\/wp-content\/uploads\/2020\/05\/11-768x573-300x224.jpg 300w, https:\/\/www.amotravel.com\/it\/wp-content\/uploads\/2020\/05\/11-768x573-700x522.jpg 700w, https:\/\/www.amotravel.com\/it\/wp-content\/uploads\/2020\/05\/11-768x573-320x240.jpg 320w\" sizes=\"(max-width: 768px) 100vw, 768px\" \/><\/p>\n<div id=\"ez-toc-container\" class=\"ez-toc-v2_0_9 counter-hierarchy counter-decimal ez-toc-grey\">\n<div class=\"ez-toc-title-container\">\u00a0<\/div>\n<\/div>\n<div id=\"attachment_4559\" class=\"wp-caption aligncenter\">\n<p id=\"caption-attachment-4559\" class=\"wp-caption-text\">Il presidente Ho Chi Minh dichiara l\u2019indipendenza del Vietnam (Foto: TTXVN)<\/p>\n<\/div>\n<p><em>\u201cIl Vietnam ha diritto di godere della libert\u00e0 e dell\u2019indipendenza e ha diventato un paese realmente libero ed indipendente.\u00a0<\/em><em>I cittadini vietnamiti sono determinati a mobilizzare la propria intera forza fisica e intellettuale, e a sacrificare le proprie propriet\u00e0 e le proprie vite, allo scopo di salvaguardare la libert\u00e0 e indipendenza\u201d\u00a0<\/em><\/p>\n<p><em>(Proclamazione di indipendenza della Repubblica Democratica del Vietnam)<\/em><\/p>\n<p>Nel 1976, le due parte del Vietnam \u00e8 state finalmente unite in un solo Stato, la Repubblica socialista del Vietnam, ma<em><strong>\u00a0il 2 settembre<\/strong><\/em>\u00a0rimane sempre la data chiave nella strada verso l\u2019indipendenza del Vietnam.<\/p>\n<p>Da quel momento in poi,\u00a0<em><strong>il 2 settembre<\/strong><\/em>\u00a0di ogni anno, i vietnamiti celebrano questa occasione significativa.<\/p>\n<h1><span id=\"Come_si_celebrano_la_festa_dell%E2%80%99Indipendenza?\" class=\"ez-toc-section\"><\/span><strong>Come si celebrano la festa dell\u2019Indipendenza?<\/strong><\/h1>\n<p>Se vi capita di essere in Vietnam in questa giornata molto significativa, avete la possibilit\u00e0 di ammirare un Vietnam molto orgoglioso e di molti colori. Perch\u00e9 i vietnamiti tutti hanno lo stesso sentimento, quello di eccitazione.<\/p>\n<p>Ci sono molte attivit\u00e0 ed eventi culturali organizzati per celebrare questo giorno. La prima cosa che puoi vedere facilmente \u00e8 che\u00a0<strong>le bandiere nazionali<\/strong>\u00a0sono presenti ovunque. La gente lo mette sulle strade principali, sul tetto delle loro case, in cima alla maggior parte degli edifici e colorando l\u2019intera citt\u00e0 in rosso e giallo.<\/p>\n<p>Assistere a<strong>\u00a0una grande parata<\/strong>\u00a0nella piazza Ba Dinh di fronte al Mausoleo di Ho Chi Minh \u00e8 anche imperdibile! Migliaia di soldati, miliziani e civili hanno partecipato a queste parate ogni anno.<\/p>\n<p>Entrambe le 2 pi\u00f9 grandi citt\u00e0 del Vietnam, Hanoi e la citt\u00e0 di Ho Chi Minh, festeggiano con\u00a0<strong>uno spettacolo pirotecnico vibrantissimo<\/strong>\u00a0in questo giorno!<\/p>\n<p><img decoding=\"async\" class=\"aligncenter wp-image-9856 size-full\" src=\"https:\/\/www.amotravel.com\/it\/wp-content\/uploads\/2020\/05\/Spettacolo-pirotecnico-tinmoi.vn_-768x508.jpg\" alt=\"\" width=\"768\" height=\"508\" srcset=\"https:\/\/www.amotravel.com\/it\/wp-content\/uploads\/2020\/05\/Spettacolo-pirotecnico-tinmoi.vn_-768x508.jpg 768w, https:\/\/www.amotravel.com\/it\/wp-content\/uploads\/2020\/05\/Spettacolo-pirotecnico-tinmoi.vn_-768x508-300x198.jpg 300w, https:\/\/www.amotravel.com\/it\/wp-content\/uploads\/2020\/05\/Spettacolo-pirotecnico-tinmoi.vn_-768x508-700x463.jpg 700w, https:\/\/www.amotravel.com\/it\/wp-content\/uploads\/2020\/05\/Spettacolo-pirotecnico-tinmoi.vn_-768x508-150x100.jpg 150w, https:\/\/www.amotravel.com\/it\/wp-content\/uploads\/2020\/05\/Spettacolo-pirotecnico-tinmoi.vn_-768x508-200x133.jpg 200w, https:\/\/www.amotravel.com\/it\/wp-content\/uploads\/2020\/05\/Spettacolo-pirotecnico-tinmoi.vn_-768x508-250x166.jpg 250w\" sizes=\"(max-width: 768px) 100vw, 768px\" \/><\/p>\n<div id=\"attachment_4556\" class=\"wp-caption aligncenter\">\n<p id=\"caption-attachment-4556\" class=\"wp-caption-text\">Lo spettacolo pirotecnico alle grandi citt\u00e0 (Foto: tinmoi.vn)<\/p>\n<\/div>\n<p><em><strong>La Giornata dell\u2019Indipendenza vietnamita<\/strong><\/em>\u00a0\u00e8 anche un momento in cui si rilassano e si riuniscono. I vietnamiti hanno spesso una breve vacanza (di 2 o 3 giorni) in questa occasione, quindi alcuni spendono questi giorni visitando una spiaggia (la Baia di Halong, Nha Trang, Da Nang, ecc) o un sito storico. Questo periodo caratterizzata dal tempo fresco dell\u2019autunno, quindi \u00e8 adatto per le brevi vacanze. Altre persone scelgono di riunirsi per mangiare con la famiglia e gli amici rivedendo i ricordi del passato.<\/p>\n<h1><span id=\"Esperienze_personali\" class=\"ez-toc-section\"><\/span><strong>Esperienze personali<\/strong><\/h1>\n<p>La festa dell\u2019indipendenza vietnamita \u00e8 una celebrazione nazionale, si escono a mangiare e a divertire, perci\u00f2, i ristoranti, i parchi e anche i centri commerciali potrebbero essere sovraffollate! Questo \u00e8 uno dei motivi principali per cui molti beni e servizi aumenteranno rispetto al loro prezzo reale. Quindi, se viaggiate in Vietnam in questo momento, dovreste prenotare i servizio e esplorare a fondo i loro prezzi.<\/p>\n<h1><span id=\"L%E2%80%99emozione_del_vietnamita\" class=\"ez-toc-section\"><\/span><strong>L\u2019emozione del vietnamita<\/strong><\/h1>\n<p>Sono una vietnamita vera! Non c\u2019\u00e8 dubbio, sono davvero orgogliosa della storia del mio paese, in particolare durante la festa dell\u2019indipendenza nazionale vietnamita. Amo la bandiera nazionale del mio paese con una vivace stella rossa e gialla brillante che \u00e8 stato tinto con il sangue di migliaia di vietnamiti patriottici! Vorrei sempre trascorrere questa fantastica giornata con la mia famiglia e i miei amici vietnamiti! Amo Vietn<\/p>\n<p>Scoprite\u00a0<a href=\"https:\/\/www.amotravel.com\/it\/\">i itinerari pi\u00f9 sorprendenti in Vietnam<\/a>\u00a0con noi!<\/p>\n","protected":false},"excerpt":{"rendered":"<p>Ogni paese ha la propria importante giornata in cui tutti i cittadini condividono un orgoglio nazionale. Se gli italiani celebrano ogni anno la sua festa dell\u2019Indipendenza il 2 Giugno, anche i vietnamiti festeggiano\u00a0\u201cil compleanno\u201d\u00a0del loro paese con molte attivit\u00e0 interessanti. Nell\u2019articolo vi dar\u00f2 delle informazioni essenziali per quanto riguarda\u00a0la giornata dell\u2019Indipendenza\u00a0del Vietnam! Che giorno accade [&hellip;]<\/p>\n","protected":false},"author":15,"featured_media":6546,"comment_status":"open","ping_status":"open","sticky":false,"template":"","format":"standard","meta":{"footnotes":""},"categories":[419,1,431],"tags":[685,686,322],"class_list":["post-8290","post","type-post","status-publish","format-standard","has-post-thumbnail","hentry","category-cultura-vietnam","category-notizia-locale","category-storia-di-vietnam","tag-festa-dellindipendenza","tag-storia-vietnam","tag-vietnam"],"acf":[],"yoast_head":"<!-- This site is optimized with the Yoast SEO plugin v27.5 - https:\/\/yoast.com\/product\/yoast-seo-wordpress\/ -->\n<title>Vietnam e L&#039;orgoglio di festa dell&#039;Indipendenza<\/title>\n<meta name=\"description\" content=\"La Festa dell&#039;Indipendenza del Vietnam? In che giorno si festeggia? Che cosa si fa per celebrare questa giornata importante?\" \/>\n<meta name=\"robots\" content=\"index, follow, max-snippet:-1, max-image-preview:large, max-video-preview:-1\" \/>\n<link rel=\"canonical\" href=\"https:\/\/www.amotravel.com\/it\/la-festa-dell-indipendenza-vietnam-201908244554\/\" \/>\n<meta property=\"og:locale\" content=\"vi_VN\" \/>\n<meta property=\"og:type\" content=\"article\" \/>\n<meta property=\"og:title\" content=\"Vietnam e L&#039;orgoglio di festa dell&#039;Indipendenza\" \/>\n<meta property=\"og:description\" content=\"La Festa dell&#039;Indipendenza del Vietnam? In che giorno si festeggia? Che cosa si fa per celebrare questa giornata importante?\" \/>\n<meta property=\"og:url\" content=\"https:\/\/www.amotravel.com\/it\/la-festa-dell-indipendenza-vietnam-201908244554\/\" \/>\n<meta property=\"og:site_name\" content=\"Amo Travel Italiano\" \/>\n<meta property=\"article:publisher\" content=\"https:\/\/www.facebook.com\/AmoTravelItaliano\" \/>\n<meta property=\"article:published_time\" content=\"2020-04-27T04:14:36+00:00\" \/>\n<meta property=\"article:modified_time\" content=\"2020-05-25T04:01:28+00:00\" \/>\n<meta property=\"og:image\" content=\"https:\/\/www.amotravel.com\/it\/wp-content\/uploads\/2020\/04\/vietnam-independence-day-1.jpg\" \/>\n\t<meta property=\"og:image:width\" content=\"870\" \/>\n\t<meta property=\"og:image:height\" content=\"550\" \/>\n\t<meta property=\"og:image:type\" content=\"image\/jpeg\" \/>\n<meta name=\"author\" content=\"Th\u1ee7y\" \/>\n<meta name=\"twitter:card\" content=\"summary_large_image\" \/>\n<meta name=\"twitter:label1\" content=\"\u0110\u01b0\u1ee3c vi\u1ebft b\u1edfi\" \/>\n\t<meta name=\"twitter:data1\" content=\"Th\u1ee7y\" \/>\n\t<meta name=\"twitter:label2\" content=\"\u01af\u1edbc t\u00ednh th\u1eddi gian \u0111\u1ecdc\" \/>\n\t<meta name=\"twitter:data2\" content=\"3 ph\u00fat\" \/>\n<script type=\"application\/ld+json\" class=\"yoast-schema-graph\">{\"@context\":\"https:\\\/\\\/schema.org\",\"@graph\":[{\"@type\":\"Article\",\"@id\":\"https:\\\/\\\/www.amotravel.com\\\/it\\\/la-festa-dell-indipendenza-vietnam-201908244554\\\/#article\",\"isPartOf\":{\"@id\":\"https:\\\/\\\/www.amotravel.com\\\/it\\\/la-festa-dell-indipendenza-vietnam-201908244554\\\/\"},\"author\":{\"name\":\"Th\u1ee7y\",\"@id\":\"https:\\\/\\\/www.amotravel.com\\\/it\\\/#\\\/schema\\\/person\\\/e4a4e0b7937afc125651190b8419bf4a\"},\"headline\":\"Vietnam \u2013 orgoglio per la festa dell\u2019Indipendenza del 2 settembre\",\"datePublished\":\"2020-04-27T04:14:36+00:00\",\"dateModified\":\"2020-05-25T04:01:28+00:00\",\"mainEntityOfPage\":{\"@id\":\"https:\\\/\\\/www.amotravel.com\\\/it\\\/la-festa-dell-indipendenza-vietnam-201908244554\\\/\"},\"wordCount\":684,\"commentCount\":0,\"image\":{\"@id\":\"https:\\\/\\\/www.amotravel.com\\\/it\\\/la-festa-dell-indipendenza-vietnam-201908244554\\\/#primaryimage\"},\"thumbnailUrl\":\"https:\\\/\\\/www.amotravel.com\\\/it\\\/wp-content\\\/uploads\\\/2020\\\/04\\\/vietnam-independence-day-1.jpg\",\"keywords\":[\"festa dell\u2019indipendenza\",\"storia vietnam\",\"vietnam\"],\"articleSection\":[\"Cultura Vietnam\",\"Notizia Locale\",\"Storia di Vietnam\"],\"inLanguage\":\"vi\",\"potentialAction\":[{\"@type\":\"CommentAction\",\"name\":\"Comment\",\"target\":[\"https:\\\/\\\/www.amotravel.com\\\/it\\\/la-festa-dell-indipendenza-vietnam-201908244554\\\/#respond\"]}]},{\"@type\":\"WebPage\",\"@id\":\"https:\\\/\\\/www.amotravel.com\\\/it\\\/la-festa-dell-indipendenza-vietnam-201908244554\\\/\",\"url\":\"https:\\\/\\\/www.amotravel.com\\\/it\\\/la-festa-dell-indipendenza-vietnam-201908244554\\\/\",\"name\":\"Vietnam e L'orgoglio di festa dell'Indipendenza\",\"isPartOf\":{\"@id\":\"https:\\\/\\\/www.amotravel.com\\\/it\\\/#website\"},\"primaryImageOfPage\":{\"@id\":\"https:\\\/\\\/www.amotravel.com\\\/it\\\/la-festa-dell-indipendenza-vietnam-201908244554\\\/#primaryimage\"},\"image\":{\"@id\":\"https:\\\/\\\/www.amotravel.com\\\/it\\\/la-festa-dell-indipendenza-vietnam-201908244554\\\/#primaryimage\"},\"thumbnailUrl\":\"https:\\\/\\\/www.amotravel.com\\\/it\\\/wp-content\\\/uploads\\\/2020\\\/04\\\/vietnam-independence-day-1.jpg\",\"datePublished\":\"2020-04-27T04:14:36+00:00\",\"dateModified\":\"2020-05-25T04:01:28+00:00\",\"author\":{\"@id\":\"https:\\\/\\\/www.amotravel.com\\\/it\\\/#\\\/schema\\\/person\\\/e4a4e0b7937afc125651190b8419bf4a\"},\"description\":\"La Festa dell'Indipendenza del Vietnam? In che giorno si festeggia? Che cosa si fa per celebrare questa giornata importante?\",\"breadcrumb\":{\"@id\":\"https:\\\/\\\/www.amotravel.com\\\/it\\\/la-festa-dell-indipendenza-vietnam-201908244554\\\/#breadcrumb\"},\"inLanguage\":\"vi\",\"potentialAction\":[{\"@type\":\"ReadAction\",\"target\":[\"https:\\\/\\\/www.amotravel.com\\\/it\\\/la-festa-dell-indipendenza-vietnam-201908244554\\\/\"]}]},{\"@type\":\"ImageObject\",\"inLanguage\":\"vi\",\"@id\":\"https:\\\/\\\/www.amotravel.com\\\/it\\\/la-festa-dell-indipendenza-vietnam-201908244554\\\/#primaryimage\",\"url\":\"https:\\\/\\\/www.amotravel.com\\\/it\\\/wp-content\\\/uploads\\\/2020\\\/04\\\/vietnam-independence-day-1.jpg\",\"contentUrl\":\"https:\\\/\\\/www.amotravel.com\\\/it\\\/wp-content\\\/uploads\\\/2020\\\/04\\\/vietnam-independence-day-1.jpg\",\"width\":870,\"height\":550},{\"@type\":\"BreadcrumbList\",\"@id\":\"https:\\\/\\\/www.amotravel.com\\\/it\\\/la-festa-dell-indipendenza-vietnam-201908244554\\\/#breadcrumb\",\"itemListElement\":[{\"@type\":\"ListItem\",\"position\":1,\"name\":\"Home\",\"item\":\"https:\\\/\\\/www.amotravel.com\\\/it\\\/\"},{\"@type\":\"ListItem\",\"position\":2,\"name\":\"Vietnam \u2013 orgoglio per la festa dell\u2019Indipendenza del 2 settembre\"}]},{\"@type\":\"WebSite\",\"@id\":\"https:\\\/\\\/www.amotravel.com\\\/it\\\/#website\",\"url\":\"https:\\\/\\\/www.amotravel.com\\\/it\\\/\",\"name\":\"Amo Travel Italiano\",\"description\":\"\",\"potentialAction\":[{\"@type\":\"SearchAction\",\"target\":{\"@type\":\"EntryPoint\",\"urlTemplate\":\"https:\\\/\\\/www.amotravel.com\\\/it\\\/?s={search_term_string}\"},\"query-input\":{\"@type\":\"PropertyValueSpecification\",\"valueRequired\":true,\"valueName\":\"search_term_string\"}}],\"inLanguage\":\"vi\"},{\"@type\":\"Person\",\"@id\":\"https:\\\/\\\/www.amotravel.com\\\/it\\\/#\\\/schema\\\/person\\\/e4a4e0b7937afc125651190b8419bf4a\",\"name\":\"Th\u1ee7y\",\"image\":{\"@type\":\"ImageObject\",\"inLanguage\":\"vi\",\"@id\":\"https:\\\/\\\/www.amotravel.com\\\/it\\\/wp-content\\\/litespeed\\\/avatar\\\/d5df0229dc204f85f13b9304135ddd14.jpg?ver=1777536547\",\"url\":\"https:\\\/\\\/www.amotravel.com\\\/it\\\/wp-content\\\/litespeed\\\/avatar\\\/d5df0229dc204f85f13b9304135ddd14.jpg?ver=1777536547\",\"contentUrl\":\"https:\\\/\\\/www.amotravel.com\\\/it\\\/wp-content\\\/litespeed\\\/avatar\\\/d5df0229dc204f85f13b9304135ddd14.jpg?ver=1777536547\",\"caption\":\"Th\u1ee7y\"},\"url\":\"https:\\\/\\\/www.amotravel.com\\\/it\\\/author\\\/thuyamo\\\/\"}]}<\/script>\n<!-- \/ Yoast SEO plugin. -->","yoast_head_json":{"title":"Vietnam e L'orgoglio di festa dell'Indipendenza","description":"La Festa dell'Indipendenza del Vietnam? In che giorno si festeggia? Che cosa si fa per celebrare questa giornata importante?","robots":{"index":"index","follow":"follow","max-snippet":"max-snippet:-1","max-image-preview":"max-image-preview:large","max-video-preview":"max-video-preview:-1"},"canonical":"https:\/\/www.amotravel.com\/it\/la-festa-dell-indipendenza-vietnam-201908244554\/","og_locale":"vi_VN","og_type":"article","og_title":"Vietnam e L'orgoglio di festa dell'Indipendenza","og_description":"La Festa dell'Indipendenza del Vietnam? In che giorno si festeggia? Che cosa si fa per celebrare questa giornata importante?","og_url":"https:\/\/www.amotravel.com\/it\/la-festa-dell-indipendenza-vietnam-201908244554\/","og_site_name":"Amo Travel Italiano","article_publisher":"https:\/\/www.facebook.com\/AmoTravelItaliano","article_published_time":"2020-04-27T04:14:36+00:00","article_modified_time":"2020-05-25T04:01:28+00:00","og_image":[{"width":870,"height":550,"url":"https:\/\/www.amotravel.com\/it\/wp-content\/uploads\/2020\/04\/vietnam-independence-day-1.jpg","type":"image\/jpeg"}],"author":"Th\u1ee7y","twitter_card":"summary_large_image","twitter_misc":{"\u0110\u01b0\u1ee3c vi\u1ebft b\u1edfi":"Th\u1ee7y","\u01af\u1edbc t\u00ednh th\u1eddi gian \u0111\u1ecdc":"3 ph\u00fat"},"schema":{"@context":"https:\/\/schema.org","@graph":[{"@type":"Article","@id":"https:\/\/www.amotravel.com\/it\/la-festa-dell-indipendenza-vietnam-201908244554\/#article","isPartOf":{"@id":"https:\/\/www.amotravel.com\/it\/la-festa-dell-indipendenza-vietnam-201908244554\/"},"author":{"name":"Th\u1ee7y","@id":"https:\/\/www.amotravel.com\/it\/#\/schema\/person\/e4a4e0b7937afc125651190b8419bf4a"},"headline":"Vietnam \u2013 orgoglio per la festa dell\u2019Indipendenza del 2 settembre","datePublished":"2020-04-27T04:14:36+00:00","dateModified":"2020-05-25T04:01:28+00:00","mainEntityOfPage":{"@id":"https:\/\/www.amotravel.com\/it\/la-festa-dell-indipendenza-vietnam-201908244554\/"},"wordCount":684,"commentCount":0,"image":{"@id":"https:\/\/www.amotravel.com\/it\/la-festa-dell-indipendenza-vietnam-201908244554\/#primaryimage"},"thumbnailUrl":"https:\/\/www.amotravel.com\/it\/wp-content\/uploads\/2020\/04\/vietnam-independence-day-1.jpg","keywords":["festa dell\u2019indipendenza","storia vietnam","vietnam"],"articleSection":["Cultura Vietnam","Notizia Locale","Storia di Vietnam"],"inLanguage":"vi","potentialAction":[{"@type":"CommentAction","name":"Comment","target":["https:\/\/www.amotravel.com\/it\/la-festa-dell-indipendenza-vietnam-201908244554\/#respond"]}]},{"@type":"WebPage","@id":"https:\/\/www.amotravel.com\/it\/la-festa-dell-indipendenza-vietnam-201908244554\/","url":"https:\/\/www.amotravel.com\/it\/la-festa-dell-indipendenza-vietnam-201908244554\/","name":"Vietnam e L'orgoglio di festa dell'Indipendenza","isPartOf":{"@id":"https:\/\/www.amotravel.com\/it\/#website"},"primaryImageOfPage":{"@id":"https:\/\/www.amotravel.com\/it\/la-festa-dell-indipendenza-vietnam-201908244554\/#primaryimage"},"image":{"@id":"https:\/\/www.amotravel.com\/it\/la-festa-dell-indipendenza-vietnam-201908244554\/#primaryimage"},"thumbnailUrl":"https:\/\/www.amotravel.com\/it\/wp-content\/uploads\/2020\/04\/vietnam-independence-day-1.jpg","datePublished":"2020-04-27T04:14:36+00:00","dateModified":"2020-05-25T04:01:28+00:00","author":{"@id":"https:\/\/www.amotravel.com\/it\/#\/schema\/person\/e4a4e0b7937afc125651190b8419bf4a"},"description":"La Festa dell'Indipendenza del Vietnam? In che giorno si festeggia? Che cosa si fa per celebrare questa giornata importante?","breadcrumb":{"@id":"https:\/\/www.amotravel.com\/it\/la-festa-dell-indipendenza-vietnam-201908244554\/#breadcrumb"},"inLanguage":"vi","potentialAction":[{"@type":"ReadAction","target":["https:\/\/www.amotravel.com\/it\/la-festa-dell-indipendenza-vietnam-201908244554\/"]}]},{"@type":"ImageObject","inLanguage":"vi","@id":"https:\/\/www.amotravel.com\/it\/la-festa-dell-indipendenza-vietnam-201908244554\/#primaryimage","url":"https:\/\/www.amotravel.com\/it\/wp-content\/uploads\/2020\/04\/vietnam-independence-day-1.jpg","contentUrl":"https:\/\/www.amotravel.com\/it\/wp-content\/uploads\/2020\/04\/vietnam-independence-day-1.jpg","width":870,"height":550},{"@type":"BreadcrumbList","@id":"https:\/\/www.amotravel.com\/it\/la-festa-dell-indipendenza-vietnam-201908244554\/#breadcrumb","itemListElement":[{"@type":"ListItem","position":1,"name":"Home","item":"https:\/\/www.amotravel.com\/it\/"},{"@type":"ListItem","position":2,"name":"Vietnam \u2013 orgoglio per la festa dell\u2019Indipendenza del 2 settembre"}]},{"@type":"WebSite","@id":"https:\/\/www.amotravel.com\/it\/#website","url":"https:\/\/www.amotravel.com\/it\/","name":"Amo Travel Italiano","description":"","potentialAction":[{"@type":"SearchAction","target":{"@type":"EntryPoint","urlTemplate":"https:\/\/www.amotravel.com\/it\/?s={search_term_string}"},"query-input":{"@type":"PropertyValueSpecification","valueRequired":true,"valueName":"search_term_string"}}],"inLanguage":"vi"},{"@type":"Person","@id":"https:\/\/www.amotravel.com\/it\/#\/schema\/person\/e4a4e0b7937afc125651190b8419bf4a","name":"Th\u1ee7y","image":{"@type":"ImageObject","inLanguage":"vi","@id":"https:\/\/www.amotravel.com\/it\/wp-content\/litespeed\/avatar\/d5df0229dc204f85f13b9304135ddd14.jpg?ver=1777536547","url":"https:\/\/www.amotravel.com\/it\/wp-content\/litespeed\/avatar\/d5df0229dc204f85f13b9304135ddd14.jpg?ver=1777536547","contentUrl":"https:\/\/www.amotravel.com\/it\/wp-content\/litespeed\/avatar\/d5df0229dc204f85f13b9304135ddd14.jpg?ver=1777536547","caption":"Th\u1ee7y"},"url":"https:\/\/www.amotravel.com\/it\/author\/thuyamo\/"}]}},"_links":{"self":[{"href":"https:\/\/www.amotravel.com\/it\/wp-json\/wp\/v2\/posts\/8290","targetHints":{"allow":["GET"]}}],"collection":[{"href":"https:\/\/www.amotravel.com\/it\/wp-json\/wp\/v2\/posts"}],"about":[{"href":"https:\/\/www.amotravel.com\/it\/wp-json\/wp\/v2\/types\/post"}],"author":[{"embeddable":true,"href":"https:\/\/www.amotravel.com\/it\/wp-json\/wp\/v2\/users\/15"}],"replies":[{"embeddable":true,"href":"https:\/\/www.amotravel.com\/it\/wp-json\/wp\/v2\/comments?post=8290"}],"version-history":[{"count":0,"href":"https:\/\/www.amotravel.com\/it\/wp-json\/wp\/v2\/posts\/8290\/revisions"}],"wp:featuredmedia":[{"embeddable":true,"href":"https:\/\/www.amotravel.com\/it\/wp-json\/wp\/v2\/media\/6546"}],"wp:attachment":[{"href":"https:\/\/www.amotravel.com\/it\/wp-json\/wp\/v2\/media?parent=8290"}],"wp:term":[{"taxonomy":"category","embeddable":true,"href":"https:\/\/www.amotravel.com\/it\/wp-json\/wp\/v2\/categories?post=8290"},{"taxonomy":"post_tag","embeddable":true,"href":"https:\/\/www.amotravel.com\/it\/wp-json\/wp\/v2\/tags?post=8290"}],"curies":[{"name":"wp","href":"https:\/\/api.w.org\/{rel}","templated":true}]}}