{"id":1655,"date":"2016-04-16T10:27:48","date_gmt":"2016-04-16T10:27:48","guid":{"rendered":"http:\/\/viaggi.dorola.net\/?p=1655"},"modified":"2020-08-21T02:16:50","modified_gmt":"2020-08-21T02:16:50","slug":"visitare-bagan-incantata-terra","status":"publish","type":"post","link":"https:\/\/www.amotravel.com\/it\/visitare-bagan-incantata-terra\/","title":{"rendered":"Visitare Bagan \u2013 incantata terra!"},"content":{"rendered":"<p>Viaggiare con la mongolfiera all&#8217;alba o al tramonto i visitatori possono vedere chiaramente le terre Bagan e immaginatevi volare su un tappeto come un sogno.<\/p>\n<p><figure id=\"attachment_10681\" aria-describedby=\"caption-attachment-10681\" style=\"width: 792px\" class=\"wp-caption aligncenter\"><img decoding=\"async\" class=\"wp-image-10681 size-full\" src=\"https:\/\/www.amotravel.com\/it\/wp-content\/uploads\/2020\/05\/bagan1.jpg\" alt=\"Bagan \u00e8 uno dei siti pi\u00f9 interessanti in Myanmar e in Sud-Est asiatico.\" width=\"792\" height=\"562\" srcset=\"https:\/\/www.amotravel.com\/it\/wp-content\/uploads\/2020\/05\/bagan1.jpg 792w, https:\/\/www.amotravel.com\/it\/wp-content\/uploads\/2020\/05\/bagan1-300x213.jpg 300w, https:\/\/www.amotravel.com\/it\/wp-content\/uploads\/2020\/05\/bagan1-700x497.jpg 700w\" sizes=\"(max-width: 792px) 100vw, 792px\" \/><figcaption id=\"caption-attachment-10681\" class=\"wp-caption-text\">Bagan \u00e8 uno dei siti pi\u00f9 interessanti in Myanmar e in Sud-Est asiatico.<\/figcaption><\/figure> <figure id=\"attachment_10682\" aria-describedby=\"caption-attachment-10682\" style=\"width: 793px\" class=\"wp-caption aligncenter\"><img decoding=\"async\" class=\"wp-image-10682 size-full\" src=\"https:\/\/www.amotravel.com\/it\/wp-content\/uploads\/2020\/05\/bagan2.jpg\" alt=\"In precedenza, questa zona \u00e8 chiamata &quot;Pagano&quot;, fu la capitale del regno omonimo, esiste dal 9 \u00b0 secolo al 13 \u00b0 secolo\" width=\"793\" height=\"562\" srcset=\"https:\/\/www.amotravel.com\/it\/wp-content\/uploads\/2020\/05\/bagan2.jpg 793w, https:\/\/www.amotravel.com\/it\/wp-content\/uploads\/2020\/05\/bagan2-300x213.jpg 300w, https:\/\/www.amotravel.com\/it\/wp-content\/uploads\/2020\/05\/bagan2-700x496.jpg 700w\" sizes=\"(max-width: 793px) 100vw, 793px\" \/><figcaption id=\"caption-attachment-10682\" class=\"wp-caption-text\">In precedenza, questa zona \u00e8 chiamata &#8220;Pagano&#8221;, fu la capitale del regno omonimo, esiste dal 9 \u00b0 secolo al 13 \u00b0 secolo<\/figcaption><\/figure> <figure id=\"attachment_10683\" aria-describedby=\"caption-attachment-10683\" style=\"width: 843px\" class=\"wp-caption aligncenter\"><img decoding=\"async\" class=\"wp-image-10683 size-full\" src=\"https:\/\/www.amotravel.com\/it\/wp-content\/uploads\/2020\/05\/bagan3.jpg\" alt=\"Si trova nella regione centrale del Myanmar, Bagan si estende su una superficie di circa 500 km2, con 13.000 templi, pagode e torri. Il monumento \u00e8 stato costruito nel periodo d'oro ha segnato l'inizio di una nuova tradizione di birmano buddismo.\" width=\"843\" height=\"562\" srcset=\"https:\/\/www.amotravel.com\/it\/wp-content\/uploads\/2020\/05\/bagan3.jpg 843w, https:\/\/www.amotravel.com\/it\/wp-content\/uploads\/2020\/05\/bagan3-300x200.jpg 300w, https:\/\/www.amotravel.com\/it\/wp-content\/uploads\/2020\/05\/bagan3-700x467.jpg 700w, https:\/\/www.amotravel.com\/it\/wp-content\/uploads\/2020\/05\/bagan3-150x100.jpg 150w, https:\/\/www.amotravel.com\/it\/wp-content\/uploads\/2020\/05\/bagan3-200x133.jpg 200w, https:\/\/www.amotravel.com\/it\/wp-content\/uploads\/2020\/05\/bagan3-250x166.jpg 250w\" sizes=\"(max-width: 843px) 100vw, 843px\" \/><figcaption id=\"caption-attachment-10683\" class=\"wp-caption-text\">Si trova nella regione centrale del Myanmar, Bagan si estende su una superficie di circa 500 km2, con 13.000 templi, pagode e torri. Il monumento \u00e8 stato costruito nel periodo d&#8217;oro ha segnato l&#8217;inizio di una nuova tradizione di birmano buddismo.<\/figcaption><\/figure> <figure id=\"attachment_10684\" aria-describedby=\"caption-attachment-10684\" style=\"width: 843px\" class=\"wp-caption aligncenter\"><img decoding=\"async\" class=\"wp-image-10684 size-full\" src=\"https:\/\/www.amotravel.com\/it\/wp-content\/uploads\/2020\/05\/bagan4.jpg\" alt=\"Oggi Ci sono circa 2.500 templi, porta una immagine caratteristica unica ma non ha dove esso. 1975 si \u00e8 verificato un terremoto e, inoltre, che l'invasione dei Mongoli nel 13 \u00b0 secolo hanno distrutto un sacco di magnifici edifici.\" width=\"843\" height=\"549\" srcset=\"https:\/\/www.amotravel.com\/it\/wp-content\/uploads\/2020\/05\/bagan4.jpg 843w, https:\/\/www.amotravel.com\/it\/wp-content\/uploads\/2020\/05\/bagan4-300x195.jpg 300w, https:\/\/www.amotravel.com\/it\/wp-content\/uploads\/2020\/05\/bagan4-700x456.jpg 700w\" sizes=\"(max-width: 843px) 100vw, 843px\" \/><figcaption id=\"caption-attachment-10684\" class=\"wp-caption-text\">Oggi Ci sono circa 2.500 templi, porta una immagine caratteristica unica ma non ha dove esso. 1975 si \u00e8 verificato un terremoto e, inoltre, che l&#8217;invasione dei Mongoli nel 13 \u00b0 secolo hanno distrutto un sacco di magnifici edifici.<\/figcaption><\/figure> <figure id=\"attachment_10685\" aria-describedby=\"caption-attachment-10685\" style=\"width: 840px\" class=\"wp-caption aligncenter\"><img decoding=\"async\" class=\"wp-image-10685 size-full\" src=\"https:\/\/www.amotravel.com\/it\/wp-content\/uploads\/2020\/05\/bagan5.jpg\" alt=\"Myanmar persone vivono nella citt\u00e0 intorno al campo antica torre. Pochi vivevano accanto ai templi e sulle sponde del fiume Ayeyarwady.\" width=\"840\" height=\"556\" srcset=\"https:\/\/www.amotravel.com\/it\/wp-content\/uploads\/2020\/05\/bagan5.jpg 840w, https:\/\/www.amotravel.com\/it\/wp-content\/uploads\/2020\/05\/bagan5-300x199.jpg 300w, https:\/\/www.amotravel.com\/it\/wp-content\/uploads\/2020\/05\/bagan5-700x463.jpg 700w, https:\/\/www.amotravel.com\/it\/wp-content\/uploads\/2020\/05\/bagan5-150x100.jpg 150w, https:\/\/www.amotravel.com\/it\/wp-content\/uploads\/2020\/05\/bagan5-200x133.jpg 200w, https:\/\/www.amotravel.com\/it\/wp-content\/uploads\/2020\/05\/bagan5-250x166.jpg 250w\" sizes=\"(max-width: 840px) 100vw, 840px\" \/><figcaption id=\"caption-attachment-10685\" class=\"wp-caption-text\">Myanmar persone vivono nella citt\u00e0 intorno al campo antica torre. Pochi vivevano accanto ai templi e sulle sponde del fiume Ayeyarwady.<\/figcaption><\/figure> <figure id=\"attachment_10686\" aria-describedby=\"caption-attachment-10686\" style=\"width: 824px\" class=\"wp-caption aligncenter\"><img decoding=\"async\" class=\"wp-image-10686 size-full\" src=\"https:\/\/www.amotravel.com\/it\/wp-content\/uploads\/2020\/05\/bagan6.jpg\" alt=\"Tra il 9 \u00b0 secolo sotto il re Anawrahta (che unific\u00f2 la Birmania sotto Buddismo Theravada) \u00e8 una terra di Bagan impero.\" width=\"824\" height=\"560\" srcset=\"https:\/\/www.amotravel.com\/it\/wp-content\/uploads\/2020\/05\/bagan6.jpg 824w, https:\/\/www.amotravel.com\/it\/wp-content\/uploads\/2020\/05\/bagan6-300x204.jpg 300w, https:\/\/www.amotravel.com\/it\/wp-content\/uploads\/2020\/05\/bagan6-700x476.jpg 700w\" sizes=\"(max-width: 824px) 100vw, 824px\" \/><figcaption id=\"caption-attachment-10686\" class=\"wp-caption-text\">Tra il 9 \u00b0 secolo sotto il re Anawrahta (che unific\u00f2 la Birmania sotto Buddismo Theravada) \u00e8 una terra di Bagan impero.<\/figcaption><\/figure> <figure id=\"attachment_10687\" aria-describedby=\"caption-attachment-10687\" style=\"width: 842px\" class=\"wp-caption aligncenter\"><img decoding=\"async\" class=\"wp-image-10687 size-full\" src=\"https:\/\/www.amotravel.com\/it\/wp-content\/uploads\/2020\/05\/bagan7.jpg\" alt=\"Con pi\u00f9 di 1500 anni di storia risalente, la costruzione del tempio, il tempio qui \u00e8 considerato uno dei pi\u00f9 interessanti paesi di destinazione turistica.\" width=\"842\" height=\"558\" srcset=\"https:\/\/www.amotravel.com\/it\/wp-content\/uploads\/2020\/05\/bagan7.jpg 842w, https:\/\/www.amotravel.com\/it\/wp-content\/uploads\/2020\/05\/bagan7-300x199.jpg 300w, https:\/\/www.amotravel.com\/it\/wp-content\/uploads\/2020\/05\/bagan7-700x464.jpg 700w, https:\/\/www.amotravel.com\/it\/wp-content\/uploads\/2020\/05\/bagan7-150x100.jpg 150w, https:\/\/www.amotravel.com\/it\/wp-content\/uploads\/2020\/05\/bagan7-200x133.jpg 200w, https:\/\/www.amotravel.com\/it\/wp-content\/uploads\/2020\/05\/bagan7-250x166.jpg 250w\" sizes=\"(max-width: 842px) 100vw, 842px\" \/><figcaption id=\"caption-attachment-10687\" class=\"wp-caption-text\">Con pi\u00f9 di 1500 anni di storia risalente, la costruzione del tempio, il tempio qui \u00e8 considerato uno dei pi\u00f9 interessanti paesi di destinazione turistica.<\/figcaption><\/figure> <figure id=\"attachment_10688\" aria-describedby=\"caption-attachment-10688\" style=\"width: 842px\" class=\"wp-caption aligncenter\"><img decoding=\"async\" class=\"wp-image-10688 size-full\" src=\"https:\/\/www.amotravel.com\/it\/wp-content\/uploads\/2020\/05\/bagan8.jpg\" alt=\"Bagan si trova da Yangon 600 km, 180 km da via Mandalay\" width=\"842\" height=\"559\" srcset=\"https:\/\/www.amotravel.com\/it\/wp-content\/uploads\/2020\/05\/bagan8.jpg 842w, https:\/\/www.amotravel.com\/it\/wp-content\/uploads\/2020\/05\/bagan8-300x199.jpg 300w, https:\/\/www.amotravel.com\/it\/wp-content\/uploads\/2020\/05\/bagan8-700x465.jpg 700w, https:\/\/www.amotravel.com\/it\/wp-content\/uploads\/2020\/05\/bagan8-150x100.jpg 150w, https:\/\/www.amotravel.com\/it\/wp-content\/uploads\/2020\/05\/bagan8-200x133.jpg 200w, https:\/\/www.amotravel.com\/it\/wp-content\/uploads\/2020\/05\/bagan8-250x166.jpg 250w\" sizes=\"(max-width: 842px) 100vw, 842px\" \/><figcaption id=\"caption-attachment-10688\" class=\"wp-caption-text\">Bagan si trova da Yangon 600 km, 180 km da via Mandalay<\/figcaption><\/figure><\/p>\n<p><em><img decoding=\"async\" class=\"aligncenter wp-image-10690 size-full\" src=\"https:\/\/www.amotravel.com\/it\/wp-content\/uploads\/2020\/05\/bagan10.jpg\" alt=\"\" width=\"855\" height=\"562\" srcset=\"https:\/\/www.amotravel.com\/it\/wp-content\/uploads\/2020\/05\/bagan10.jpg 855w, https:\/\/www.amotravel.com\/it\/wp-content\/uploads\/2020\/05\/bagan10-300x197.jpg 300w, https:\/\/www.amotravel.com\/it\/wp-content\/uploads\/2020\/05\/bagan10-700x460.jpg 700w, https:\/\/www.amotravel.com\/it\/wp-content\/uploads\/2020\/05\/bagan10-150x100.jpg 150w\" sizes=\"(max-width: 855px) 100vw, 855px\" \/><\/em><\/p>\n<p><figure id=\"attachment_10689\" aria-describedby=\"caption-attachment-10689\" style=\"width: 842px\" class=\"wp-caption aligncenter\"><img decoding=\"async\" class=\"wp-image-10689 size-full\" src=\"https:\/\/www.amotravel.com\/it\/wp-content\/uploads\/2020\/05\/bagan9.jpg\" alt=\"Bagan \u00e8 pi\u00f9 bella all'alba, e il tramonto. Quando il sole sorge dissipano la nebbia sui campi e tuffarsi all'orizzonte che \u00e8 quando ha portato l'antica torre nella notte del mistero.\" width=\"842\" height=\"560\" srcset=\"https:\/\/www.amotravel.com\/it\/wp-content\/uploads\/2020\/05\/bagan9.jpg 842w, https:\/\/www.amotravel.com\/it\/wp-content\/uploads\/2020\/05\/bagan9-300x200.jpg 300w, https:\/\/www.amotravel.com\/it\/wp-content\/uploads\/2020\/05\/bagan9-700x466.jpg 700w, https:\/\/www.amotravel.com\/it\/wp-content\/uploads\/2020\/05\/bagan9-150x100.jpg 150w, https:\/\/www.amotravel.com\/it\/wp-content\/uploads\/2020\/05\/bagan9-200x133.jpg 200w, https:\/\/www.amotravel.com\/it\/wp-content\/uploads\/2020\/05\/bagan9-250x166.jpg 250w\" sizes=\"(max-width: 842px) 100vw, 842px\" \/><figcaption id=\"caption-attachment-10689\" class=\"wp-caption-text\">Bagan \u00e8 pi\u00f9 bella all&#8217;alba, e il tramonto. Quando il sole sorge dissipano la nebbia sui campi e tuffarsi all&#8217;orizzonte che \u00e8 quando ha portato l&#8217;antica torre nella notte del mistero.<\/figcaption><\/figure> <figure id=\"attachment_10691\" aria-describedby=\"caption-attachment-10691\" style=\"width: 381px\" class=\"wp-caption aligncenter\"><img decoding=\"async\" class=\"wp-image-10691 size-full\" src=\"https:\/\/www.amotravel.com\/it\/wp-content\/uploads\/2020\/05\/bagan11.jpg\" alt=\"Gli ospiti qui possono fare un tour in auto, Carretta o in bicicletta da solo. Inoltre, gite in barca nel tramonto romantico sul fiume Ayeyarwaddy \u00e8 anche una scelta ideale.\" width=\"381\" height=\"561\" srcset=\"https:\/\/www.amotravel.com\/it\/wp-content\/uploads\/2020\/05\/bagan11.jpg 381w, https:\/\/www.amotravel.com\/it\/wp-content\/uploads\/2020\/05\/bagan11-204x300.jpg 204w\" sizes=\"(max-width: 381px) 100vw, 381px\" \/><figcaption id=\"caption-attachment-10691\" class=\"wp-caption-text\">Gli ospiti qui possono fare un tour in auto, Carretta o in bicicletta da solo. Inoltre, gite in barca nel tramonto romantico sul fiume Ayeyarwaddy \u00e8 anche una scelta ideale.<\/figcaption><\/figure><\/p>\n<blockquote><figure id=\"attachment_10692\" aria-describedby=\"caption-attachment-10692\" style=\"width: 852px\" class=\"wp-caption aligncenter\"><img decoding=\"async\" class=\"wp-image-10692 size-full\" src=\"https:\/\/www.amotravel.com\/it\/wp-content\/uploads\/2020\/05\/bagan12.jpg\" alt=\"Da lontano, si pu\u00f2 sperimentare in una variet\u00e0 di media Bagan, dal tradizionale al contemporaneo come carri, carrozze, biciclette, auto, biciclette elettriche ...\" width=\"852\" height=\"561\" srcset=\"https:\/\/www.amotravel.com\/it\/wp-content\/uploads\/2020\/05\/bagan12.jpg 852w, https:\/\/www.amotravel.com\/it\/wp-content\/uploads\/2020\/05\/bagan12-300x198.jpg 300w, https:\/\/www.amotravel.com\/it\/wp-content\/uploads\/2020\/05\/bagan12-700x461.jpg 700w, https:\/\/www.amotravel.com\/it\/wp-content\/uploads\/2020\/05\/bagan12-150x100.jpg 150w, https:\/\/www.amotravel.com\/it\/wp-content\/uploads\/2020\/05\/bagan12-200x133.jpg 200w, https:\/\/www.amotravel.com\/it\/wp-content\/uploads\/2020\/05\/bagan12-250x166.jpg 250w\" sizes=\"(max-width: 852px) 100vw, 852px\" \/><figcaption id=\"caption-attachment-10692\" class=\"wp-caption-text\">Da lontano, si pu\u00f2 sperimentare in una variet\u00e0 di media Bagan, dal tradizionale al contemporaneo come carri, carrozze, biciclette, auto, biciclette elettriche &#8230;<\/figcaption><\/figure>\n<p><em>&gt;&gt;\u00a0<a href=\"http:\/\/vagabondinasia.com\/viaggio-un-giorno-in-myanmar\">24 ore piene di sole in Myanmar<\/a><\/em><\/p>\n<\/blockquote>\n<p><figure id=\"attachment_10693\" aria-describedby=\"caption-attachment-10693\" style=\"width: 842px\" class=\"wp-caption aligncenter\"><img decoding=\"async\" class=\"wp-image-10693 size-full\" src=\"https:\/\/www.amotravel.com\/it\/wp-content\/uploads\/2020\/05\/bagan13.jpg\" alt=\"e particolarmente il palloncino. Con un prezzo di circa 300 dollari \/ visitatori persona voleranno molte ore ad ammirare all'alba. Questo \u00e8 anche il momento giusto per esplorare le bellezze individuale di Bagan. Quando in volo questa volta si far\u00e0 immagi\" width=\"842\" height=\"559\" srcset=\"https:\/\/www.amotravel.com\/it\/wp-content\/uploads\/2020\/05\/bagan13.jpg 842w, https:\/\/www.amotravel.com\/it\/wp-content\/uploads\/2020\/05\/bagan13-300x199.jpg 300w, https:\/\/www.amotravel.com\/it\/wp-content\/uploads\/2020\/05\/bagan13-700x465.jpg 700w, https:\/\/www.amotravel.com\/it\/wp-content\/uploads\/2020\/05\/bagan13-150x100.jpg 150w, https:\/\/www.amotravel.com\/it\/wp-content\/uploads\/2020\/05\/bagan13-200x133.jpg 200w, https:\/\/www.amotravel.com\/it\/wp-content\/uploads\/2020\/05\/bagan13-250x166.jpg 250w\" sizes=\"(max-width: 842px) 100vw, 842px\" \/><figcaption id=\"caption-attachment-10693\" class=\"wp-caption-text\">e particolarmente il palloncino. Con un prezzo di circa 300 dollari \/ visitatori persona voleranno molte ore ad ammirare all&#8217;alba. Questo \u00e8 anche il momento giusto per esplorare le bellezze individuale di Bagan. Quando in volo questa volta si far\u00e0 immagi<\/figcaption><\/figure> <figure id=\"attachment_10694\" aria-describedby=\"caption-attachment-10694\" style=\"width: 660px\" class=\"wp-caption aligncenter\"><img decoding=\"async\" class=\"wp-image-10694 size-full\" src=\"https:\/\/www.amotravel.com\/it\/wp-content\/uploads\/2020\/05\/bagan14.jpg\" alt=\"La zona di New Bagan ha un villaggio lacca estremamente unico, che producono i famosi prodotti artigianali.\" width=\"660\" height=\"440\" srcset=\"https:\/\/www.amotravel.com\/it\/wp-content\/uploads\/2020\/05\/bagan14.jpg 660w, https:\/\/www.amotravel.com\/it\/wp-content\/uploads\/2020\/05\/bagan14-300x200.jpg 300w, https:\/\/www.amotravel.com\/it\/wp-content\/uploads\/2020\/05\/bagan14-150x100.jpg 150w, https:\/\/www.amotravel.com\/it\/wp-content\/uploads\/2020\/05\/bagan14-200x133.jpg 200w, https:\/\/www.amotravel.com\/it\/wp-content\/uploads\/2020\/05\/bagan14-250x166.jpg 250w\" sizes=\"(max-width: 660px) 100vw, 660px\" \/><figcaption id=\"caption-attachment-10694\" class=\"wp-caption-text\">La zona di New Bagan ha un villaggio lacca estremamente unico, che producono i famosi prodotti artigianali.<\/figcaption><\/figure> <figure id=\"attachment_10695\" aria-describedby=\"caption-attachment-10695\" style=\"width: 660px\" class=\"wp-caption aligncenter\"><img decoding=\"async\" class=\"wp-image-10695 size-full\" src=\"https:\/\/www.amotravel.com\/it\/wp-content\/uploads\/2020\/05\/bagan15.jpg\" alt=\"Stare in qualsiasi posizione si pu\u00f2 vedere la punta di spumante di giallo, rosso vivo dei pannelli del controsoffitto in cima torri di spicco sul verde scuro dei cespugli.\" width=\"660\" height=\"440\" srcset=\"https:\/\/www.amotravel.com\/it\/wp-content\/uploads\/2020\/05\/bagan15.jpg 660w, https:\/\/www.amotravel.com\/it\/wp-content\/uploads\/2020\/05\/bagan15-300x200.jpg 300w, https:\/\/www.amotravel.com\/it\/wp-content\/uploads\/2020\/05\/bagan15-150x100.jpg 150w, https:\/\/www.amotravel.com\/it\/wp-content\/uploads\/2020\/05\/bagan15-200x133.jpg 200w, https:\/\/www.amotravel.com\/it\/wp-content\/uploads\/2020\/05\/bagan15-250x166.jpg 250w\" sizes=\"(max-width: 660px) 100vw, 660px\" \/><figcaption id=\"caption-attachment-10695\" class=\"wp-caption-text\">Stare in qualsiasi posizione si pu\u00f2 vedere la punta di spumante di giallo, rosso vivo dei pannelli del controsoffitto in cima torri di spicco sul verde scuro dei cespugli.<\/figcaption><\/figure><\/p>\n","protected":false},"excerpt":{"rendered":"<p>Viaggiare con la mongolfiera all&#8217;alba o al tramonto i visitatori possono vedere chiaramente le terre Bagan e immaginatevi volare su un tappeto come un sogno. &gt;&gt;\u00a024 ore piene di sole in Myanmar<\/p>\n","protected":false},"author":12,"featured_media":1656,"comment_status":"open","ping_status":"open","sticky":false,"template":"","format":"standard","meta":{"footnotes":""},"categories":[1077,1076,692],"tags":[295],"class_list":["post-1655","post","type-post","status-publish","format-standard","has-post-thumbnail","hentry","category-bagan-myanmar","category-posti-da-visitare-in-myanmar","category-viaggi-myanmar","tag-migliori-posti-per-visitare-in-myanmar"],"acf":[],"yoast_head":"<!-- This site is optimized with the Yoast SEO plugin v27.5 - https:\/\/yoast.com\/product\/yoast-seo-wordpress\/ -->\n<title>Visitare Bagan \u2013 incantata terra!<\/title>\n<meta name=\"description\" content=\"Viaggiare con la mongolfiera all&#039;alba o al tramonto i visitatori possono vedere chiaramente le terre Bagan e immaginatevi volare su un tappeto come un\" \/>\n<meta name=\"robots\" content=\"index, follow, max-snippet:-1, max-image-preview:large, max-video-preview:-1\" \/>\n<link rel=\"canonical\" href=\"https:\/\/www.amotravel.com\/it\/visitare-bagan-incantata-terra\/\" \/>\n<meta property=\"og:locale\" content=\"vi_VN\" \/>\n<meta property=\"og:type\" content=\"article\" \/>\n<meta property=\"og:title\" content=\"Visitare Bagan \u2013 incantata terra!\" \/>\n<meta property=\"og:description\" content=\"Viaggiare con la mongolfiera all&#039;alba o al tramonto i visitatori possono vedere chiaramente le terre Bagan e immaginatevi volare su un tappeto come un\" \/>\n<meta property=\"og:url\" content=\"https:\/\/www.amotravel.com\/it\/visitare-bagan-incantata-terra\/\" \/>\n<meta property=\"og:site_name\" content=\"Amo Travel Italiano\" \/>\n<meta property=\"article:publisher\" content=\"https:\/\/www.facebook.com\/AmoTravelItaliano\" \/>\n<meta property=\"article:published_time\" content=\"2016-04-16T10:27:48+00:00\" \/>\n<meta property=\"article:modified_time\" content=\"2020-08-21T02:16:50+00:00\" \/>\n<meta property=\"og:image\" content=\"https:\/\/www.amotravel.com\/it\/wp-content\/uploads\/2016\/06\/bagan6-630x300.jpg\" \/>\n\t<meta property=\"og:image:width\" content=\"630\" \/>\n\t<meta property=\"og:image:height\" content=\"300\" \/>\n\t<meta property=\"og:image:type\" content=\"image\/jpeg\" \/>\n<meta name=\"author\" content=\"Trung Nguyen\" \/>\n<meta name=\"twitter:card\" content=\"summary_large_image\" \/>\n<meta name=\"twitter:label1\" content=\"\u0110\u01b0\u1ee3c vi\u1ebft b\u1edfi\" \/>\n\t<meta name=\"twitter:data1\" content=\"Trung Nguyen\" \/>\n\t<meta name=\"twitter:label2\" content=\"\u01af\u1edbc t\u00ednh th\u1eddi gian \u0111\u1ecdc\" \/>\n\t<meta name=\"twitter:data2\" content=\"2 ph\u00fat\" \/>\n<script type=\"application\/ld+json\" class=\"yoast-schema-graph\">{\"@context\":\"https:\\\/\\\/schema.org\",\"@graph\":[{\"@type\":\"Article\",\"@id\":\"https:\\\/\\\/www.amotravel.com\\\/it\\\/visitare-bagan-incantata-terra\\\/#article\",\"isPartOf\":{\"@id\":\"https:\\\/\\\/www.amotravel.com\\\/it\\\/visitare-bagan-incantata-terra\\\/\"},\"author\":{\"name\":\"Trung Nguyen\",\"@id\":\"https:\\\/\\\/www.amotravel.com\\\/it\\\/#\\\/schema\\\/person\\\/20341f62d8dc412ed3ed636ecf959a6c\"},\"headline\":\"Visitare Bagan \u2013 incantata terra!\",\"datePublished\":\"2016-04-16T10:27:48+00:00\",\"dateModified\":\"2020-08-21T02:16:50+00:00\",\"mainEntityOfPage\":{\"@id\":\"https:\\\/\\\/www.amotravel.com\\\/it\\\/visitare-bagan-incantata-terra\\\/\"},\"wordCount\":481,\"commentCount\":0,\"image\":{\"@id\":\"https:\\\/\\\/www.amotravel.com\\\/it\\\/visitare-bagan-incantata-terra\\\/#primaryimage\"},\"thumbnailUrl\":\"https:\\\/\\\/www.amotravel.com\\\/it\\\/wp-content\\\/uploads\\\/2016\\\/06\\\/bagan6-630x300.jpg\",\"keywords\":[\"migliori posti per visitare in myanmar\"],\"articleSection\":[\"Bagan - Myanmar\",\"Posti da visitare in Myanmar\",\"Viaggi Myanmar\"],\"inLanguage\":\"vi\",\"potentialAction\":[{\"@type\":\"CommentAction\",\"name\":\"Comment\",\"target\":[\"https:\\\/\\\/www.amotravel.com\\\/it\\\/visitare-bagan-incantata-terra\\\/#respond\"]}]},{\"@type\":\"WebPage\",\"@id\":\"https:\\\/\\\/www.amotravel.com\\\/it\\\/visitare-bagan-incantata-terra\\\/\",\"url\":\"https:\\\/\\\/www.amotravel.com\\\/it\\\/visitare-bagan-incantata-terra\\\/\",\"name\":\"Visitare Bagan \u2013 incantata terra!\",\"isPartOf\":{\"@id\":\"https:\\\/\\\/www.amotravel.com\\\/it\\\/#website\"},\"primaryImageOfPage\":{\"@id\":\"https:\\\/\\\/www.amotravel.com\\\/it\\\/visitare-bagan-incantata-terra\\\/#primaryimage\"},\"image\":{\"@id\":\"https:\\\/\\\/www.amotravel.com\\\/it\\\/visitare-bagan-incantata-terra\\\/#primaryimage\"},\"thumbnailUrl\":\"https:\\\/\\\/www.amotravel.com\\\/it\\\/wp-content\\\/uploads\\\/2016\\\/06\\\/bagan6-630x300.jpg\",\"datePublished\":\"2016-04-16T10:27:48+00:00\",\"dateModified\":\"2020-08-21T02:16:50+00:00\",\"author\":{\"@id\":\"https:\\\/\\\/www.amotravel.com\\\/it\\\/#\\\/schema\\\/person\\\/20341f62d8dc412ed3ed636ecf959a6c\"},\"description\":\"Viaggiare con la mongolfiera all'alba o al tramonto i visitatori possono vedere chiaramente le terre Bagan e immaginatevi volare su un tappeto come un\",\"breadcrumb\":{\"@id\":\"https:\\\/\\\/www.amotravel.com\\\/it\\\/visitare-bagan-incantata-terra\\\/#breadcrumb\"},\"inLanguage\":\"vi\",\"potentialAction\":[{\"@type\":\"ReadAction\",\"target\":[\"https:\\\/\\\/www.amotravel.com\\\/it\\\/visitare-bagan-incantata-terra\\\/\"]}]},{\"@type\":\"ImageObject\",\"inLanguage\":\"vi\",\"@id\":\"https:\\\/\\\/www.amotravel.com\\\/it\\\/visitare-bagan-incantata-terra\\\/#primaryimage\",\"url\":\"https:\\\/\\\/www.amotravel.com\\\/it\\\/wp-content\\\/uploads\\\/2016\\\/06\\\/bagan6-630x300.jpg\",\"contentUrl\":\"https:\\\/\\\/www.amotravel.com\\\/it\\\/wp-content\\\/uploads\\\/2016\\\/06\\\/bagan6-630x300.jpg\",\"width\":630,\"height\":300},{\"@type\":\"BreadcrumbList\",\"@id\":\"https:\\\/\\\/www.amotravel.com\\\/it\\\/visitare-bagan-incantata-terra\\\/#breadcrumb\",\"itemListElement\":[{\"@type\":\"ListItem\",\"position\":1,\"name\":\"Home\",\"item\":\"https:\\\/\\\/www.amotravel.com\\\/it\\\/\"},{\"@type\":\"ListItem\",\"position\":2,\"name\":\"Visitare Bagan \u2013 incantata terra!\"}]},{\"@type\":\"WebSite\",\"@id\":\"https:\\\/\\\/www.amotravel.com\\\/it\\\/#website\",\"url\":\"https:\\\/\\\/www.amotravel.com\\\/it\\\/\",\"name\":\"Amo Travel Italiano\",\"description\":\"\",\"potentialAction\":[{\"@type\":\"SearchAction\",\"target\":{\"@type\":\"EntryPoint\",\"urlTemplate\":\"https:\\\/\\\/www.amotravel.com\\\/it\\\/?s={search_term_string}\"},\"query-input\":{\"@type\":\"PropertyValueSpecification\",\"valueRequired\":true,\"valueName\":\"search_term_string\"}}],\"inLanguage\":\"vi\"},{\"@type\":\"Person\",\"@id\":\"https:\\\/\\\/www.amotravel.com\\\/it\\\/#\\\/schema\\\/person\\\/20341f62d8dc412ed3ed636ecf959a6c\",\"name\":\"Trung Nguyen\",\"image\":{\"@type\":\"ImageObject\",\"inLanguage\":\"vi\",\"@id\":\"https:\\\/\\\/www.amotravel.com\\\/it\\\/wp-content\\\/litespeed\\\/avatar\\\/0aa292d367a83b406ae606de5dea6b36.jpg?ver=1777537406\",\"url\":\"https:\\\/\\\/www.amotravel.com\\\/it\\\/wp-content\\\/litespeed\\\/avatar\\\/0aa292d367a83b406ae606de5dea6b36.jpg?ver=1777537406\",\"contentUrl\":\"https:\\\/\\\/www.amotravel.com\\\/it\\\/wp-content\\\/litespeed\\\/avatar\\\/0aa292d367a83b406ae606de5dea6b36.jpg?ver=1777537406\",\"caption\":\"Trung Nguyen\"},\"url\":\"https:\\\/\\\/www.amotravel.com\\\/it\\\/author\\\/trungnguyen\\\/\"}]}<\/script>\n<!-- \/ Yoast SEO plugin. -->","yoast_head_json":{"title":"Visitare Bagan \u2013 incantata terra!","description":"Viaggiare con la mongolfiera all'alba o al tramonto i visitatori possono vedere chiaramente le terre Bagan e immaginatevi volare su un tappeto come un","robots":{"index":"index","follow":"follow","max-snippet":"max-snippet:-1","max-image-preview":"max-image-preview:large","max-video-preview":"max-video-preview:-1"},"canonical":"https:\/\/www.amotravel.com\/it\/visitare-bagan-incantata-terra\/","og_locale":"vi_VN","og_type":"article","og_title":"Visitare Bagan \u2013 incantata terra!","og_description":"Viaggiare con la mongolfiera all'alba o al tramonto i visitatori possono vedere chiaramente le terre Bagan e immaginatevi volare su un tappeto come un","og_url":"https:\/\/www.amotravel.com\/it\/visitare-bagan-incantata-terra\/","og_site_name":"Amo Travel Italiano","article_publisher":"https:\/\/www.facebook.com\/AmoTravelItaliano","article_published_time":"2016-04-16T10:27:48+00:00","article_modified_time":"2020-08-21T02:16:50+00:00","og_image":[{"width":630,"height":300,"url":"https:\/\/www.amotravel.com\/it\/wp-content\/uploads\/2016\/06\/bagan6-630x300.jpg","type":"image\/jpeg"}],"author":"Trung Nguyen","twitter_card":"summary_large_image","twitter_misc":{"\u0110\u01b0\u1ee3c vi\u1ebft b\u1edfi":"Trung Nguyen","\u01af\u1edbc t\u00ednh th\u1eddi gian \u0111\u1ecdc":"2 ph\u00fat"},"schema":{"@context":"https:\/\/schema.org","@graph":[{"@type":"Article","@id":"https:\/\/www.amotravel.com\/it\/visitare-bagan-incantata-terra\/#article","isPartOf":{"@id":"https:\/\/www.amotravel.com\/it\/visitare-bagan-incantata-terra\/"},"author":{"name":"Trung Nguyen","@id":"https:\/\/www.amotravel.com\/it\/#\/schema\/person\/20341f62d8dc412ed3ed636ecf959a6c"},"headline":"Visitare Bagan \u2013 incantata terra!","datePublished":"2016-04-16T10:27:48+00:00","dateModified":"2020-08-21T02:16:50+00:00","mainEntityOfPage":{"@id":"https:\/\/www.amotravel.com\/it\/visitare-bagan-incantata-terra\/"},"wordCount":481,"commentCount":0,"image":{"@id":"https:\/\/www.amotravel.com\/it\/visitare-bagan-incantata-terra\/#primaryimage"},"thumbnailUrl":"https:\/\/www.amotravel.com\/it\/wp-content\/uploads\/2016\/06\/bagan6-630x300.jpg","keywords":["migliori posti per visitare in myanmar"],"articleSection":["Bagan - Myanmar","Posti da visitare in Myanmar","Viaggi Myanmar"],"inLanguage":"vi","potentialAction":[{"@type":"CommentAction","name":"Comment","target":["https:\/\/www.amotravel.com\/it\/visitare-bagan-incantata-terra\/#respond"]}]},{"@type":"WebPage","@id":"https:\/\/www.amotravel.com\/it\/visitare-bagan-incantata-terra\/","url":"https:\/\/www.amotravel.com\/it\/visitare-bagan-incantata-terra\/","name":"Visitare Bagan \u2013 incantata terra!","isPartOf":{"@id":"https:\/\/www.amotravel.com\/it\/#website"},"primaryImageOfPage":{"@id":"https:\/\/www.amotravel.com\/it\/visitare-bagan-incantata-terra\/#primaryimage"},"image":{"@id":"https:\/\/www.amotravel.com\/it\/visitare-bagan-incantata-terra\/#primaryimage"},"thumbnailUrl":"https:\/\/www.amotravel.com\/it\/wp-content\/uploads\/2016\/06\/bagan6-630x300.jpg","datePublished":"2016-04-16T10:27:48+00:00","dateModified":"2020-08-21T02:16:50+00:00","author":{"@id":"https:\/\/www.amotravel.com\/it\/#\/schema\/person\/20341f62d8dc412ed3ed636ecf959a6c"},"description":"Viaggiare con la mongolfiera all'alba o al tramonto i visitatori possono vedere chiaramente le terre Bagan e immaginatevi volare su un tappeto come un","breadcrumb":{"@id":"https:\/\/www.amotravel.com\/it\/visitare-bagan-incantata-terra\/#breadcrumb"},"inLanguage":"vi","potentialAction":[{"@type":"ReadAction","target":["https:\/\/www.amotravel.com\/it\/visitare-bagan-incantata-terra\/"]}]},{"@type":"ImageObject","inLanguage":"vi","@id":"https:\/\/www.amotravel.com\/it\/visitare-bagan-incantata-terra\/#primaryimage","url":"https:\/\/www.amotravel.com\/it\/wp-content\/uploads\/2016\/06\/bagan6-630x300.jpg","contentUrl":"https:\/\/www.amotravel.com\/it\/wp-content\/uploads\/2016\/06\/bagan6-630x300.jpg","width":630,"height":300},{"@type":"BreadcrumbList","@id":"https:\/\/www.amotravel.com\/it\/visitare-bagan-incantata-terra\/#breadcrumb","itemListElement":[{"@type":"ListItem","position":1,"name":"Home","item":"https:\/\/www.amotravel.com\/it\/"},{"@type":"ListItem","position":2,"name":"Visitare Bagan \u2013 incantata terra!"}]},{"@type":"WebSite","@id":"https:\/\/www.amotravel.com\/it\/#website","url":"https:\/\/www.amotravel.com\/it\/","name":"Amo Travel Italiano","description":"","potentialAction":[{"@type":"SearchAction","target":{"@type":"EntryPoint","urlTemplate":"https:\/\/www.amotravel.com\/it\/?s={search_term_string}"},"query-input":{"@type":"PropertyValueSpecification","valueRequired":true,"valueName":"search_term_string"}}],"inLanguage":"vi"},{"@type":"Person","@id":"https:\/\/www.amotravel.com\/it\/#\/schema\/person\/20341f62d8dc412ed3ed636ecf959a6c","name":"Trung Nguyen","image":{"@type":"ImageObject","inLanguage":"vi","@id":"https:\/\/www.amotravel.com\/it\/wp-content\/litespeed\/avatar\/0aa292d367a83b406ae606de5dea6b36.jpg?ver=1777537406","url":"https:\/\/www.amotravel.com\/it\/wp-content\/litespeed\/avatar\/0aa292d367a83b406ae606de5dea6b36.jpg?ver=1777537406","contentUrl":"https:\/\/www.amotravel.com\/it\/wp-content\/litespeed\/avatar\/0aa292d367a83b406ae606de5dea6b36.jpg?ver=1777537406","caption":"Trung Nguyen"},"url":"https:\/\/www.amotravel.com\/it\/author\/trungnguyen\/"}]}},"_links":{"self":[{"href":"https:\/\/www.amotravel.com\/it\/wp-json\/wp\/v2\/posts\/1655","targetHints":{"allow":["GET"]}}],"collection":[{"href":"https:\/\/www.amotravel.com\/it\/wp-json\/wp\/v2\/posts"}],"about":[{"href":"https:\/\/www.amotravel.com\/it\/wp-json\/wp\/v2\/types\/post"}],"author":[{"embeddable":true,"href":"https:\/\/www.amotravel.com\/it\/wp-json\/wp\/v2\/users\/12"}],"replies":[{"embeddable":true,"href":"https:\/\/www.amotravel.com\/it\/wp-json\/wp\/v2\/comments?post=1655"}],"version-history":[{"count":0,"href":"https:\/\/www.amotravel.com\/it\/wp-json\/wp\/v2\/posts\/1655\/revisions"}],"wp:featuredmedia":[{"embeddable":true,"href":"https:\/\/www.amotravel.com\/it\/wp-json\/wp\/v2\/media\/1656"}],"wp:attachment":[{"href":"https:\/\/www.amotravel.com\/it\/wp-json\/wp\/v2\/media?parent=1655"}],"wp:term":[{"taxonomy":"category","embeddable":true,"href":"https:\/\/www.amotravel.com\/it\/wp-json\/wp\/v2\/categories?post=1655"},{"taxonomy":"post_tag","embeddable":true,"href":"https:\/\/www.amotravel.com\/it\/wp-json\/wp\/v2\/tags?post=1655"}],"curies":[{"name":"wp","href":"https:\/\/api.w.org\/{rel}","templated":true}]}}