{"id":14626,"date":"2022-11-15T16:49:45","date_gmt":"2022-11-15T16:49:45","guid":{"rendered":"https:\/\/www.amotravel.com\/it\/?p=14626"},"modified":"2022-12-30T03:55:06","modified_gmt":"2022-12-30T03:55:06","slug":"minoranze-etniche-in-vietnam","status":"publish","type":"post","link":"https:\/\/www.amotravel.com\/it\/minoranze-etniche-in-vietnam\/","title":{"rendered":"Minoranze etniche in Vietnam"},"content":{"rendered":"<h1><span class=\"ez-toc-section\" id=\"Minoranze_etniche_in_Vietnam\"><\/span><span style=\"font-size: 24pt;\"><strong>Minoranze etniche in Vietnam<\/strong><\/span><span class=\"ez-toc-section-end\"><\/span><\/h1>\n<p>Sei o sette milioni dei 93 milioni di abitanti del Vietnam comprendono circa 54 gruppi etnici suddivisi in decine di sottogruppi, di cui solo circa 100 sono minoranze etniche, dando al Vietnam la composizione etnica pi\u00f9 ricca e complessa di tutto il Sud-Est asiatico.<\/p><div id=\"ez-toc-container\" class=\"ez-toc-v2_0_82_2 counter-hierarchy ez-toc-counter ez-toc-grey ez-toc-container-direction\">\n<div class=\"ez-toc-title-container\">\n<p class=\"ez-toc-title\" style=\"cursor:inherit\">Table of Contents<\/p>\n<span class=\"ez-toc-title-toggle\"><a href=\"#\" class=\"ez-toc-pull-right ez-toc-btn ez-toc-btn-xs ez-toc-btn-default ez-toc-toggle\" aria-label=\"Toggle Table of Content\"><span class=\"ez-toc-js-icon-con\"><span class=\"\"><span class=\"eztoc-hide\" style=\"display:none;\">Toggle<\/span><span class=\"ez-toc-icon-toggle-span\"><svg style=\"fill: #999;color:#999\" xmlns=\"http:\/\/www.w3.org\/2000\/svg\" class=\"list-377408\" width=\"20px\" height=\"20px\" viewBox=\"0 0 24 24\" fill=\"none\"><path d=\"M6 6H4v2h2V6zm14 0H8v2h12V6zM4 11h2v2H4v-2zm16 0H8v2h12v-2zM4 16h2v2H4v-2zm16 0H8v2h12v-2z\" fill=\"currentColor\"><\/path><\/svg><svg style=\"fill: #999;color:#999\" class=\"arrow-unsorted-368013\" xmlns=\"http:\/\/www.w3.org\/2000\/svg\" width=\"10px\" height=\"10px\" viewBox=\"0 0 24 24\" version=\"1.2\" baseProfile=\"tiny\"><path d=\"M18.2 9.3l-6.2-6.3-6.2 6.3c-.2.2-.3.4-.3.7s.1.5.3.7c.2.2.4.3.7.3h11c.3 0 .5-.1.7-.3.2-.2.3-.5.3-.7s-.1-.5-.3-.7zM5.8 14.7l6.2 6.3 6.2-6.3c.2-.2.3-.5.3-.7s-.1-.5-.3-.7c-.2-.2-.4-.3-.7-.3h-11c-.3 0-.5.1-.7.3-.2.2-.3.5-.3.7s.1.5.3.7z\"\/><\/svg><\/span><\/span><\/span><\/a><\/span><\/div>\n<nav><ul class='ez-toc-list ez-toc-list-level-1 ' ><li class='ez-toc-page-1 ez-toc-heading-level-1'><a class=\"ez-toc-link ez-toc-heading-1\" href=\"https:\/\/www.amotravel.com\/it\/minoranze-etniche-in-vietnam\/#Minoranze_etniche_in_Vietnam\" >Minoranze etniche in Vietnam<\/a><ul class='ez-toc-list-level-2' ><li class='ez-toc-heading-level-2'><a class=\"ez-toc-link ez-toc-heading-2\" href=\"https:\/\/www.amotravel.com\/it\/minoranze-etniche-in-vietnam\/#Le_montagne_del_nord\" >Le montagne del nord<\/a><\/li><li class='ez-toc-page-1 ez-toc-heading-level-2'><a class=\"ez-toc-link ez-toc-heading-3\" href=\"https:\/\/www.amotravel.com\/it\/minoranze-etniche-in-vietnam\/#Gli_Altipiani_centrali\" >Gli Altipiani centrali<\/a><\/li><li class='ez-toc-page-1 ez-toc-heading-level-2'><a class=\"ez-toc-link ez-toc-heading-4\" href=\"https:\/\/www.amotravel.com\/it\/minoranze-etniche-in-vietnam\/#Dopo_la_riunificazione_del_Vietnam\" >Dopo la riunificazione del Vietnam<\/a><\/li><\/ul><\/li><\/ul><\/nav><\/div>\n\n<p>I gruppi etnici minoritari con oltre 500.000 membri includono Tay , Thai, Hmong, Muong \u00a0e Nung. Altre grandi trib\u00f9 (oltre 250.000) includono i Gia Rai e gli Ede, mentre gruppi come i Ba-na e i X\u01a1- \u0110\u0103ng contano oltre 100.000 membri.<\/p>\n<p>La stragrande maggioranza delle minoranze vietnamite vive nelle regioni montuose del nord, lungo la catena montuosa di Truong Son e negli altopiani centrali, tutte aree che hanno visto pesanti combattimenti nelle ultime guerre. Diversi gruppi si trovano a cavallo degli attuali confini internazionali, estendendosi attraverso la penisola indocinese e la Cina meridionale.<\/p>\n<figure id=\"attachment_14637\" aria-describedby=\"caption-attachment-14637\" style=\"width: 736px\" class=\"wp-caption aligncenter\"><a href=\"https:\/\/www.amotravel.com\/it\/minoranze-etniche-in-vietnam\/dao-do-1\/\" rel=\"attachment wp-att-14637\"><img decoding=\"async\" class=\"wp-image-14637 size-full\" src=\"https:\/\/www.amotravel.com\/it\/wp-content\/uploads\/2022\/11\/dao-\u0111\u1ecf-1.jpg\" alt=\"\" width=\"736\" height=\"558\" srcset=\"https:\/\/www.amotravel.com\/it\/wp-content\/uploads\/2022\/11\/dao-\u0111\u1ecf-1.jpg 736w, https:\/\/www.amotravel.com\/it\/wp-content\/uploads\/2022\/11\/dao-\u0111\u1ecf-1-300x227.jpg 300w, https:\/\/www.amotravel.com\/it\/wp-content\/uploads\/2022\/11\/dao-\u0111\u1ecf-1-700x531.jpg 700w\" sizes=\"(max-width: 736px) 100vw, 736px\" \/><\/a><figcaption id=\"caption-attachment-14637\" class=\"wp-caption-text\">Le minoranze etniche in Vietnam<\/figcaption><\/figure>\n<p>Poco si sa sulle origini di molti di questi popoli, alcuni dei quali vivevano gi\u00e0 nella zona prima che gli antenati dei Viet arrivassero dalla Cina meridionale circa quattro o cinquemila anni fa.<\/p>\n<p>A un certo punto, i Viet emersero come gruppo distinto tra le varie popolazioni indigene che vivevano intorno al Delta del Fiume Rosso, per poi assorbire gradualmente comunit\u00e0 pi\u00f9 piccole fino a diventare la cultura dominante.<\/p>\n<p>Altri gruppi continuarono a interagire con i Viet, ma scelsero di mantenere la propria indipendenza sugli altopiani o furono costretti a spostarsi sulle colline dalle pianure costiere sempre pi\u00f9 popolate.<\/p>\n<p>La leggenda vietnamita spiega questa fondamentale divisione tra abitanti delle pianure e degli altipiani: il Re Drago del Sud spos\u00f2 Au Co, una bellissima principessa del Nord, e inizialmente visse sulle montagne dove diede alla luce cento bellissimi ragazzi.<\/p>\n<p>Dopo un po&#8217;, per\u00f2, il Re Drago sent\u00ec la mancanza della sua casa acquatica e se ne and\u00f2 con met\u00e0 dei suoi figli, lasciandone cinquanta sulle montagne &#8211; gli antenati delle minoranze etniche.<\/p>\n<p>Mentre l&#8217;etnia vietnamita e cinese vive principalmente nei centri urbani e nelle zone costiere, la restante popolazione, stimata al 10% della popolazione totale del Vietnam, si trova soprattutto negli altopiani.<\/p>\n<p>Mentre alcuni di questi gruppi, come i Tay, i Tai, i Muong e i Nung, si avvicinano al milione di persone, altri, come i Romam e gli O-du, si teme che siano meno di 100. Forse le trib\u00f9 pi\u00f9 montuose si trovano nel nord-ovest, nell&#8217;accogliente territorio montuoso lungo i confini tra Laos e Cina, mentre molte delle trib\u00f9 degli altopiani centrali e meridionali possono essere difficili da distinguere, almeno per i vietnamiti.<\/p>\n<p>I francesi li chiamavano montagnards (che significa &#8220;gente di montagna&#8221; o &#8220;uomini di montagna&#8221;) e ancora oggi usano questo termine quando parlano in francese o in inglese.<\/p>\n<p>I vietnamiti li chiamano generalmente moi, un termine peggiorativo che significa &#8220;selvaggi&#8221; e che purtroppo riflette un atteggiamento popolare fin troppo diffuso. L&#8217;attuale governo, tuttavia, preferisce usare il termine &#8220;minoranze nazionali&#8221;.<\/p>\n<p>Alcuni vivono in Vietnam da migliaia di anni, mentre altri sono emigrati nella regione negli ultimi secoli. Le aree abitate da ciascun gruppo sono spesso delimitate dall&#8217;altitudine, con gli ultimi arrivati che si stabiliscono ad altitudini pi\u00f9 elevate.<\/p>\n<p>Storicamente, alle regioni montuose \u00e8 stato permesso di rimanere virtualmente indipendenti a patto che i loro leader riconoscessero la sovranit\u00e0 vietnamita e pagassero tributi e tasse. La Costituzione del 1980 ha abolito due grandi regioni autonome istituite per le minoranze etniche nelle montagne del nord nel 1959.<\/p>\n<p>Durante la guerra degli anni &#8217;60 e dei primi anni &#8217;70, i comunisti e gli Stati Uniti reclutarono attivamente combattenti tra le popolazioni di montagna degli Altipiani centrali. Solo di recente sono state abolite le restrizioni speciali per i turisti americani che vogliono visitare le aree delle trib\u00f9 delle colline intorno a Dalat, nel caso in cui la CIA continui a fare affari).<\/p>\n<p>La maggior parte dei singoli gruppi etnici condivide tratti fondamentali e simili nella vita quotidiana e spesso sono pi\u00f9 facilmente identificabili dalle differenze di lingua, caratteristiche fisiche e abiti tradizionali. Hanno uno stile di vita rurale e agricolo, mostrano somiglianze nell&#8217;architettura dei villaggi e nei rituali tradizionali e hanno una lunga storia di guerre intertribali.<\/p>\n<p><a href=\"https:\/\/www.amotravel.com\/it\/minoranze-etniche-in-vietnam\/dao-do-2\/\" rel=\"attachment wp-att-14639\"><img decoding=\"async\" class=\"aligncenter wp-image-14639\" src=\"https:\/\/www.amotravel.com\/it\/wp-content\/uploads\/2022\/11\/dao-\u0111\u1ecf-2.jpg\" alt=\"\" width=\"780\" height=\"587\" \/><\/a><\/p>\n<p>Molte di queste trib\u00f9 sono seminomadi e coltivano colture come il riso &#8220;secco&#8221; con metodi di taglio e bruciatura che hanno avuto un forte impatto sull&#8217;ambiente.<\/p>\n<p>Poich\u00e9 queste pratiche distruggono le foreste in declino, il governo sta cercando di incoraggiarli ad adottare una forma di agricoltura pi\u00f9 sedentaria, spesso a quote pi\u00f9 basse, con riso umido (paddy) e colture da reddito come t\u00e8 e cannella.<\/p>\n<p>Eppure, nonostante l&#8217;attrattiva di benefici come l&#8217;irrigazione sovvenzionata, un&#8217;istruzione e un&#8217;assistenza sanitaria migliori, una lunga storia di atteggiamenti anticonformisti, unita a una generale diffidenza nei confronti della maggioranza etnico-vietnamita delle pianure, tiene molti lontani dalle pianure Come in altre parti dell&#8217;Asia, la cultura ricca e intrinseca di tante minoranze etniche del Vietnam ha lentamente ceduto il passo a una serie di influenze esterne.<\/p>\n<p>Molte trib\u00f9 sono state talmente assimilate nella societ\u00e0 tradizionale vietnamita che pochissime vestono i costumi tradizionali. La maggior parte di coloro che lo fanno si trova nei villaggi remoti dell&#8217;estremo nord, e anche l\u00ec sono spesso le donne a farlo, mentre gli uomini si rivolgono generalmente all&#8217;abbigliamento vietnamita o occidentale.<\/p>\n<p>Sebbene fattori come l&#8217;introduzione dell&#8217;elettricit\u00e0, della medicina moderna e dell&#8217;istruzione stiano creando benefici, questo sviluppo ha purtroppo portato all&#8217;abbandono di molte tradizioni ancestrali. Un&#8217;influenza esterna pi\u00f9 recente e forse altrettanto minacciosa \u00e8 l&#8217;effetto del turismo.<\/p>\n<p>L&#8217;aumento del numero di persone che viaggiano per visitare le varie minoranze etniche, la maggiore esposizione agli abitanti delle pianure e la crescente tendenza al commercio rischiano di peggiorare la situazione. In alcune zone, come Sapa, i bambini adorabili che prima fissavano, ridevano o scappavano alla vista di un estraneo hanno iniziato a scaldarsi, spesso aspettando soldi o dolcetti.<\/p>\n<p>Fotografare le popolazioni delle trib\u00f9 delle colline richiede pazienza e il massimo rispetto per le usanze locali. La bellezza e il colore della gente e del paesaggio circostante offrono molte opportunit\u00e0, ma \u00e8 importante ricordare che si \u00e8 solo in visita e che le proprie azioni non solo possono essere interpretate come scortesi o offensive, ma aprono anche la porta a futuri visitatori.<\/p>\n<p>Questo non vuol dire che scattare foto sia un male, ma bisogna tenere presente i diversi effetti che una macchina fotografica pu\u00f2 avere. Il popolare mercato del fine settimana a Sapa \u00e8 un buon esempio di come una folla di turisti muniti di macchina fotografica possa sembrare un po&#8217; opprimente per la gente del posto.<\/p>\n<p>Mentre gli Hmong imprenditoriali, ad esempio, in genere non si fanno problemi a farsi fotografare (anche se l&#8217;acquisto di prodotti artigianali facilita questa operazione), altri gruppi come i Dao rossi tendono a essere pi\u00f9 timidi e hanno avuto la loro parte di fotografi che li hanno letteralmente inseguiti per il mercato.<\/p>\n<figure id=\"attachment_14640\" aria-describedby=\"caption-attachment-14640\" style=\"width: 780px\" class=\"wp-caption aligncenter\"><a href=\"https:\/\/www.amotravel.com\/it\/minoranze-etniche-in-vietnam\/dao-do-3\/\" rel=\"attachment wp-att-14640\"><img decoding=\"async\" class=\"wp-image-14640\" src=\"https:\/\/www.amotravel.com\/it\/wp-content\/uploads\/2022\/11\/dao-\u0111\u1ecf-3.jpg\" alt=\"\" width=\"780\" height=\"517\" srcset=\"https:\/\/www.amotravel.com\/it\/wp-content\/uploads\/2022\/11\/dao-\u0111\u1ecf-3.jpg 600w, https:\/\/www.amotravel.com\/it\/wp-content\/uploads\/2022\/11\/dao-\u0111\u1ecf-3-300x199.jpg 300w, https:\/\/www.amotravel.com\/it\/wp-content\/uploads\/2022\/11\/dao-\u0111\u1ecf-3-150x100.jpg 150w, https:\/\/www.amotravel.com\/it\/wp-content\/uploads\/2022\/11\/dao-\u0111\u1ecf-3-200x133.jpg 200w, https:\/\/www.amotravel.com\/it\/wp-content\/uploads\/2022\/11\/dao-\u0111\u1ecf-3-250x166.jpg 250w\" sizes=\"(max-width: 780px) 100vw, 780px\" \/><\/a><figcaption id=\"caption-attachment-14640\" class=\"wp-caption-text\">Gli Hmong nella guerriglia in Laos<\/figcaption><\/figure>\n<p><span style=\"font-size: 16px;\">Le minoranze vietnamite godono di una sostanziale autonomia e, sebbene la lingua nazionale ufficiale sia il vietnamita, tutti i bambini delle minoranze imparano ancora il loro dialetto locale. Le tasse dovrebbero essere pagate, ma Hanoi \u00e8 lontana e sembra che, finch\u00e9 non interferiscono con le agende politiche, possano vivere come vogliono. <\/span>Il personale di polizia e militare nelle aree delle minoranze \u00e8 spesso membro di gruppi tribali locali e l&#8217;Assemblea nazionale di Hanoi \u00e8 rappresentata da un buon numero di minoranze etniche. Sebbene non esista un sistema formale di discriminazione, le trib\u00f9 delle colline rimangono ai piedi della scala educativa ed economica.<\/p>\n<p>Nonostante i miglioramenti nella scolarizzazione rurale, molte minoranze si sposano giovani, fanno figli e muoiono presto. Chi vive pi\u00f9 vicino ai centri urbani e alla costa se la passa meglio.<\/p>\n<p>Il compito di classificare accuratamente i diversi gruppi montani non \u00e8 facile. Gli etnologi generalmente classificano i Montagnard in base alla distinzione linguistica e di solito fanno riferimento a tre gruppi principali (che si dividono in sottogruppi ampi e complessi).<\/p>\n<p>La famiglia austroasiatica comprende i gruppi linguistici Viet Muong, Mon-Khmer, Tay-Tai e Meo-Dao; la famiglia austronesiana, imparentata con gli indonesiani e gli abitanti delle isole del Pacifico, erano probabilmente gli abitanti originari della regione, ma sono ora limitati agli altopiani centrali e parlano lingue malesiane; e la famiglia sino-tibetana comprende i gruppi linguistici cinese e tibeto-birmano, originari della Cina meridionale e migrati a sud per stabilirsi negli altopiani vietnamiti. Inoltre, all&#8217;interno di una stessa lingua parlata, spesso esistono una miriade di varianti dialettali diverse.<\/p>\n<p><iframe title=\"Op\u00e9ration Laos made in CIA - Documentaire\" width=\"640\" height=\"360\" src=\"https:\/\/www.youtube.com\/embed\/mWz9E95HZVI?feature=oembed\" frameborder=\"0\" allow=\"accelerometer; autoplay; clipboard-write; encrypted-media; gyroscope; picture-in-picture; web-share\" referrerpolicy=\"strict-origin-when-cross-origin\" allowfullscreen><\/iframe><\/p>\n<p>Nonostante le origini, le lingue, i dialetti e i costumi tradizionali siano molto diversi, i gruppi dell&#8217;altopiano presentano una serie di somiglianze che li distinguono dai Viet.<\/p>\n<p>La pi\u00f9 ovvia \u00e8 la palafitta, che protegge da serpenti, parassiti e animali di grandi dimensioni e dalle inondazioni, fornendo al contempo un alloggio sicuro per gli animali domestici. L&#8217;ammollo comune del vino di riso \u00e8 popolare nella maggior parte dei gruppi montani, cos\u00ec come alcuni rituali, come quello di proteggere un bambino dagli spiriti maligni dandogli un nome solo dopo una certa et\u00e0.<\/p>\n<p>La maggior parte degli abitanti degli altopiani pratica tradizionalmente la coltivazione a turni, disboscando lembi di terreno forestale, coltivando i campi bruciati per alcuni anni e lasciandoli poi incolti per un periodo di tempo, mentre recuperano la loro fertilit\u00e0.<\/p>\n<p>Dove i terreni sono particolarmente poveri, si adotta uno stile di vita semi-nomade, spostando la posizione del villaggio a intervalli, a seconda delle necessit\u00e0. Se volete saperne di pi\u00f9 sulla diversit\u00e0 etnica del Vietnam, prendete una copia del datato Ethnic Minorities in Vietnam, in vendita ad Hanoi e Ho Chi Minh City.<\/p>\n<figure id=\"attachment_14642\" aria-describedby=\"caption-attachment-14642\" style=\"width: 780px\" class=\"wp-caption aligncenter\"><a href=\"https:\/\/www.amotravel.com\/it\/minoranze-etniche-in-vietnam\/dao-do-4\/\" rel=\"attachment wp-att-14642\"><img decoding=\"async\" class=\"wp-image-14642\" src=\"https:\/\/www.amotravel.com\/it\/wp-content\/uploads\/2022\/11\/dao-\u0111\u1ecf-4.jpg\" alt=\"\" width=\"780\" height=\"356\" srcset=\"https:\/\/www.amotravel.com\/it\/wp-content\/uploads\/2022\/11\/dao-\u0111\u1ecf-4.jpg 1024w, https:\/\/www.amotravel.com\/it\/wp-content\/uploads\/2022\/11\/dao-\u0111\u1ecf-4-300x137.jpg 300w, https:\/\/www.amotravel.com\/it\/wp-content\/uploads\/2022\/11\/dao-\u0111\u1ecf-4-700x319.jpg 700w\" sizes=\"(max-width: 780px) 100vw, 780px\" \/><\/a><figcaption id=\"caption-attachment-14642\" class=\"wp-caption-text\">Venditori Hmong neri di Sapa Vietnam<\/figcaption><\/figure>\n<p>Tradizionalmente, i re vietnamiti chiedevano tributi alle minoranze etniche, spesso ferocemente indipendenti, ma per il resto lasciavano che gestissero i propri affari. Questo rapporto cambi\u00f2 con l&#8217;arrivo dei missionari cattolici, che ottennero molte conversioni al cristianesimo tra le popolazioni degli altopiani centrali &#8211; chiamate montagnards dai francesi.<\/p>\n<p>Sotto il dominio coloniale, le minoranze ottennero una certa autonomia locale alla fine del XIX secolo, ma allo stesso tempo i francesi espropriarono le loro terre, esercitarono il lavoro forzato e imposero pesanti tasse.<\/p>\n<h2><span class=\"ez-toc-section\" id=\"Le_montagne_del_nord\"><\/span><strong>Le montagne del nord<\/strong><span class=\"ez-toc-section-end\"><\/span><\/h2>\n<p>I francesi non tardarono a sfruttare le antiche antipatie tra i popoli degli altipiani e delle pianure. Nelle montagne del nord-ovest, ad esempio, hanno creato una federazione thailandese semi-autonoma con milizie armate e guardie di frontiera.<\/p>\n<p>Allo scoppio della guerra nel 1946, gruppi di Thai, Hmong e Muong del nord-ovest si schierarono con i francesi e i vietnamiti, fornendo persino battaglioni per combattere a fianco delle truppe francesi.<\/p>\n<p>Ma la situazione non era chiara: alcuni thailandesi sostenevano attivamente i Viet Minh, mentre Ho Chi Minh trovava una base sicura per i suoi eserciti di guerriglieri tra i Tay e i Nung del nord-est.<\/p>\n<p>Riconoscendo la necessit\u00e0 di assicurarsi la fedelt\u00e0 delle minoranze, dopo l&#8217;indipendenza del Vietnam del Nord nel 1954, Ho Chi Minh cre\u00f2 due regioni autonome, consentendo un limitato autogoverno all&#8217;interno di uno &#8220;Stato multinazionale unificato&#8221;.<\/p>\n<h2><span class=\"ez-toc-section\" id=\"Gli_Altipiani_centrali\"><\/span><strong>Gli Altipiani centrali<\/strong><span class=\"ez-toc-section-end\"><\/span><\/h2>\n<p>Anche le minoranze degli Altipiani centrali si erano divise tra il sostegno ai francesi e quello ai Viet Minh dopo il 1946. Nell&#8217;interesse di preservare la propria indipendenza, le popolazioni etniche erano spesso semplicemente anti-vietnamite, a prescindere dal loro orientamento politico. Dopo la spartizione del 1954, il sentimento anti-vietnamita si \u00e8 esacerbato quando il presidente Diem ha iniziato a trasferire i coloni vietnamiti nella regione, ignorando completamente i diritti fondiari locali.<\/p>\n<p>Diem voleva legare maggiormente le minoranze allo Stato sudvietnamita; il risultato immediato, tuttavia, fu che i Bahnar, i Jarai e gli Ede si unirono in un movimento di opposizione organizzato e indissero uno sciopero generale nel 1958.<\/p>\n<p>Negli anni successivi, questa coalizione ben armata divenne il Fronte Unito per la Liberazione delle Razze Oppresse. Il Fronte Unito per la Liberazione delle Razze Oppresse, noto con l&#8217;acronimo francese FULRO.<\/p>\n<p>Hanno chiesto una maggiore autonomia per le minoranze, tra cui una rappresentanza eletta nell&#8217;Assemblea nazionale, una maggiore autonomia locale, la scolarizzazione nella propria lingua e l&#8217;accesso all&#8217;istruzione superiore.<\/p>\n<p>Sebbene il FULRO abbia riscosso un certo successo iniziale, il movimento si \u00e8 indebolito dopo che alcuni si sono staccati per unirsi ai Viet Cong. Ne rimasero circa 10.000 o pi\u00f9, che combatterono prima contro i sudvietnamiti e gli americani, poi contro l&#8217;esercito nordvietnamita fino al 1975.<\/p>\n<p>In seguito, i ribelli del FULRO e altri gruppi minoritari anticomunisti, soprattutto Ede, hanno operato fuori dalla base in Cambogia. I pochi sopravvissuti ai campi di sterminio di Pol Pot sono fuggiti in Thailandia e si sono poi reinsediati in America.<\/p>\n<p>Durante la guerra contro gli americani, le minoranze che vivevano intorno al diciassettesimo parallelo si trovarono presto in prima linea. I combattimenti peggiori si sono svolti tra la fine degli anni &#8217;60 e l&#8217;inizio degli anni &#8217;70, quando le truppe nordvietnamite erano stanziate in questi remoti altopiani e le forze americane cercavano di distoglierle.<\/p>\n<p>I massicci bombardamenti furono incrementati dall&#8217;uso di defolianti ed erbicidi che, oltre a denudare la copertura forestale protettiva, distrussero raccolti e animali; questa guerra chimica uccise anche un numero imprecisato di persone e caus\u00f2 gravi malattie a lungo termine.<\/p>\n<p>Inoltre, i villaggi vietcong e nordvietnamiti erano spesso oggetto di incursioni notturne per &#8220;incoraggiare&#8221; il sostegno locale e rifornirsi di cibo. Si stima che pi\u00f9 di 200.000 minoranze, sia civili che militari, siano state uccise a causa della guerra statunitense, su una popolazione totale di circa un milione di persone.<\/p>\n<p>Nel 1975, l&#8217;85% dei villaggi degli altipiani era stato distrutto o abbandonato, mentre non era rimasto nulla nell&#8217;area pi\u00f9 vicina alla zona demilitarizzata.<\/p>\n<p>Alla fine della guerra, migliaia di minoranze vivevano in campi temporanei con i rifugiati vietnamiti, senza poter praticare il loro stile di vita tradizionale.<\/p>\n<h2><span class=\"ez-toc-section\" id=\"Dopo_la_riunificazione_del_Vietnam\"><\/span><strong>Dopo la riunificazione del Vietnam<\/strong><span class=\"ez-toc-section-end\"><\/span><\/h2>\n<p>Dopo la riunificazione, la situazione non \u00e8 migliorata. Le promesse di una maggiore autonomia da parte di entrambe le parti non sono state mantenute; anche il piccolo governo autonomo che era stato concesso alle minoranze \u00e8 stato abolito. I gruppi che si erano opposti ai nordvietnamiti furono strettamente monitorati e i loro leader vennero rieducati.<\/p>\n<p>Il nuovo governo persegu\u00ec una politica di assimilazione forzata delle minoranze alla cultura vietnamita e oscur\u00f2 le loro precedenti attivit\u00e0 anti-vietnamite: tutta l&#8217;istruzione fu impartita in vietnamita, i costumi tradizionali furono scoraggiati o messi fuori legge e le minoranze si dispersero dai villaggi in insediamenti permanenti.<\/p>\n<p>Allo stesso tempo, il governo ha creato nuove zone economiche negli altopiani centrali e lungo il confine con la Cina, spesso requisendo i terreni migliori per reinsediare migliaia di persone nelle pianure sovrappopolate.<\/p>\n<figure id=\"attachment_14643\" aria-describedby=\"caption-attachment-14643\" style=\"width: 780px\" class=\"wp-caption aligncenter\"><a href=\"https:\/\/www.amotravel.com\/it\/minoranze-etniche-in-vietnam\/dao-do-5\/\" rel=\"attachment wp-att-14643\"><img decoding=\"async\" class=\"wp-image-14643\" src=\"https:\/\/www.amotravel.com\/it\/wp-content\/uploads\/2022\/11\/dao-\u0111\u1ecf-5.jpg\" alt=\"\" width=\"780\" height=\"522\" srcset=\"https:\/\/www.amotravel.com\/it\/wp-content\/uploads\/2022\/11\/dao-\u0111\u1ecf-5.jpg 1500w, https:\/\/www.amotravel.com\/it\/wp-content\/uploads\/2022\/11\/dao-\u0111\u1ecf-5-300x201.jpg 300w, https:\/\/www.amotravel.com\/it\/wp-content\/uploads\/2022\/11\/dao-\u0111\u1ecf-5-700x469.jpg 700w, https:\/\/www.amotravel.com\/it\/wp-content\/uploads\/2022\/11\/dao-\u0111\u1ecf-5-150x100.jpg 150w, https:\/\/www.amotravel.com\/it\/wp-content\/uploads\/2022\/11\/dao-\u0111\u1ecf-5-200x133.jpg 200w, https:\/\/www.amotravel.com\/it\/wp-content\/uploads\/2022\/11\/dao-\u0111\u1ecf-5-250x166.jpg 250w\" sizes=\"(max-width: 780px) 100vw, 780px\" \/><\/a><figcaption id=\"caption-attachment-14643\" class=\"wp-caption-text\">I bambini Hmong vanno a scuola<\/figcaption><\/figure>\n<p>Secondo i documenti ufficiali, negli anni &#8217;80 sono stati trasferiti nelle nuove zone economiche 250.000 coloni all&#8217;anno. Questa politica ha provocato carenze alimentari tra le minoranze incapaci di sostenersi sulle terre marginali e un diffuso degrado delle terre sovrautilizzate. Il Doi moi ha portato a un cambiamento di politica all&#8217;inizio degli anni &#8217;90, segnato dalla creazione di un ufficio centrale responsabile per le minoranze etniche.<\/p>\n<p>Le lingue minoritarie sono ora ufficialmente riconosciute e possono essere insegnate nelle scuole; le borse di studio consentono alle minoranze di frequentare gli istituti di istruzione superiore e vi \u00e8 ora una maggiore rappresentanza delle minoranze a tutti i livelli di governo.<\/p>\n<p>Le colture da reddito, come il legname e la frutta, sono state introdotte come alternativa alla caccia illegale, al disboscamento e alla coltivazione dell&#8217;oppio.<\/p>\n<p>Vengono inoltre promossi altri programmi di generazione di reddito e migliorati i programmi di assistenza sanitaria. Tutto ci\u00f2 \u00e8 stato accompagnato da iniziative volte a preservare la diversit\u00e0 culturale del Vietnam, motivate in parte dalla consapevolezza che le differenze etniche attirano pi\u00f9 turisti. Tuttavia, in molte aree, i modi di vita tradizionali delle minoranze si stanno rapidamente erodendo.<\/p>\n<p>Condividete questo articolo con i vostri amici, grazie mille!!!<\/p>\n","protected":false},"excerpt":{"rendered":"<p>Minoranze etniche in Vietnam Sei o sette milioni dei 93 milioni di abitanti del Vietnam comprendono circa 54 gruppi etnici suddivisi in decine di sottogruppi, di cui solo circa 100 sono minoranze etniche, dando al Vietnam la composizione etnica pi\u00f9 ricca e complessa di tutto il Sud-Est asiatico. I gruppi etnici minoritari con oltre 500.000 [&hellip;]<\/p>\n","protected":false},"author":15,"featured_media":14636,"comment_status":"open","ping_status":"open","sticky":false,"template":"","format":"standard","meta":{"footnotes":""},"categories":[1057,426],"tags":[1145],"class_list":["post-14626","post","type-post","status-publish","format-standard","has-post-thumbnail","hentry","category-blog-viaggio-vietnam","category-etnie-in-vietnam","tag-minoranze-etniche"],"acf":[],"yoast_head":"<!-- This site is optimized with the Yoast SEO plugin v27.5 - https:\/\/yoast.com\/product\/yoast-seo-wordpress\/ -->\n<title>Minoranze etniche in Vietnam - Amo Travel Italiano<\/title>\n<meta name=\"robots\" content=\"index, follow, max-snippet:-1, max-image-preview:large, max-video-preview:-1\" \/>\n<link rel=\"canonical\" href=\"https:\/\/www.amotravel.com\/it\/minoranze-etniche-in-vietnam\/\" \/>\n<meta property=\"og:locale\" content=\"vi_VN\" \/>\n<meta property=\"og:type\" content=\"article\" \/>\n<meta property=\"og:title\" content=\"Minoranze etniche in Vietnam - Amo Travel Italiano\" \/>\n<meta property=\"og:description\" content=\"Minoranze etniche in Vietnam Sei o sette milioni dei 93 milioni di abitanti del Vietnam comprendono circa 54 gruppi etnici suddivisi in decine di sottogruppi, di cui solo circa 100 sono minoranze etniche, dando al Vietnam la composizione etnica pi\u00f9 ricca e complessa di tutto il Sud-Est asiatico. I gruppi etnici minoritari con oltre 500.000 [&hellip;]\" \/>\n<meta property=\"og:url\" content=\"https:\/\/www.amotravel.com\/it\/minoranze-etniche-in-vietnam\/\" \/>\n<meta property=\"og:site_name\" content=\"Amo Travel Italiano\" \/>\n<meta property=\"article:publisher\" content=\"https:\/\/www.facebook.com\/AmoTravelItaliano\" \/>\n<meta property=\"article:published_time\" content=\"2022-11-15T16:49:45+00:00\" \/>\n<meta property=\"article:modified_time\" content=\"2022-12-30T03:55:06+00:00\" \/>\n<meta property=\"og:image\" content=\"https:\/\/www.amotravel.com\/it\/wp-content\/uploads\/2022\/11\/dao-\u0111\u1ecf-h\u00ecnh-n\u1ec1n-e1672372440284.jpg\" \/>\n\t<meta property=\"og:image:width\" content=\"570\" \/>\n\t<meta property=\"og:image:height\" content=\"379\" \/>\n\t<meta property=\"og:image:type\" content=\"image\/jpeg\" \/>\n<meta name=\"author\" content=\"Th\u1ee7y\" \/>\n<meta name=\"twitter:card\" content=\"summary_large_image\" \/>\n<meta name=\"twitter:label1\" content=\"\u0110\u01b0\u1ee3c vi\u1ebft b\u1edfi\" \/>\n\t<meta name=\"twitter:data1\" content=\"Th\u1ee7y\" \/>\n\t<meta name=\"twitter:label2\" content=\"\u01af\u1edbc t\u00ednh th\u1eddi gian \u0111\u1ecdc\" \/>\n\t<meta name=\"twitter:data2\" content=\"13 ph\u00fat\" \/>\n<script type=\"application\/ld+json\" class=\"yoast-schema-graph\">{\"@context\":\"https:\\\/\\\/schema.org\",\"@graph\":[{\"@type\":\"Article\",\"@id\":\"https:\\\/\\\/www.amotravel.com\\\/it\\\/minoranze-etniche-in-vietnam\\\/#article\",\"isPartOf\":{\"@id\":\"https:\\\/\\\/www.amotravel.com\\\/it\\\/minoranze-etniche-in-vietnam\\\/\"},\"author\":{\"name\":\"Th\u1ee7y\",\"@id\":\"https:\\\/\\\/www.amotravel.com\\\/it\\\/#\\\/schema\\\/person\\\/e4a4e0b7937afc125651190b8419bf4a\"},\"headline\":\"Minoranze etniche in Vietnam\",\"datePublished\":\"2022-11-15T16:49:45+00:00\",\"dateModified\":\"2022-12-30T03:55:06+00:00\",\"mainEntityOfPage\":{\"@id\":\"https:\\\/\\\/www.amotravel.com\\\/it\\\/minoranze-etniche-in-vietnam\\\/\"},\"wordCount\":2620,\"commentCount\":0,\"image\":{\"@id\":\"https:\\\/\\\/www.amotravel.com\\\/it\\\/minoranze-etniche-in-vietnam\\\/#primaryimage\"},\"thumbnailUrl\":\"https:\\\/\\\/www.amotravel.com\\\/it\\\/wp-content\\\/uploads\\\/2022\\\/11\\\/dao-\u0111\u1ecf-h\u00ecnh-n\u1ec1n-e1672372440284.jpg\",\"keywords\":[\"minoranze etniche\"],\"articleSection\":[\"Blog Viaggio Vietnam\",\"Etnie in Vietnam\"],\"inLanguage\":\"vi\",\"potentialAction\":[{\"@type\":\"CommentAction\",\"name\":\"Comment\",\"target\":[\"https:\\\/\\\/www.amotravel.com\\\/it\\\/minoranze-etniche-in-vietnam\\\/#respond\"]}]},{\"@type\":\"WebPage\",\"@id\":\"https:\\\/\\\/www.amotravel.com\\\/it\\\/minoranze-etniche-in-vietnam\\\/\",\"url\":\"https:\\\/\\\/www.amotravel.com\\\/it\\\/minoranze-etniche-in-vietnam\\\/\",\"name\":\"Minoranze etniche in Vietnam - Amo Travel Italiano\",\"isPartOf\":{\"@id\":\"https:\\\/\\\/www.amotravel.com\\\/it\\\/#website\"},\"primaryImageOfPage\":{\"@id\":\"https:\\\/\\\/www.amotravel.com\\\/it\\\/minoranze-etniche-in-vietnam\\\/#primaryimage\"},\"image\":{\"@id\":\"https:\\\/\\\/www.amotravel.com\\\/it\\\/minoranze-etniche-in-vietnam\\\/#primaryimage\"},\"thumbnailUrl\":\"https:\\\/\\\/www.amotravel.com\\\/it\\\/wp-content\\\/uploads\\\/2022\\\/11\\\/dao-\u0111\u1ecf-h\u00ecnh-n\u1ec1n-e1672372440284.jpg\",\"datePublished\":\"2022-11-15T16:49:45+00:00\",\"dateModified\":\"2022-12-30T03:55:06+00:00\",\"author\":{\"@id\":\"https:\\\/\\\/www.amotravel.com\\\/it\\\/#\\\/schema\\\/person\\\/e4a4e0b7937afc125651190b8419bf4a\"},\"breadcrumb\":{\"@id\":\"https:\\\/\\\/www.amotravel.com\\\/it\\\/minoranze-etniche-in-vietnam\\\/#breadcrumb\"},\"inLanguage\":\"vi\",\"potentialAction\":[{\"@type\":\"ReadAction\",\"target\":[\"https:\\\/\\\/www.amotravel.com\\\/it\\\/minoranze-etniche-in-vietnam\\\/\"]}]},{\"@type\":\"ImageObject\",\"inLanguage\":\"vi\",\"@id\":\"https:\\\/\\\/www.amotravel.com\\\/it\\\/minoranze-etniche-in-vietnam\\\/#primaryimage\",\"url\":\"https:\\\/\\\/www.amotravel.com\\\/it\\\/wp-content\\\/uploads\\\/2022\\\/11\\\/dao-\u0111\u1ecf-h\u00ecnh-n\u1ec1n-e1672372440284.jpg\",\"contentUrl\":\"https:\\\/\\\/www.amotravel.com\\\/it\\\/wp-content\\\/uploads\\\/2022\\\/11\\\/dao-\u0111\u1ecf-h\u00ecnh-n\u1ec1n-e1672372440284.jpg\",\"width\":570,\"height\":379},{\"@type\":\"BreadcrumbList\",\"@id\":\"https:\\\/\\\/www.amotravel.com\\\/it\\\/minoranze-etniche-in-vietnam\\\/#breadcrumb\",\"itemListElement\":[{\"@type\":\"ListItem\",\"position\":1,\"name\":\"Home\",\"item\":\"https:\\\/\\\/www.amotravel.com\\\/it\\\/\"},{\"@type\":\"ListItem\",\"position\":2,\"name\":\"Minoranze etniche in Vietnam\"}]},{\"@type\":\"WebSite\",\"@id\":\"https:\\\/\\\/www.amotravel.com\\\/it\\\/#website\",\"url\":\"https:\\\/\\\/www.amotravel.com\\\/it\\\/\",\"name\":\"Amo Travel Italiano\",\"description\":\"\",\"potentialAction\":[{\"@type\":\"SearchAction\",\"target\":{\"@type\":\"EntryPoint\",\"urlTemplate\":\"https:\\\/\\\/www.amotravel.com\\\/it\\\/?s={search_term_string}\"},\"query-input\":{\"@type\":\"PropertyValueSpecification\",\"valueRequired\":true,\"valueName\":\"search_term_string\"}}],\"inLanguage\":\"vi\"},{\"@type\":\"Person\",\"@id\":\"https:\\\/\\\/www.amotravel.com\\\/it\\\/#\\\/schema\\\/person\\\/e4a4e0b7937afc125651190b8419bf4a\",\"name\":\"Th\u1ee7y\",\"image\":{\"@type\":\"ImageObject\",\"inLanguage\":\"vi\",\"@id\":\"https:\\\/\\\/www.amotravel.com\\\/it\\\/wp-content\\\/litespeed\\\/avatar\\\/d5df0229dc204f85f13b9304135ddd14.jpg?ver=1777536547\",\"url\":\"https:\\\/\\\/www.amotravel.com\\\/it\\\/wp-content\\\/litespeed\\\/avatar\\\/d5df0229dc204f85f13b9304135ddd14.jpg?ver=1777536547\",\"contentUrl\":\"https:\\\/\\\/www.amotravel.com\\\/it\\\/wp-content\\\/litespeed\\\/avatar\\\/d5df0229dc204f85f13b9304135ddd14.jpg?ver=1777536547\",\"caption\":\"Th\u1ee7y\"},\"url\":\"https:\\\/\\\/www.amotravel.com\\\/it\\\/author\\\/thuyamo\\\/\"}]}<\/script>\n<!-- \/ Yoast SEO plugin. -->","yoast_head_json":{"title":"Minoranze etniche in Vietnam - Amo Travel Italiano","robots":{"index":"index","follow":"follow","max-snippet":"max-snippet:-1","max-image-preview":"max-image-preview:large","max-video-preview":"max-video-preview:-1"},"canonical":"https:\/\/www.amotravel.com\/it\/minoranze-etniche-in-vietnam\/","og_locale":"vi_VN","og_type":"article","og_title":"Minoranze etniche in Vietnam - Amo Travel Italiano","og_description":"Minoranze etniche in Vietnam Sei o sette milioni dei 93 milioni di abitanti del Vietnam comprendono circa 54 gruppi etnici suddivisi in decine di sottogruppi, di cui solo circa 100 sono minoranze etniche, dando al Vietnam la composizione etnica pi\u00f9 ricca e complessa di tutto il Sud-Est asiatico. I gruppi etnici minoritari con oltre 500.000 [&hellip;]","og_url":"https:\/\/www.amotravel.com\/it\/minoranze-etniche-in-vietnam\/","og_site_name":"Amo Travel Italiano","article_publisher":"https:\/\/www.facebook.com\/AmoTravelItaliano","article_published_time":"2022-11-15T16:49:45+00:00","article_modified_time":"2022-12-30T03:55:06+00:00","og_image":[{"width":570,"height":379,"url":"https:\/\/www.amotravel.com\/it\/wp-content\/uploads\/2022\/11\/dao-\u0111\u1ecf-h\u00ecnh-n\u1ec1n-e1672372440284.jpg","type":"image\/jpeg"}],"author":"Th\u1ee7y","twitter_card":"summary_large_image","twitter_misc":{"\u0110\u01b0\u1ee3c vi\u1ebft b\u1edfi":"Th\u1ee7y","\u01af\u1edbc t\u00ednh th\u1eddi gian \u0111\u1ecdc":"13 ph\u00fat"},"schema":{"@context":"https:\/\/schema.org","@graph":[{"@type":"Article","@id":"https:\/\/www.amotravel.com\/it\/minoranze-etniche-in-vietnam\/#article","isPartOf":{"@id":"https:\/\/www.amotravel.com\/it\/minoranze-etniche-in-vietnam\/"},"author":{"name":"Th\u1ee7y","@id":"https:\/\/www.amotravel.com\/it\/#\/schema\/person\/e4a4e0b7937afc125651190b8419bf4a"},"headline":"Minoranze etniche in Vietnam","datePublished":"2022-11-15T16:49:45+00:00","dateModified":"2022-12-30T03:55:06+00:00","mainEntityOfPage":{"@id":"https:\/\/www.amotravel.com\/it\/minoranze-etniche-in-vietnam\/"},"wordCount":2620,"commentCount":0,"image":{"@id":"https:\/\/www.amotravel.com\/it\/minoranze-etniche-in-vietnam\/#primaryimage"},"thumbnailUrl":"https:\/\/www.amotravel.com\/it\/wp-content\/uploads\/2022\/11\/dao-\u0111\u1ecf-h\u00ecnh-n\u1ec1n-e1672372440284.jpg","keywords":["minoranze etniche"],"articleSection":["Blog Viaggio Vietnam","Etnie in Vietnam"],"inLanguage":"vi","potentialAction":[{"@type":"CommentAction","name":"Comment","target":["https:\/\/www.amotravel.com\/it\/minoranze-etniche-in-vietnam\/#respond"]}]},{"@type":"WebPage","@id":"https:\/\/www.amotravel.com\/it\/minoranze-etniche-in-vietnam\/","url":"https:\/\/www.amotravel.com\/it\/minoranze-etniche-in-vietnam\/","name":"Minoranze etniche in Vietnam - Amo Travel Italiano","isPartOf":{"@id":"https:\/\/www.amotravel.com\/it\/#website"},"primaryImageOfPage":{"@id":"https:\/\/www.amotravel.com\/it\/minoranze-etniche-in-vietnam\/#primaryimage"},"image":{"@id":"https:\/\/www.amotravel.com\/it\/minoranze-etniche-in-vietnam\/#primaryimage"},"thumbnailUrl":"https:\/\/www.amotravel.com\/it\/wp-content\/uploads\/2022\/11\/dao-\u0111\u1ecf-h\u00ecnh-n\u1ec1n-e1672372440284.jpg","datePublished":"2022-11-15T16:49:45+00:00","dateModified":"2022-12-30T03:55:06+00:00","author":{"@id":"https:\/\/www.amotravel.com\/it\/#\/schema\/person\/e4a4e0b7937afc125651190b8419bf4a"},"breadcrumb":{"@id":"https:\/\/www.amotravel.com\/it\/minoranze-etniche-in-vietnam\/#breadcrumb"},"inLanguage":"vi","potentialAction":[{"@type":"ReadAction","target":["https:\/\/www.amotravel.com\/it\/minoranze-etniche-in-vietnam\/"]}]},{"@type":"ImageObject","inLanguage":"vi","@id":"https:\/\/www.amotravel.com\/it\/minoranze-etniche-in-vietnam\/#primaryimage","url":"https:\/\/www.amotravel.com\/it\/wp-content\/uploads\/2022\/11\/dao-\u0111\u1ecf-h\u00ecnh-n\u1ec1n-e1672372440284.jpg","contentUrl":"https:\/\/www.amotravel.com\/it\/wp-content\/uploads\/2022\/11\/dao-\u0111\u1ecf-h\u00ecnh-n\u1ec1n-e1672372440284.jpg","width":570,"height":379},{"@type":"BreadcrumbList","@id":"https:\/\/www.amotravel.com\/it\/minoranze-etniche-in-vietnam\/#breadcrumb","itemListElement":[{"@type":"ListItem","position":1,"name":"Home","item":"https:\/\/www.amotravel.com\/it\/"},{"@type":"ListItem","position":2,"name":"Minoranze etniche in Vietnam"}]},{"@type":"WebSite","@id":"https:\/\/www.amotravel.com\/it\/#website","url":"https:\/\/www.amotravel.com\/it\/","name":"Amo Travel Italiano","description":"","potentialAction":[{"@type":"SearchAction","target":{"@type":"EntryPoint","urlTemplate":"https:\/\/www.amotravel.com\/it\/?s={search_term_string}"},"query-input":{"@type":"PropertyValueSpecification","valueRequired":true,"valueName":"search_term_string"}}],"inLanguage":"vi"},{"@type":"Person","@id":"https:\/\/www.amotravel.com\/it\/#\/schema\/person\/e4a4e0b7937afc125651190b8419bf4a","name":"Th\u1ee7y","image":{"@type":"ImageObject","inLanguage":"vi","@id":"https:\/\/www.amotravel.com\/it\/wp-content\/litespeed\/avatar\/d5df0229dc204f85f13b9304135ddd14.jpg?ver=1777536547","url":"https:\/\/www.amotravel.com\/it\/wp-content\/litespeed\/avatar\/d5df0229dc204f85f13b9304135ddd14.jpg?ver=1777536547","contentUrl":"https:\/\/www.amotravel.com\/it\/wp-content\/litespeed\/avatar\/d5df0229dc204f85f13b9304135ddd14.jpg?ver=1777536547","caption":"Th\u1ee7y"},"url":"https:\/\/www.amotravel.com\/it\/author\/thuyamo\/"}]}},"_links":{"self":[{"href":"https:\/\/www.amotravel.com\/it\/wp-json\/wp\/v2\/posts\/14626","targetHints":{"allow":["GET"]}}],"collection":[{"href":"https:\/\/www.amotravel.com\/it\/wp-json\/wp\/v2\/posts"}],"about":[{"href":"https:\/\/www.amotravel.com\/it\/wp-json\/wp\/v2\/types\/post"}],"author":[{"embeddable":true,"href":"https:\/\/www.amotravel.com\/it\/wp-json\/wp\/v2\/users\/15"}],"replies":[{"embeddable":true,"href":"https:\/\/www.amotravel.com\/it\/wp-json\/wp\/v2\/comments?post=14626"}],"version-history":[{"count":0,"href":"https:\/\/www.amotravel.com\/it\/wp-json\/wp\/v2\/posts\/14626\/revisions"}],"wp:featuredmedia":[{"embeddable":true,"href":"https:\/\/www.amotravel.com\/it\/wp-json\/wp\/v2\/media\/14636"}],"wp:attachment":[{"href":"https:\/\/www.amotravel.com\/it\/wp-json\/wp\/v2\/media?parent=14626"}],"wp:term":[{"taxonomy":"category","embeddable":true,"href":"https:\/\/www.amotravel.com\/it\/wp-json\/wp\/v2\/categories?post=14626"},{"taxonomy":"post_tag","embeddable":true,"href":"https:\/\/www.amotravel.com\/it\/wp-json\/wp\/v2\/tags?post=14626"}],"curies":[{"name":"wp","href":"https:\/\/api.w.org\/{rel}","templated":true}]}}