{"id":13667,"date":"2021-03-19T12:25:38","date_gmt":"2021-03-19T12:25:38","guid":{"rendered":"https:\/\/www.amotravel.com\/it\/?p=13667"},"modified":"2021-03-19T12:30:46","modified_gmt":"2021-03-19T12:30:46","slug":"viaggio-fotografico-in-vietnam-con-noi","status":"publish","type":"post","link":"https:\/\/www.amotravel.com\/it\/viaggio-fotografico-in-vietnam-con-noi\/","title":{"rendered":"Viaggio fotografico in Vietnam con Amo Travel"},"content":{"rendered":"<p><strong>Tour di viaggio fotografici in Vietnam<\/strong><\/p><div id=\"ez-toc-container\" class=\"ez-toc-v2_0_82_2 counter-hierarchy ez-toc-counter ez-toc-grey ez-toc-container-direction\">\n<div class=\"ez-toc-title-container\">\n<p class=\"ez-toc-title\" style=\"cursor:inherit\">Table of Contents<\/p>\n<span class=\"ez-toc-title-toggle\"><a href=\"#\" class=\"ez-toc-pull-right ez-toc-btn ez-toc-btn-xs ez-toc-btn-default ez-toc-toggle\" aria-label=\"Toggle Table of Content\"><span class=\"ez-toc-js-icon-con\"><span class=\"\"><span class=\"eztoc-hide\" style=\"display:none;\">Toggle<\/span><span class=\"ez-toc-icon-toggle-span\"><svg style=\"fill: #999;color:#999\" xmlns=\"http:\/\/www.w3.org\/2000\/svg\" class=\"list-377408\" width=\"20px\" height=\"20px\" viewBox=\"0 0 24 24\" fill=\"none\"><path d=\"M6 6H4v2h2V6zm14 0H8v2h12V6zM4 11h2v2H4v-2zm16 0H8v2h12v-2zM4 16h2v2H4v-2zm16 0H8v2h12v-2z\" fill=\"currentColor\"><\/path><\/svg><svg style=\"fill: #999;color:#999\" class=\"arrow-unsorted-368013\" xmlns=\"http:\/\/www.w3.org\/2000\/svg\" width=\"10px\" height=\"10px\" viewBox=\"0 0 24 24\" version=\"1.2\" baseProfile=\"tiny\"><path d=\"M18.2 9.3l-6.2-6.3-6.2 6.3c-.2.2-.3.4-.3.7s.1.5.3.7c.2.2.4.3.7.3h11c.3 0 .5-.1.7-.3.2-.2.3-.5.3-.7s-.1-.5-.3-.7zM5.8 14.7l6.2 6.3 6.2-6.3c.2-.2.3-.5.3-.7s-.1-.5-.3-.7c-.2-.2-.4-.3-.7-.3h-11c-.3 0-.5.1-.7.3-.2.2-.3.5-.3.7s.1.5.3.7z\"\/><\/svg><\/span><\/span><\/span><\/a><\/span><\/div>\n<nav><ul class='ez-toc-list ez-toc-list-level-1 ' ><li class='ez-toc-page-1 ez-toc-heading-level-3'><a class=\"ez-toc-link ez-toc-heading-1\" href=\"https:\/\/www.amotravel.com\/it\/viaggio-fotografico-in-vietnam-con-noi\/#Hanoi\" >Hanoi<\/a><\/li><li class='ez-toc-page-1 ez-toc-heading-level-3'><a class=\"ez-toc-link ez-toc-heading-2\" href=\"https:\/\/www.amotravel.com\/it\/viaggio-fotografico-in-vietnam-con-noi\/#Baia_di_Halong\" >Baia di Halong<\/a><\/li><li class='ez-toc-page-1 ez-toc-heading-level-3'><a class=\"ez-toc-link ez-toc-heading-3\" href=\"https:\/\/www.amotravel.com\/it\/viaggio-fotografico-in-vietnam-con-noi\/#Sapa_Bac_Ha\" >Sapa, Bac Ha<\/a><\/li><li class='ez-toc-page-1 ez-toc-heading-level-3'><a class=\"ez-toc-link ez-toc-heading-4\" href=\"https:\/\/www.amotravel.com\/it\/viaggio-fotografico-in-vietnam-con-noi\/#Ha_Giang\" >Ha Giang<\/a><ul class='ez-toc-list-level-4' ><li class='ez-toc-heading-level-4'><a class=\"ez-toc-link ez-toc-heading-5\" href=\"https:\/\/www.amotravel.com\/it\/viaggio-fotografico-in-vietnam-con-noi\/#Cosa_fare_a_Hagiang_per_il_tuo_viaggio_fotografico\" >Cosa fare a Hagiang per il tuo viaggio fotografico<\/a><\/li><\/ul><\/li><li class='ez-toc-page-1 ez-toc-heading-level-3'><a class=\"ez-toc-link ez-toc-heading-6\" href=\"https:\/\/www.amotravel.com\/it\/viaggio-fotografico-in-vietnam-con-noi\/#Ecco_alcune_foto_da_loro_scattate\" >Ecco alcune foto da loro scattate<\/a><\/li><\/ul><\/nav><\/div>\n\n<p>Organizziamo viaggi attraverso una terra affascinante e ricca di contrasti in Vietnam con alcuni tour interessanti (con il link sotto) accompagnati da un fotografo\u00a0professionista \u00e8 immensa. Questa formula non \u00e8 affatto un viaggio di stage fotografico.<\/p>\n<p>Offriamo diversi viaggi fotografici\u00a0e workshop che vanno dai 10 ai 25 giorni . Per maggiori informazioni su questi viaggi vi invitiamo a scoprire sul nostro sito: VIAGGI FOTOGRAFICI IN VIETNAM. In tutti questi viaggi, sarai accompagnato da guide vietnamite di lingua francese con professionalit\u00e0 e passione.<\/p>\n<p>Le nostre guide comprendono appieno le visione di un fotografo e ti forniranno opportunit\u00e0 uniche per fotografare paesaggi, ritratti, monumenti e vivere\u00a0appieno lo spirito\u00a0e l&#8217;atmosfera reale\u00a0del\u00a0paese durante il tuo soggiorno. Appassionati di fotografia, hanno tutti accompagnato gruppi di fotografi professionisti, saranno felici di mettere la loro esperienza al vostro servizio. Ti guideranno verso le mete dove avrai l&#8217;occasione di fotografare paesaggi fuori dal comune.<\/p>\n<p>Il Vietnam del Nord \u00e8 un must per un viaggio fotografico. Non mancano i colori, le emozioni, il sapore della grande impresa e garantisce perfettamente un cambio totale di scenario per un fotografo occidentale. Questo \u00e8 il motivo per cui i fotografi innamorati del suo fascino vi ritornano molte volte per catturare le sue bellezze autentica e vivide.<\/p>\n<p><span data-sheets-value=\"{&quot;1&quot;:2,&quot;2&quot;:&quot;&quot;}\" data-sheets-userformat=\"{&quot;2&quot;:6659,&quot;3&quot;:{&quot;1&quot;:0},&quot;4&quot;:[null,2,16777215],&quot;12&quot;:0,&quot;14&quot;:[null,2,4473924],&quot;15&quot;:&quot;Arial&quot;}\"><a class=\"maxbutton-7 maxbutton maxbutton-contattaci-ora\" title=\"CONTATTACI ORA\" href=\"https:\/\/www.amotravel.com\/it\/contattaci\/\"><span class='mb-text'>CONTATTACI ORA<\/span><\/a><\/span><\/p>\n<p>Per\u00a0un buon reportage\u00a0fotografico\u00a0di\u00a0viaggio\u00a0bisogna studiare le destinazioni che andrete a vedere.\u00a0 Alcuni luoghi per chi ama scoprire nuovi paesaggi, culture diverse e un altro modo di vivere e cerca lo scenario da togliere il fiato del Vietnam del Nord:<\/p>\n<h3><span class=\"ez-toc-section\" id=\"Hanoi\"><\/span><strong>Hanoi<\/strong><span class=\"ez-toc-section-end\"><\/span><\/h3>\n<p>Capitale dal fascino millenario. Vi consiglio di fermarvi almeno due giorni nelle strade commerciali di Hanoi. \u00c8 rumoroso e frenetico ma la vita di tutti i giorni in questo GRANDE VILLAGGIO \u00e8 super fotogenica. Queste vivaci e colorate 36 strade ci consentiranno di scattare\u00a0foto originali.<\/p>\n<figure id=\"attachment_6677\" aria-describedby=\"caption-attachment-6677\" style=\"width: 640px\" class=\"wp-caption aligncenter\"><img decoding=\"async\" class=\"wp-image-6677 size-large\" src=\"https:\/\/www.amotravel.com\/it\/wp-content\/uploads\/2020\/04\/hanoi-vietnam-20-700x443.jpg\" alt=\"Viaggio fotografico in Vietnam con noi\" width=\"640\" height=\"405\" srcset=\"https:\/\/www.amotravel.com\/it\/wp-content\/uploads\/2020\/04\/hanoi-vietnam-20-700x443.jpg 700w, https:\/\/www.amotravel.com\/it\/wp-content\/uploads\/2020\/04\/hanoi-vietnam-20-300x190.jpg 300w, https:\/\/www.amotravel.com\/it\/wp-content\/uploads\/2020\/04\/hanoi-vietnam-20.jpg 870w\" sizes=\"(max-width: 640px) 100vw, 640px\" \/><figcaption id=\"caption-attachment-6677\" class=\"wp-caption-text\">Ferrovia di Hanoi<\/figcaption><\/figure>\n<h3><span class=\"ez-toc-section\" id=\"Baia_di_Halong\"><\/span>Baia di Halong<span class=\"ez-toc-section-end\"><\/span><\/h3>\n<p>\u00c8 \u00a0diventata, a pieno titolo, Patrimonio dell&#8217;Umanit\u00e0. Il suo fascino \u00e8 indiscutibile ed \u00e8 oggetto davvero indispensabile di tutti i viaggi fotografici nel Vietnam del Nord malgrado la nebbia. Infatti, rimaniamo stupiti dalla sua bellezza meravigliosa.<\/p>\n<figure id=\"attachment_6653\" aria-describedby=\"caption-attachment-6653\" style=\"width: 640px\" class=\"wp-caption aligncenter\"><img decoding=\"async\" class=\"wp-image-6653 size-large\" src=\"https:\/\/www.amotravel.com\/it\/wp-content\/uploads\/2020\/04\/ha-long-bay-vietnam-1-700x443.jpg\" alt=\"Viaggio fotografico in Vietnam con noi\" width=\"640\" height=\"405\" srcset=\"https:\/\/www.amotravel.com\/it\/wp-content\/uploads\/2020\/04\/ha-long-bay-vietnam-1-700x443.jpg 700w, https:\/\/www.amotravel.com\/it\/wp-content\/uploads\/2020\/04\/ha-long-bay-vietnam-1-300x190.jpg 300w, https:\/\/www.amotravel.com\/it\/wp-content\/uploads\/2020\/04\/ha-long-bay-vietnam-1.jpg 870w\" sizes=\"(max-width: 640px) 100vw, 640px\" \/><figcaption id=\"caption-attachment-6653\" class=\"wp-caption-text\">Tramonto nella Baia di Halong<\/figcaption><\/figure>\n<p><span data-sheets-value=\"{&quot;1&quot;:2,&quot;2&quot;:&quot;&quot;}\" data-sheets-userformat=\"{&quot;2&quot;:6659,&quot;3&quot;:{&quot;1&quot;:0},&quot;4&quot;:[null,2,16777215],&quot;12&quot;:0,&quot;14&quot;:[null,2,4473924],&quot;15&quot;:&quot;Arial&quot;}\"><a class=\"maxbutton-6 maxbutton maxbutton-contattaci-subito\" target=\"_blank\" rel=\"noopener\" href=\"https:\/\/www.amotravel.com\/it\/contattaci\/\"><span class='mb-text'>CONTATTACI SUBITO<\/span><\/a><\/span><\/p>\n<h3><span class=\"ez-toc-section\" id=\"Sapa_Bac_Ha\"><\/span><strong>Sapa, Bac Ha<\/strong><span class=\"ez-toc-section-end\"><\/span><\/h3>\n<p>Il nord del Vietnam \u00e8 abitato da differenti gruppi etnici grazie ai quali, sopravvivono ancora oggi gli usi, i costumi e la cultura che li contraddistingue ogni giorno e nei mercati multietnici in tutti i comuni del nord.<\/p>\n<p>Questa \u00e8 l&#8217;OCCASIONE per avere la migliore idea della vita di montagna e scattare delle fotografie uniche ed incredibili di reportage Sapa. \u00c8 occupato da\u00a0colline\u00a0che nel corso dei secoli sono state sapientemente lavorate a\u00a0terrazzamenti\u00a0per la coltivazione del riso creando un\u00a0paesaggio spettacolare\u00a0unico nel suo genere simili a Bali o Yuan yang, ma devi stare attento con il tuo programma.<\/p>\n<p>Per avere le foti di quei paesaggi unici e mozzafiato, meglio venire nei mesi di coltivazione del riso per riempirti di colori e attivit\u00e0: aprile (inizio del travaglio) e soprattutto settembre &#8211; ottobre (periodo di maturit\u00e0 del riso \u2013 pi\u00f9 suggestivi\u00a0).<\/p>\n<figure id=\"attachment_6775\" aria-describedby=\"caption-attachment-6775\" style=\"width: 640px\" class=\"wp-caption aligncenter\"><img decoding=\"async\" class=\"wp-image-6775 size-large\" src=\"https:\/\/www.amotravel.com\/it\/wp-content\/uploads\/2020\/04\/sapa-vietnam-7-700x443.jpg\" alt=\"Viaggio fotografico in Vietnam con noi\" width=\"640\" height=\"405\" srcset=\"https:\/\/www.amotravel.com\/it\/wp-content\/uploads\/2020\/04\/sapa-vietnam-7-700x443.jpg 700w, https:\/\/www.amotravel.com\/it\/wp-content\/uploads\/2020\/04\/sapa-vietnam-7-300x190.jpg 300w, https:\/\/www.amotravel.com\/it\/wp-content\/uploads\/2020\/04\/sapa-vietnam-7.jpg 870w\" sizes=\"(max-width: 640px) 100vw, 640px\" \/><figcaption id=\"caption-attachment-6775\" class=\"wp-caption-text\">Risaie a terrazza a Sapa<\/figcaption><\/figure>\n<h3><span class=\"ez-toc-section\" id=\"Ha_Giang\"><\/span>Ha Giang<span class=\"ez-toc-section-end\"><\/span><\/h3>\n<p>\u00c8 considerata probabilmente la provincia pi\u00f9 povera del Vietnam del Nord. Si trova all&#8217;estremit\u00e0 settentrionale ed \u00e8 circondato da montagne che ma offre pi\u00f9 paesaggi mozzafiati in qualsiasi posto del paese. Non \u00e8 una provincia remota perch\u00e9 collegata ad Hanoi da un ottimo sistema stradale, ci vogliono 6 ore.<\/p>\n<p>D&#8217;altra parte, \u00e8 priva di risorse naturali, scarsamente industrializzata e abitata per una larga maggioranza da gruppi etnici minoritari (tra cui Hmong, Lolo, Pupeo, Pa Then, Nung, La chi, Bu y) che per alcune delle minoranze etnicihe sono sconosciute alla popolazione.<\/p>\n<p>Questi ultimi scelgono i loro villaggi in luoghi piuttosto remoti e lontani dalla civilt\u00e0, da tutti e da tutto. All&#8217;improvviso, questo isolamento preserva il carattere delle loro tradizioni che si stanno perdendo sempre di pi\u00f9 nelle altre province.<\/p>\n<p>Oltre alla\u00a0fauna e flora incontaminate,\u00a0possiamo dire che Hagiang rimane come una delle ultime oasi di valori antichi, immagini antiche e tradizioni ancestrali dove studierete l&#8217;inquadratura pi\u00f9 adeguata per ottenere gli\u00a0scatti migliori.<\/p>\n<p><img decoding=\"async\" class=\"aligncenter wp-image-13662 size-large\" src=\"https:\/\/www.amotravel.com\/it\/wp-content\/uploads\/2021\/03\/REDSVN-Vietnam-Photonet-02-700x441.jpg\" alt=\"Viaggio fotografico in Vietnam con noi\" width=\"640\" height=\"403\" srcset=\"https:\/\/www.amotravel.com\/it\/wp-content\/uploads\/2021\/03\/REDSVN-Vietnam-Photonet-02-700x441.jpg 700w, https:\/\/www.amotravel.com\/it\/wp-content\/uploads\/2021\/03\/REDSVN-Vietnam-Photonet-02-300x189.jpg 300w, https:\/\/www.amotravel.com\/it\/wp-content\/uploads\/2021\/03\/REDSVN-Vietnam-Photonet-02.jpg 1000w\" sizes=\"(max-width: 640px) 100vw, 640px\" \/><\/p>\n<p><span data-sheets-value=\"{&quot;1&quot;:2,&quot;2&quot;:&quot;&quot;}\" data-sheets-userformat=\"{&quot;2&quot;:4737,&quot;3&quot;:{&quot;1&quot;:0},&quot;10&quot;:2,&quot;12&quot;:0,&quot;15&quot;:&quot;Arial&quot;}\"><a class=\"maxbutton-2 maxbutton maxbutton-personalizza-il-viaggio\" target=\"_blank\" rel=\"noopener\" href=\"https:\/\/www.amotravel.com\/it\/personalizza-il-viaggio\/\"><span class='mb-text'>PERSONALIZZA IL VIAGGIO<\/span><\/a><\/span><\/p>\n<h4><span class=\"ez-toc-section\" id=\"Cosa_fare_a_Hagiang_per_il_tuo_viaggio_fotografico\"><\/span>Cosa fare a Hagiang per il tuo viaggio fotografico<span class=\"ez-toc-section-end\"><\/span><\/h4>\n<p>&#8211; Visita dei villaggi del Red Dao (Zao) intorno alla citt\u00e0 di Hagiang e dei villaggi di Tay ai piedi della catena montuosa di Cao Banh che vi permette di realizzare scatti unici e straordinari. Questo \u00e8 l&#8217;UNICO posto in Vietnam dove vedi un gran numero di palafitte CHAUME come 50 anni fa nel resto del Nord. Il resto del Vietnam settentrionale \u00e8 completamente infettato da tetti \u00a0realizzati in fibrocemento.<\/p>\n<p>&#8211; Vista della citt\u00e0 di Quang Ba, una magnifica valle ricco di colline verdegginati di riso e poi le 2 famose mammelle FEES<\/p>\n<p>&#8211; Mercato di Dong Van e il suo centro storico. Dovresti sapere che nel vecchio quartiere non \u00e8 rimasto molto. Tuttavia, ti suggerisco altamente di vedere il mercato la domenica mattina in quanto rimane una FESTA locale da non perdere. Inoltre, questo mercato \u00e8 finore perso dei turisti a differenza dei mercati di Bac Ha, Coc Ly, Can Cau.<\/p>\n<p>&#8211; Villaggi Hmong sulla strada per Dong Van: Lung Tam, Pho Cao, Saphin e Sung La. Queste sono le tappe irrinunaciabili per vedere gli antichissimi villaggi dei Hmong Bianco. Questi sono villaggi che rievocano i vecchi tempi con fango e muri di pietra.<\/p>\n<p>&#8211; Fermati sulla strada per Dong Van &#8211; Meo Vac per la vista della gola di Nho Que.<\/p>\n<p>&#8211; Strada per Male e Lung Cu con magnifici paesaggi simili al Grand Canyon del Colorado.<\/p>\n<h3><span class=\"ez-toc-section\" id=\"Ecco_alcune_foto_da_loro_scattate\"><\/span>Ecco alcune foto da loro scattate<span class=\"ez-toc-section-end\"><\/span><\/h3>\n<p><img decoding=\"async\" class=\"aligncenter wp-image-13665 size-large\" src=\"https:\/\/www.amotravel.com\/it\/wp-content\/uploads\/2021\/03\/voyage-au-Vietnam-1-700x311.png\" alt=\"\" width=\"640\" height=\"284\" srcset=\"https:\/\/www.amotravel.com\/it\/wp-content\/uploads\/2021\/03\/voyage-au-Vietnam-1-700x311.png 700w, https:\/\/www.amotravel.com\/it\/wp-content\/uploads\/2021\/03\/voyage-au-Vietnam-1-300x133.png 300w, https:\/\/www.amotravel.com\/it\/wp-content\/uploads\/2021\/03\/voyage-au-Vietnam-1.png 1200w\" sizes=\"(max-width: 640px) 100vw, 640px\" \/><\/p>\n<p><img decoding=\"async\" class=\"aligncenter wp-image-6739 size-large\" src=\"https:\/\/www.amotravel.com\/it\/wp-content\/uploads\/2020\/04\/ninh-binh-vietnam-2-700x443.jpg\" alt=\"\" width=\"640\" height=\"405\" srcset=\"https:\/\/www.amotravel.com\/it\/wp-content\/uploads\/2020\/04\/ninh-binh-vietnam-2-700x443.jpg 700w, https:\/\/www.amotravel.com\/it\/wp-content\/uploads\/2020\/04\/ninh-binh-vietnam-2-300x190.jpg 300w, https:\/\/www.amotravel.com\/it\/wp-content\/uploads\/2020\/04\/ninh-binh-vietnam-2.jpg 870w\" sizes=\"(max-width: 640px) 100vw, 640px\" \/><\/p>\n<p><img decoding=\"async\" class=\"aligncenter wp-image-6602 size-large\" src=\"https:\/\/www.amotravel.com\/it\/wp-content\/uploads\/2020\/04\/cao-bang-vietnam-2-700x443.jpg\" alt=\"\" width=\"640\" height=\"405\" srcset=\"https:\/\/www.amotravel.com\/it\/wp-content\/uploads\/2020\/04\/cao-bang-vietnam-2-700x443.jpg 700w, https:\/\/www.amotravel.com\/it\/wp-content\/uploads\/2020\/04\/cao-bang-vietnam-2-300x190.jpg 300w, https:\/\/www.amotravel.com\/it\/wp-content\/uploads\/2020\/04\/cao-bang-vietnam-2.jpg 870w\" sizes=\"(max-width: 640px) 100vw, 640px\" \/><\/p>\n<p><img decoding=\"async\" class=\"aligncenter wp-image-13663 size-large\" src=\"https:\/\/www.amotravel.com\/it\/wp-content\/uploads\/2021\/03\/Photographie-pendant-le-voyage-au-Vietnam-700x399.jpg\" alt=\"\" width=\"640\" height=\"365\" srcset=\"https:\/\/www.amotravel.com\/it\/wp-content\/uploads\/2021\/03\/Photographie-pendant-le-voyage-au-Vietnam-700x399.jpg 700w, https:\/\/www.amotravel.com\/it\/wp-content\/uploads\/2021\/03\/Photographie-pendant-le-voyage-au-Vietnam-300x171.jpg 300w, https:\/\/www.amotravel.com\/it\/wp-content\/uploads\/2021\/03\/Photographie-pendant-le-voyage-au-Vietnam.jpg 736w\" sizes=\"(max-width: 640px) 100vw, 640px\" \/><\/p>\n<p><span data-sheets-value=\"{&quot;1&quot;:2,&quot;2&quot;:&quot;AMO TRAVEL | Il Pioniere Tour Operatore per Vietnam, Cambogia, Laos, Myanmar e Thailandia\\nLicenza No: 01-578 \/ 2013 \/ TCDL-GPLHQT\\nSede principale: 7, 173\/75 Hoang Hoa Tham, Ba Dinh, Hanoi, Vietnam\\nLinea diretta\/WhatsApp: +84-913552325  |  Tel: +84-24-7303 8186 |  Email: sales@amotravel.com\\nWeb: https:\/\/amotravel.com (In Inglese)\\nhttps:\/\/www.amotravel.com\/it\/ (In Italiano)\\nhttps:\/\/www.amotravel.com\/fr\/ (In Francese)&quot;}\" data-sheets-userformat=\"{&quot;2&quot;:1053569,&quot;3&quot;:{&quot;1&quot;:0},&quot;10&quot;:1,&quot;11&quot;:4,&quot;12&quot;:0,&quot;15&quot;:&quot;Arial&quot;,&quot;23&quot;:1}\" data-sheets-textstyleruns=\"[null,0,{&quot;5&quot;:1}]\uee10{&quot;1&quot;:89}\"><strong>AMO TRAVEL | Il Pioniere Tour Operatore per Vietnam, Cambogia, Laos, Myanmar e Thailandia<\/strong><br \/>\nLicenza No: 01-578 \/ 2013 \/ TCDL-GPLHQT<br \/>\nSede principale: 7, 173\/75 Hoang Hoa Tham, Ba Dinh, Hanoi, Vietnam<br \/>\nLinea diretta\/WhatsApp: +84-913552325 | Tel: +84-24-7303 8186 | Email: sales@amotravel.com<br \/>\nWeb: https:\/\/amotravel.com (In Inglese)<br \/>\nhttps:\/\/www.amotravel.com\/it\/ (In Italiano)<br \/>\nhttps:\/\/www.amotravel.com\/fr\/ (In Francese)<\/span><\/p>\n<p><span data-sheets-value=\"{&quot;1&quot;:2,&quot;2&quot;:&quot;&quot;}\" data-sheets-userformat=\"{&quot;2&quot;:6659,&quot;3&quot;:{&quot;1&quot;:0},&quot;4&quot;:[null,2,16777215],&quot;12&quot;:0,&quot;14&quot;:[null,2,4473924],&quot;15&quot;:&quot;Arial&quot;}\"><a class=\"maxbutton-3 maxbutton maxbutton-crea-il-vostro-viaggio\" href=\"https:\/\/www.amotravel.com\/it\/personalizza-il-viaggio\/\"><span class='mb-text'>CREA IL VOSTRO VIAGGIO!<\/span><\/a><\/span><\/p>\n<p><span data-sheets-value=\"{&quot;1&quot;:2,&quot;2&quot;:&quot;[simple-author-box]&quot;}\" data-sheets-userformat=\"{&quot;2&quot;:4737,&quot;3&quot;:{&quot;1&quot;:0},&quot;10&quot;:2,&quot;12&quot;:0,&quot;15&quot;:&quot;Arial&quot;}\">[simple-author-box]<\/span><\/p>\n","protected":false},"excerpt":{"rendered":"<p>Tour di viaggio fotografici in Vietnam Organizziamo viaggi attraverso una terra affascinante e ricca di contrasti in Vietnam con alcuni tour interessanti (con il link sotto) accompagnati da un fotografo\u00a0professionista \u00e8 immensa. Questa formula non \u00e8 affatto un viaggio di stage fotografico. Offriamo diversi viaggi fotografici\u00a0e workshop che vanno dai 10 ai 25 giorni . [&hellip;]<\/p>\n","protected":false},"author":6,"featured_media":13661,"comment_status":"open","ping_status":"open","sticky":false,"template":"","format":"standard","meta":{"footnotes":""},"categories":[1052,390],"tags":[1171,628,1216,298],"class_list":["post-13667","post","type-post","status-publish","format-standard","has-post-thumbnail","hentry","category-idee-viaggi","category-viaggio-fotografico-vietnam","tag-ha-giang-vietnam","tag-sapa-vietnam","tag-viaggi-fotografici","tag-vietnam-del-nord"],"acf":[],"yoast_head":"<!-- This site is optimized with the Yoast SEO plugin v27.5 - https:\/\/yoast.com\/product\/yoast-seo-wordpress\/ -->\n<title>Vietnam: Viaggio fotografico indimenticabile con Amo Travel<\/title>\n<meta name=\"description\" content=\"Viaggio fotografico in Vietnam attraverser\u00e0 il territorio da nord con le risaie a terrazza a Sapa e la Baia di Halong ecct\" \/>\n<meta name=\"robots\" content=\"index, follow, max-snippet:-1, max-image-preview:large, max-video-preview:-1\" \/>\n<link rel=\"canonical\" href=\"https:\/\/www.amotravel.com\/it\/viaggio-fotografico-in-vietnam-con-noi\/\" \/>\n<meta property=\"og:locale\" content=\"vi_VN\" \/>\n<meta property=\"og:type\" content=\"article\" \/>\n<meta property=\"og:title\" content=\"Vietnam: Viaggio fotografico indimenticabile con Amo Travel\" \/>\n<meta property=\"og:description\" content=\"Viaggio fotografico in Vietnam attraverser\u00e0 il territorio da nord con le risaie a terrazza a Sapa e la Baia di Halong ecct\" \/>\n<meta property=\"og:url\" content=\"https:\/\/www.amotravel.com\/it\/viaggio-fotografico-in-vietnam-con-noi\/\" \/>\n<meta property=\"og:site_name\" content=\"Amo Travel Italiano\" \/>\n<meta property=\"article:publisher\" content=\"https:\/\/www.facebook.com\/AmoTravelItaliano\" \/>\n<meta property=\"article:published_time\" content=\"2021-03-19T12:25:38+00:00\" \/>\n<meta property=\"article:modified_time\" content=\"2021-03-19T12:30:46+00:00\" \/>\n<meta property=\"og:image\" content=\"https:\/\/www.amotravel.com\/it\/wp-content\/uploads\/2021\/03\/Mai-Chau-Vietnam.jpg\" \/>\n\t<meta property=\"og:image:width\" content=\"750\" \/>\n\t<meta property=\"og:image:height\" content=\"498\" \/>\n\t<meta property=\"og:image:type\" content=\"image\/jpeg\" \/>\n<meta name=\"author\" content=\"Huong Sole\" \/>\n<meta name=\"twitter:card\" content=\"summary_large_image\" \/>\n<meta name=\"twitter:label1\" content=\"\u0110\u01b0\u1ee3c vi\u1ebft b\u1edfi\" \/>\n\t<meta name=\"twitter:data1\" content=\"Huong Sole\" \/>\n\t<meta name=\"twitter:label2\" content=\"\u01af\u1edbc t\u00ednh th\u1eddi gian \u0111\u1ecdc\" \/>\n\t<meta name=\"twitter:data2\" content=\"5 ph\u00fat\" \/>\n<script type=\"application\/ld+json\" class=\"yoast-schema-graph\">{\"@context\":\"https:\\\/\\\/schema.org\",\"@graph\":[{\"@type\":\"Article\",\"@id\":\"https:\\\/\\\/www.amotravel.com\\\/it\\\/viaggio-fotografico-in-vietnam-con-noi\\\/#article\",\"isPartOf\":{\"@id\":\"https:\\\/\\\/www.amotravel.com\\\/it\\\/viaggio-fotografico-in-vietnam-con-noi\\\/\"},\"author\":{\"name\":\"Huong Sole\",\"@id\":\"https:\\\/\\\/www.amotravel.com\\\/it\\\/#\\\/schema\\\/person\\\/53acf809e540010fb9f019a64ce4c93e\"},\"headline\":\"Viaggio fotografico in Vietnam con Amo Travel\",\"datePublished\":\"2021-03-19T12:25:38+00:00\",\"dateModified\":\"2021-03-19T12:30:46+00:00\",\"mainEntityOfPage\":{\"@id\":\"https:\\\/\\\/www.amotravel.com\\\/it\\\/viaggio-fotografico-in-vietnam-con-noi\\\/\"},\"wordCount\":998,\"commentCount\":0,\"image\":{\"@id\":\"https:\\\/\\\/www.amotravel.com\\\/it\\\/viaggio-fotografico-in-vietnam-con-noi\\\/#primaryimage\"},\"thumbnailUrl\":\"https:\\\/\\\/www.amotravel.com\\\/it\\\/wp-content\\\/uploads\\\/2021\\\/03\\\/Mai-Chau-Vietnam.jpg\",\"keywords\":[\"ha giang vietnam\",\"sapa vietnam\",\"viaggi fotografici\",\"vietnam del nord\"],\"articleSection\":[\"Idee Viaggi\",\"Viaggio Fotografico Vietnam\"],\"inLanguage\":\"vi\",\"potentialAction\":[{\"@type\":\"CommentAction\",\"name\":\"Comment\",\"target\":[\"https:\\\/\\\/www.amotravel.com\\\/it\\\/viaggio-fotografico-in-vietnam-con-noi\\\/#respond\"]}]},{\"@type\":\"WebPage\",\"@id\":\"https:\\\/\\\/www.amotravel.com\\\/it\\\/viaggio-fotografico-in-vietnam-con-noi\\\/\",\"url\":\"https:\\\/\\\/www.amotravel.com\\\/it\\\/viaggio-fotografico-in-vietnam-con-noi\\\/\",\"name\":\"Vietnam: Viaggio fotografico indimenticabile con Amo Travel\",\"isPartOf\":{\"@id\":\"https:\\\/\\\/www.amotravel.com\\\/it\\\/#website\"},\"primaryImageOfPage\":{\"@id\":\"https:\\\/\\\/www.amotravel.com\\\/it\\\/viaggio-fotografico-in-vietnam-con-noi\\\/#primaryimage\"},\"image\":{\"@id\":\"https:\\\/\\\/www.amotravel.com\\\/it\\\/viaggio-fotografico-in-vietnam-con-noi\\\/#primaryimage\"},\"thumbnailUrl\":\"https:\\\/\\\/www.amotravel.com\\\/it\\\/wp-content\\\/uploads\\\/2021\\\/03\\\/Mai-Chau-Vietnam.jpg\",\"datePublished\":\"2021-03-19T12:25:38+00:00\",\"dateModified\":\"2021-03-19T12:30:46+00:00\",\"author\":{\"@id\":\"https:\\\/\\\/www.amotravel.com\\\/it\\\/#\\\/schema\\\/person\\\/53acf809e540010fb9f019a64ce4c93e\"},\"description\":\"Viaggio fotografico in Vietnam attraverser\u00e0 il territorio da nord con le risaie a terrazza a Sapa e la Baia di Halong ecct\",\"breadcrumb\":{\"@id\":\"https:\\\/\\\/www.amotravel.com\\\/it\\\/viaggio-fotografico-in-vietnam-con-noi\\\/#breadcrumb\"},\"inLanguage\":\"vi\",\"potentialAction\":[{\"@type\":\"ReadAction\",\"target\":[\"https:\\\/\\\/www.amotravel.com\\\/it\\\/viaggio-fotografico-in-vietnam-con-noi\\\/\"]}]},{\"@type\":\"ImageObject\",\"inLanguage\":\"vi\",\"@id\":\"https:\\\/\\\/www.amotravel.com\\\/it\\\/viaggio-fotografico-in-vietnam-con-noi\\\/#primaryimage\",\"url\":\"https:\\\/\\\/www.amotravel.com\\\/it\\\/wp-content\\\/uploads\\\/2021\\\/03\\\/Mai-Chau-Vietnam.jpg\",\"contentUrl\":\"https:\\\/\\\/www.amotravel.com\\\/it\\\/wp-content\\\/uploads\\\/2021\\\/03\\\/Mai-Chau-Vietnam.jpg\",\"width\":750,\"height\":498},{\"@type\":\"BreadcrumbList\",\"@id\":\"https:\\\/\\\/www.amotravel.com\\\/it\\\/viaggio-fotografico-in-vietnam-con-noi\\\/#breadcrumb\",\"itemListElement\":[{\"@type\":\"ListItem\",\"position\":1,\"name\":\"Home\",\"item\":\"https:\\\/\\\/www.amotravel.com\\\/it\\\/\"},{\"@type\":\"ListItem\",\"position\":2,\"name\":\"Viaggio fotografico in Vietnam con Amo Travel\"}]},{\"@type\":\"WebSite\",\"@id\":\"https:\\\/\\\/www.amotravel.com\\\/it\\\/#website\",\"url\":\"https:\\\/\\\/www.amotravel.com\\\/it\\\/\",\"name\":\"Amo Travel Italiano\",\"description\":\"\",\"potentialAction\":[{\"@type\":\"SearchAction\",\"target\":{\"@type\":\"EntryPoint\",\"urlTemplate\":\"https:\\\/\\\/www.amotravel.com\\\/it\\\/?s={search_term_string}\"},\"query-input\":{\"@type\":\"PropertyValueSpecification\",\"valueRequired\":true,\"valueName\":\"search_term_string\"}}],\"inLanguage\":\"vi\"},{\"@type\":\"Person\",\"@id\":\"https:\\\/\\\/www.amotravel.com\\\/it\\\/#\\\/schema\\\/person\\\/53acf809e540010fb9f019a64ce4c93e\",\"name\":\"Huong Sole\",\"image\":{\"@type\":\"ImageObject\",\"inLanguage\":\"vi\",\"@id\":\"https:\\\/\\\/www.amotravel.com\\\/it\\\/wp-content\\\/litespeed\\\/avatar\\\/6f0be3874b5872050946061c1fa3dbe1.jpg?ver=1777537626\",\"url\":\"https:\\\/\\\/www.amotravel.com\\\/it\\\/wp-content\\\/litespeed\\\/avatar\\\/6f0be3874b5872050946061c1fa3dbe1.jpg?ver=1777537626\",\"contentUrl\":\"https:\\\/\\\/www.amotravel.com\\\/it\\\/wp-content\\\/litespeed\\\/avatar\\\/6f0be3874b5872050946061c1fa3dbe1.jpg?ver=1777537626\",\"caption\":\"Huong Sole\"},\"description\":\"Cari miei amici !! Mi chiamo Huong (Sole), consulente di viaggi di viaggi presso Amo Travel. Ci impegniamo ad offrire ai clienti le esperienze indimenticabili e sofisticate nonch\u00e9 sostenere a salvaguardare le risorse naturali e le bellezze intrinseche del nostro Paese. Con pi\u00f9 di 5 anni di esperienza nel campo turistico italiano, credo di darvi consigli e suggerimenti veramente utili per un viaggio da sogno in Vietnam, Laos, Cambogia, Thailandia e Birmamia. Non esitate a contattarci !!\",\"sameAs\":[\"https:\\\/\\\/wwww.amotravel.it\"],\"url\":\"https:\\\/\\\/www.amotravel.com\\\/it\\\/author\\\/huong-sole\\\/\"}]}<\/script>\n<!-- \/ Yoast SEO plugin. -->","yoast_head_json":{"title":"Vietnam: Viaggio fotografico indimenticabile con Amo Travel","description":"Viaggio fotografico in Vietnam attraverser\u00e0 il territorio da nord con le risaie a terrazza a Sapa e la Baia di Halong ecct","robots":{"index":"index","follow":"follow","max-snippet":"max-snippet:-1","max-image-preview":"max-image-preview:large","max-video-preview":"max-video-preview:-1"},"canonical":"https:\/\/www.amotravel.com\/it\/viaggio-fotografico-in-vietnam-con-noi\/","og_locale":"vi_VN","og_type":"article","og_title":"Vietnam: Viaggio fotografico indimenticabile con Amo Travel","og_description":"Viaggio fotografico in Vietnam attraverser\u00e0 il territorio da nord con le risaie a terrazza a Sapa e la Baia di Halong ecct","og_url":"https:\/\/www.amotravel.com\/it\/viaggio-fotografico-in-vietnam-con-noi\/","og_site_name":"Amo Travel Italiano","article_publisher":"https:\/\/www.facebook.com\/AmoTravelItaliano","article_published_time":"2021-03-19T12:25:38+00:00","article_modified_time":"2021-03-19T12:30:46+00:00","og_image":[{"width":750,"height":498,"url":"https:\/\/www.amotravel.com\/it\/wp-content\/uploads\/2021\/03\/Mai-Chau-Vietnam.jpg","type":"image\/jpeg"}],"author":"Huong Sole","twitter_card":"summary_large_image","twitter_misc":{"\u0110\u01b0\u1ee3c vi\u1ebft b\u1edfi":"Huong Sole","\u01af\u1edbc t\u00ednh th\u1eddi gian \u0111\u1ecdc":"5 ph\u00fat"},"schema":{"@context":"https:\/\/schema.org","@graph":[{"@type":"Article","@id":"https:\/\/www.amotravel.com\/it\/viaggio-fotografico-in-vietnam-con-noi\/#article","isPartOf":{"@id":"https:\/\/www.amotravel.com\/it\/viaggio-fotografico-in-vietnam-con-noi\/"},"author":{"name":"Huong Sole","@id":"https:\/\/www.amotravel.com\/it\/#\/schema\/person\/53acf809e540010fb9f019a64ce4c93e"},"headline":"Viaggio fotografico in Vietnam con Amo Travel","datePublished":"2021-03-19T12:25:38+00:00","dateModified":"2021-03-19T12:30:46+00:00","mainEntityOfPage":{"@id":"https:\/\/www.amotravel.com\/it\/viaggio-fotografico-in-vietnam-con-noi\/"},"wordCount":998,"commentCount":0,"image":{"@id":"https:\/\/www.amotravel.com\/it\/viaggio-fotografico-in-vietnam-con-noi\/#primaryimage"},"thumbnailUrl":"https:\/\/www.amotravel.com\/it\/wp-content\/uploads\/2021\/03\/Mai-Chau-Vietnam.jpg","keywords":["ha giang vietnam","sapa vietnam","viaggi fotografici","vietnam del nord"],"articleSection":["Idee Viaggi","Viaggio Fotografico Vietnam"],"inLanguage":"vi","potentialAction":[{"@type":"CommentAction","name":"Comment","target":["https:\/\/www.amotravel.com\/it\/viaggio-fotografico-in-vietnam-con-noi\/#respond"]}]},{"@type":"WebPage","@id":"https:\/\/www.amotravel.com\/it\/viaggio-fotografico-in-vietnam-con-noi\/","url":"https:\/\/www.amotravel.com\/it\/viaggio-fotografico-in-vietnam-con-noi\/","name":"Vietnam: Viaggio fotografico indimenticabile con Amo Travel","isPartOf":{"@id":"https:\/\/www.amotravel.com\/it\/#website"},"primaryImageOfPage":{"@id":"https:\/\/www.amotravel.com\/it\/viaggio-fotografico-in-vietnam-con-noi\/#primaryimage"},"image":{"@id":"https:\/\/www.amotravel.com\/it\/viaggio-fotografico-in-vietnam-con-noi\/#primaryimage"},"thumbnailUrl":"https:\/\/www.amotravel.com\/it\/wp-content\/uploads\/2021\/03\/Mai-Chau-Vietnam.jpg","datePublished":"2021-03-19T12:25:38+00:00","dateModified":"2021-03-19T12:30:46+00:00","author":{"@id":"https:\/\/www.amotravel.com\/it\/#\/schema\/person\/53acf809e540010fb9f019a64ce4c93e"},"description":"Viaggio fotografico in Vietnam attraverser\u00e0 il territorio da nord con le risaie a terrazza a Sapa e la Baia di Halong ecct","breadcrumb":{"@id":"https:\/\/www.amotravel.com\/it\/viaggio-fotografico-in-vietnam-con-noi\/#breadcrumb"},"inLanguage":"vi","potentialAction":[{"@type":"ReadAction","target":["https:\/\/www.amotravel.com\/it\/viaggio-fotografico-in-vietnam-con-noi\/"]}]},{"@type":"ImageObject","inLanguage":"vi","@id":"https:\/\/www.amotravel.com\/it\/viaggio-fotografico-in-vietnam-con-noi\/#primaryimage","url":"https:\/\/www.amotravel.com\/it\/wp-content\/uploads\/2021\/03\/Mai-Chau-Vietnam.jpg","contentUrl":"https:\/\/www.amotravel.com\/it\/wp-content\/uploads\/2021\/03\/Mai-Chau-Vietnam.jpg","width":750,"height":498},{"@type":"BreadcrumbList","@id":"https:\/\/www.amotravel.com\/it\/viaggio-fotografico-in-vietnam-con-noi\/#breadcrumb","itemListElement":[{"@type":"ListItem","position":1,"name":"Home","item":"https:\/\/www.amotravel.com\/it\/"},{"@type":"ListItem","position":2,"name":"Viaggio fotografico in Vietnam con Amo Travel"}]},{"@type":"WebSite","@id":"https:\/\/www.amotravel.com\/it\/#website","url":"https:\/\/www.amotravel.com\/it\/","name":"Amo Travel Italiano","description":"","potentialAction":[{"@type":"SearchAction","target":{"@type":"EntryPoint","urlTemplate":"https:\/\/www.amotravel.com\/it\/?s={search_term_string}"},"query-input":{"@type":"PropertyValueSpecification","valueRequired":true,"valueName":"search_term_string"}}],"inLanguage":"vi"},{"@type":"Person","@id":"https:\/\/www.amotravel.com\/it\/#\/schema\/person\/53acf809e540010fb9f019a64ce4c93e","name":"Huong Sole","image":{"@type":"ImageObject","inLanguage":"vi","@id":"https:\/\/www.amotravel.com\/it\/wp-content\/litespeed\/avatar\/6f0be3874b5872050946061c1fa3dbe1.jpg?ver=1777537626","url":"https:\/\/www.amotravel.com\/it\/wp-content\/litespeed\/avatar\/6f0be3874b5872050946061c1fa3dbe1.jpg?ver=1777537626","contentUrl":"https:\/\/www.amotravel.com\/it\/wp-content\/litespeed\/avatar\/6f0be3874b5872050946061c1fa3dbe1.jpg?ver=1777537626","caption":"Huong Sole"},"description":"Cari miei amici !! Mi chiamo Huong (Sole), consulente di viaggi di viaggi presso Amo Travel. Ci impegniamo ad offrire ai clienti le esperienze indimenticabili e sofisticate nonch\u00e9 sostenere a salvaguardare le risorse naturali e le bellezze intrinseche del nostro Paese. Con pi\u00f9 di 5 anni di esperienza nel campo turistico italiano, credo di darvi consigli e suggerimenti veramente utili per un viaggio da sogno in Vietnam, Laos, Cambogia, Thailandia e Birmamia. Non esitate a contattarci !!","sameAs":["https:\/\/wwww.amotravel.it"],"url":"https:\/\/www.amotravel.com\/it\/author\/huong-sole\/"}]}},"_links":{"self":[{"href":"https:\/\/www.amotravel.com\/it\/wp-json\/wp\/v2\/posts\/13667","targetHints":{"allow":["GET"]}}],"collection":[{"href":"https:\/\/www.amotravel.com\/it\/wp-json\/wp\/v2\/posts"}],"about":[{"href":"https:\/\/www.amotravel.com\/it\/wp-json\/wp\/v2\/types\/post"}],"author":[{"embeddable":true,"href":"https:\/\/www.amotravel.com\/it\/wp-json\/wp\/v2\/users\/6"}],"replies":[{"embeddable":true,"href":"https:\/\/www.amotravel.com\/it\/wp-json\/wp\/v2\/comments?post=13667"}],"version-history":[{"count":0,"href":"https:\/\/www.amotravel.com\/it\/wp-json\/wp\/v2\/posts\/13667\/revisions"}],"wp:featuredmedia":[{"embeddable":true,"href":"https:\/\/www.amotravel.com\/it\/wp-json\/wp\/v2\/media\/13661"}],"wp:attachment":[{"href":"https:\/\/www.amotravel.com\/it\/wp-json\/wp\/v2\/media?parent=13667"}],"wp:term":[{"taxonomy":"category","embeddable":true,"href":"https:\/\/www.amotravel.com\/it\/wp-json\/wp\/v2\/categories?post=13667"},{"taxonomy":"post_tag","embeddable":true,"href":"https:\/\/www.amotravel.com\/it\/wp-json\/wp\/v2\/tags?post=13667"}],"curies":[{"name":"wp","href":"https:\/\/api.w.org\/{rel}","templated":true}]}}