{"id":13154,"date":"2024-09-18T04:31:45","date_gmt":"2024-09-18T04:31:45","guid":{"rendered":"https:\/\/www.amotravel.com\/it\/?p=13154"},"modified":"2024-09-29T19:52:04","modified_gmt":"2024-09-29T19:52:04","slug":"giorni-di-mercato-delle-minoranze-etniche-nel-nord-del-vietnam-bac-ha-can-cau-coc-ly-e-altri","status":"publish","type":"post","link":"https:\/\/www.amotravel.com\/it\/giorni-di-mercato-delle-minoranze-etniche-nel-nord-del-vietnam-bac-ha-can-cau-coc-ly-e-altri\/","title":{"rendered":"Giorni di mercato delle minoranze etniche nel nord del Vietnam: Bac Ha, Can Cau, Coc Ly e altri &#8211; Aggiornato 2024"},"content":{"rendered":"<h1><span class=\"ez-toc-section\" id=\"Giorni_di_mercato_delle_minoranze_etniche_nel_nord_del_Vietnam_Bac_Ha_Can_Cau_Coc_Ly_e_altri\"><\/span>Giorni di mercato delle minoranze etniche nel nord del Vietnam: Bac Ha, Can Cau, Coc Ly e altri<span class=\"ez-toc-section-end\"><\/span><\/h1>\n<p>Se state cercando un viaggio autentico in Vietnam, vi consigliamo di visitare un mercato delle minoranze etniche nel nord del Vietnam. Queste sono grandi feste locali in cui gruppi etnici montani sono vestiti con costumi tradizionali. \u00c8 il posto migliore per immergersi davvero nella vita quotidiana delle persone. In questo articolo, faremo un elenco dei giorni di mercato tribale da non perdere.<\/p><div id=\"ez-toc-container\" class=\"ez-toc-v2_0_82_2 counter-hierarchy ez-toc-counter ez-toc-grey ez-toc-container-direction\">\n<div class=\"ez-toc-title-container\">\n<p class=\"ez-toc-title\" style=\"cursor:inherit\">Table of Contents<\/p>\n<span class=\"ez-toc-title-toggle\"><a href=\"#\" class=\"ez-toc-pull-right ez-toc-btn ez-toc-btn-xs ez-toc-btn-default ez-toc-toggle\" aria-label=\"Toggle Table of Content\"><span class=\"ez-toc-js-icon-con\"><span class=\"\"><span class=\"eztoc-hide\" style=\"display:none;\">Toggle<\/span><span class=\"ez-toc-icon-toggle-span\"><svg style=\"fill: #999;color:#999\" xmlns=\"http:\/\/www.w3.org\/2000\/svg\" class=\"list-377408\" width=\"20px\" height=\"20px\" viewBox=\"0 0 24 24\" fill=\"none\"><path d=\"M6 6H4v2h2V6zm14 0H8v2h12V6zM4 11h2v2H4v-2zm16 0H8v2h12v-2zM4 16h2v2H4v-2zm16 0H8v2h12v-2z\" fill=\"currentColor\"><\/path><\/svg><svg style=\"fill: #999;color:#999\" class=\"arrow-unsorted-368013\" xmlns=\"http:\/\/www.w3.org\/2000\/svg\" width=\"10px\" height=\"10px\" viewBox=\"0 0 24 24\" version=\"1.2\" baseProfile=\"tiny\"><path d=\"M18.2 9.3l-6.2-6.3-6.2 6.3c-.2.2-.3.4-.3.7s.1.5.3.7c.2.2.4.3.7.3h11c.3 0 .5-.1.7-.3.2-.2.3-.5.3-.7s-.1-.5-.3-.7zM5.8 14.7l6.2 6.3 6.2-6.3c.2-.2.3-.5.3-.7s-.1-.5-.3-.7c-.2-.2-.4-.3-.7-.3h-11c-.3 0-.5.1-.7.3-.2.2-.3.5-.3.7s.1.5.3.7z\"\/><\/svg><\/span><\/span><\/span><\/a><\/span><\/div>\n<nav><ul class='ez-toc-list ez-toc-list-level-1 ' ><li class='ez-toc-page-1 ez-toc-heading-level-1'><a class=\"ez-toc-link ez-toc-heading-1\" href=\"https:\/\/www.amotravel.com\/it\/giorni-di-mercato-delle-minoranze-etniche-nel-nord-del-vietnam-bac-ha-can-cau-coc-ly-e-altri\/#Giorni_di_mercato_delle_minoranze_etniche_nel_nord_del_Vietnam_Bac_Ha_Can_Cau_Coc_Ly_e_altri\" >Giorni di mercato delle minoranze etniche nel nord del Vietnam: Bac Ha, Can Cau, Coc Ly e altri<\/a><ul class='ez-toc-list-level-2' ><li class='ez-toc-heading-level-2'><a class=\"ez-toc-link ez-toc-heading-2\" href=\"https:\/\/www.amotravel.com\/it\/giorni-di-mercato-delle-minoranze-etniche-nel-nord-del-vietnam-bac-ha-can-cau-coc-ly-e-altri\/#Quali_sono_i_giorni_del_mercato_multietnico_nel_nord_del_Vietnam\" >Quali sono i giorni del mercato multietnico nel nord del Vietnam?<\/a><ul class='ez-toc-list-level-3' ><li class='ez-toc-heading-level-3'><a class=\"ez-toc-link ez-toc-heading-3\" href=\"https:\/\/www.amotravel.com\/it\/giorni-di-mercato-delle-minoranze-etniche-nel-nord-del-vietnam-bac-ha-can-cau-coc-ly-e-altri\/#Mercato_di_Bac_Ha_giorno_di_mercato_domenica\" >Mercato di B\u1eafc H\u00e0 (giorno di mercato: domenica)<\/a><\/li><li class='ez-toc-page-1 ez-toc-heading-level-3'><a class=\"ez-toc-link ez-toc-heading-4\" href=\"https:\/\/www.amotravel.com\/it\/giorni-di-mercato-delle-minoranze-etniche-nel-nord-del-vietnam-bac-ha-can-cau-coc-ly-e-altri\/#Mercato_di_Can_Cau_giorno_di_mercato_sabato\" >Mercato di C\u00e1n C\u1ea5u (giorno di mercato: sabato)<\/a><\/li><li class='ez-toc-page-1 ez-toc-heading-level-3'><a class=\"ez-toc-link ez-toc-heading-5\" href=\"https:\/\/www.amotravel.com\/it\/giorni-di-mercato-delle-minoranze-etniche-nel-nord-del-vietnam-bac-ha-can-cau-coc-ly-e-altri\/#Mercato_di_Lung_Phin_giorno_di_mercato_venerdi\" >Mercato di Lung Phin (giorno di mercato: venerd\u00ec)<\/a><\/li><li class='ez-toc-page-1 ez-toc-heading-level-3'><a class=\"ez-toc-link ez-toc-heading-6\" href=\"https:\/\/www.amotravel.com\/it\/giorni-di-mercato-delle-minoranze-etniche-nel-nord-del-vietnam-bac-ha-can-cau-coc-ly-e-altri\/#Mercato_di_Sin_Cheng_giorno_di_mercato_mercoledi\" >Mercato di S\u00edn Ch\u00e9ng (giorno di mercato: mercoled\u00ec)<\/a><\/li><li class='ez-toc-page-1 ez-toc-heading-level-3'><a class=\"ez-toc-link ez-toc-heading-7\" href=\"https:\/\/www.amotravel.com\/it\/giorni-di-mercato-delle-minoranze-etniche-nel-nord-del-vietnam-bac-ha-can-cau-coc-ly-e-altri\/#Coc_Ly_market_giorno_di_mercato_martedi\" >C\u1ed1c Ly market (giorno di mercato: marted\u00ec)<\/a><\/li><li class='ez-toc-page-1 ez-toc-heading-level-3'><a class=\"ez-toc-link ez-toc-heading-8\" href=\"https:\/\/www.amotravel.com\/it\/giorni-di-mercato-delle-minoranze-etniche-nel-nord-del-vietnam-bac-ha-can-cau-coc-ly-e-altri\/#Altri_mercati\" >Altri mercati<\/a><\/li><\/ul><\/li><\/ul><\/li><\/ul><\/nav><\/div>\n\n<p><img decoding=\"async\" class=\"aligncenter wp-image-6770 size-large\" src=\"https:\/\/www.amotravel.com\/it\/wp-content\/uploads\/2020\/04\/sapa-vietnam-2-700x443.jpg\" alt=\"\" width=\"640\" height=\"405\" srcset=\"https:\/\/www.amotravel.com\/it\/wp-content\/uploads\/2020\/04\/sapa-vietnam-2-700x443.jpg 700w, https:\/\/www.amotravel.com\/it\/wp-content\/uploads\/2020\/04\/sapa-vietnam-2-300x190.jpg 300w, https:\/\/www.amotravel.com\/it\/wp-content\/uploads\/2020\/04\/sapa-vietnam-2.jpg 870w\" sizes=\"(max-width: 640px) 100vw, 640px\" \/><\/p>\n<h2><span class=\"ez-toc-section\" id=\"Quali_sono_i_giorni_del_mercato_multietnico_nel_nord_del_Vietnam\"><\/span>Quali sono i giorni del mercato multietnico nel nord del Vietnam?<span class=\"ez-toc-section-end\"><\/span><\/h2>\n<p>Ecco l&#8217;elenco dei giorni di mercato tribale nel nord del Vietnam<\/p>\n<h3><span class=\"ez-toc-section\" id=\"Mercato_di_Bac_Ha_giorno_di_mercato_domenica\"><\/span>Mercato di B\u1eafc H\u00e0 (giorno di mercato: domenica)<span class=\"ez-toc-section-end\"><\/span><\/h3>\n<p>Circa 2 ore di auto da Lao Cai; o 3 ore di auto da Sa Pa.<\/p>\n<p><img decoding=\"async\" class=\"aligncenter wp-image-6585 size-large\" src=\"https:\/\/www.amotravel.com\/it\/wp-content\/uploads\/2020\/04\/bac-ha-market-sapa-1-700x443.jpg\" alt=\"\" width=\"640\" height=\"405\" srcset=\"https:\/\/www.amotravel.com\/it\/wp-content\/uploads\/2020\/04\/bac-ha-market-sapa-1-700x443.jpg 700w, https:\/\/www.amotravel.com\/it\/wp-content\/uploads\/2020\/04\/bac-ha-market-sapa-1-300x190.jpg 300w, https:\/\/www.amotravel.com\/it\/wp-content\/uploads\/2020\/04\/bac-ha-market-sapa-1.jpg 870w\" sizes=\"(max-width: 640px) 100vw, 640px\" \/><\/p>\n<h3><span class=\"ez-toc-section\" id=\"Mercato_di_Can_Cau_giorno_di_mercato_sabato\"><\/span>Mercato di C\u00e1n C\u1ea5u (giorno di mercato: sabato)<span class=\"ez-toc-section-end\"><\/span><\/h3>\n<p>Can Cau dista circa 20 km da Bac Ha. Vale a dire: se dormite a Bac Ha, solo mezz&#8217;ora (30 minuti) da Bac Ha a Can Cau. I paesaggi sono meravigliosi e grandiosi. O 2,5 ore di auto da Lao Cai; o 3 ore e mezza di strada da Sa Pa. Le dimensioni e l&#8217;atmosfera di questi 2 mercati, Bac Ha e Can Cau, sono equivalenti; ma il mercato di Can Cau \u00e8 meno turistico.<\/p>\n<h3><span class=\"ez-toc-section\" id=\"Mercato_di_Lung_Phin_giorno_di_mercato_venerdi\"><\/span>Mercato di Lung Phin (giorno di mercato: venerd\u00ec)<span class=\"ez-toc-section-end\"><\/span><\/h3>\n<p>Circa 2 ore di auto da Lao Cai; o 3 ore di auto da Sa Pa.<\/p>\n<h3><span class=\"ez-toc-section\" id=\"Mercato_di_Sin_Cheng_giorno_di_mercato_mercoledi\"><\/span>Mercato di S\u00edn Ch\u00e9ng (giorno di mercato: mercoled\u00ec)<span class=\"ez-toc-section-end\"><\/span><\/h3>\n<p>Sin Cheng dista ancora 25 km da Can Cau. Vale a dire: un&#8217;altra mezz&#8217;ora di macchina da Can Cau; o 1 ora di auto da Bac Ha; o 3 ore di auto da Lao Cai; oppure 4 ore su strada da Sa Pa. Le dimensioni del mercato Sin Cheng sono equivalenti ai mercati Bac Ha e Can Cau; ma il mercato di Sin Cheng non \u00e8 totalmente turistico.<\/p>\n<p><img decoding=\"async\" class=\"aligncenter wp-image-13156 size-large\" src=\"https:\/\/www.amotravel.com\/it\/wp-content\/uploads\/2020\/09\/ha-giang-dong-van-sunday-market-pig-700x443.jpg\" alt=\"\" width=\"640\" height=\"405\" srcset=\"https:\/\/www.amotravel.com\/it\/wp-content\/uploads\/2020\/09\/ha-giang-dong-van-sunday-market-pig-700x443.jpg 700w, https:\/\/www.amotravel.com\/it\/wp-content\/uploads\/2020\/09\/ha-giang-dong-van-sunday-market-pig-300x190.jpg 300w, https:\/\/www.amotravel.com\/it\/wp-content\/uploads\/2020\/09\/ha-giang-dong-van-sunday-market-pig.jpg 870w\" sizes=\"(max-width: 640px) 100vw, 640px\" \/><\/p>\n<h3><span class=\"ez-toc-section\" id=\"Coc_Ly_market_giorno_di_mercato_martedi\"><\/span>C\u1ed1c Ly market (giorno di mercato: marted\u00ec)<span class=\"ez-toc-section-end\"><\/span><\/h3>\n<p>Coc Ly \u00e8 meno distante di Bac Ha. Sulla strada da Lao Cai a Bac Ha; altri 35 km prima di Bac Ha, svoltiamo a 20 km da Can Cau. Negli ultimi 5 anni, a causa della costruzione della centrale idroelettrica sul fiume Chay, la strada era difficile da raggiungere. Ma per 6 mesi, la strada \u00e8 gi\u00e0 buona. Il mercato di Coc Ly \u00e8 pi\u00f9 piccolo di Bac Ha e Can Cau. Ma pi\u00f9 tipico e meno turistico di Bac Ha e Can Cau. Per arrivarci: 1 ora e mezza da Lao Cai; o 2 ore e mezza da Sa Pa.<\/p>\n<p><img decoding=\"async\" class=\"aligncenter wp-image-13159 size-large\" src=\"https:\/\/www.amotravel.com\/it\/wp-content\/uploads\/2020\/09\/marche-dien_bien-aptvoyages-700x467.jpg\" alt=\"\" width=\"640\" height=\"427\" srcset=\"https:\/\/www.amotravel.com\/it\/wp-content\/uploads\/2020\/09\/marche-dien_bien-aptvoyages-700x467.jpg 700w, https:\/\/www.amotravel.com\/it\/wp-content\/uploads\/2020\/09\/marche-dien_bien-aptvoyages-300x200.jpg 300w, https:\/\/www.amotravel.com\/it\/wp-content\/uploads\/2020\/09\/marche-dien_bien-aptvoyages-150x100.jpg 150w, https:\/\/www.amotravel.com\/it\/wp-content\/uploads\/2020\/09\/marche-dien_bien-aptvoyages-200x133.jpg 200w, https:\/\/www.amotravel.com\/it\/wp-content\/uploads\/2020\/09\/marche-dien_bien-aptvoyages-250x166.jpg 250w, https:\/\/www.amotravel.com\/it\/wp-content\/uploads\/2020\/09\/marche-dien_bien-aptvoyages.jpg 713w\" sizes=\"(max-width: 640px) 100vw, 640px\" \/><\/p>\n<h3><span class=\"ez-toc-section\" id=\"Altri_mercati\"><\/span>Altri mercati<span class=\"ez-toc-section-end\"><\/span><\/h3>\n<p>Forse, sulla catena montuosa del Nord Ovest del Vietnam, avete gi\u00e0 conosciuto altri mercati. Ad esempio: sul giro: Hanoi-Ninh Binh (Hoa Lu, Tam Coc) -Mai Chau- Son La -Dien Bien Phu-Lai Chau-Sa Pa- Bac Ha-Yen Bai- lago di Ba Be-Cao Bang-Lang Son -Ha Long-Hanoi; per esempio:<\/p>\n<ul>\n<li>Mercato di Thuan Chau (sulla strada Son La-Dien Bien Phu; Giorno di mercato: tutti i giorni)<\/li>\n<li>Mercato di Cho Ra (a Ba Be: Giorni di mercato: 5, 10, 15, 20, 25, 30 lunare)<\/li>\n<li>Mercato di Ha Hieu (sulla strada Ba Be-Cao Bang; Giorni di mercato: 4, 9, 14, 19, 24, 29 lunare)<\/li>\n<li>Mercato Na Phac (anche sulla strada per Ba Be-Cao Bang; Giorni di mercato: 1, 6, 11, 16, 21, 26 lunare) ecc &#8230;<\/li>\n<li><img decoding=\"async\" class=\"aligncenter wp-image-13155 size-large\" src=\"https:\/\/www.amotravel.com\/it\/wp-content\/uploads\/2020\/09\/dong-van-market-700x443.jpg\" alt=\"\" width=\"640\" height=\"405\" srcset=\"https:\/\/www.amotravel.com\/it\/wp-content\/uploads\/2020\/09\/dong-van-market-700x443.jpg 700w, https:\/\/www.amotravel.com\/it\/wp-content\/uploads\/2020\/09\/dong-van-market-300x190.jpg 300w, https:\/\/www.amotravel.com\/it\/wp-content\/uploads\/2020\/09\/dong-van-market.jpg 870w\" sizes=\"(max-width: 640px) 100vw, 640px\" \/><\/li>\n<\/ul>\n<p>Questi non sono mercati turistici.<\/p>\n<ul>\n<li>Mercato Sapa: il mercato di Muong Khuong Muong Hum si tiene ogni domenica mattina, il mercato Lung Khau Nhin di gioved\u00ec, il mercato di Cao Son il mercoled\u00ec<\/li>\n<li>Mercati di Tam Duong o di San Thang: il mercato di Tam Duong si tiene solo ogni gioved\u00ec mattina<\/li>\n<li>Mercato di Cao Bang &#8211; Ban Gioc: il mercato di Quang Hoa si tiene solo ogni 5 giorni.<\/li>\n<li>Mercato di Pha Long: nessun turista, sabato, etnia H\u2019mong Fiori<\/li>\n<li>Mercati di Dong Van, Meo Vac, Yen Minh: Nord della provincia Ha Giang, domenica, gruppi etnici Hmong Bianchi e Verdi, Nung, Tay, Dzao<\/li>\n<\/ul>\n<p><img decoding=\"async\" class=\"aligncenter wp-image-6277 size-large\" src=\"https:\/\/www.amotravel.com\/it\/wp-content\/uploads\/2020\/03\/ha-giang-dong-van-sunday-market-3-700x443.jpg\" alt=\"Mercato Dong Van, Ha Giang in ogni domenica\" width=\"640\" height=\"405\" srcset=\"https:\/\/www.amotravel.com\/it\/wp-content\/uploads\/2020\/03\/ha-giang-dong-van-sunday-market-3-700x443.jpg 700w, https:\/\/www.amotravel.com\/it\/wp-content\/uploads\/2020\/03\/ha-giang-dong-van-sunday-market-3-300x190.jpg 300w, https:\/\/www.amotravel.com\/it\/wp-content\/uploads\/2020\/03\/ha-giang-dong-van-sunday-market-3.jpg 870w\" sizes=\"(max-width: 640px) 100vw, 640px\" \/><\/p>\n<p>&nbsp;<\/p>\n","protected":false},"excerpt":{"rendered":"<p>Giorni di mercato delle minoranze etniche nel nord del Vietnam: Bac Ha, Can Cau, Coc Ly e altri Se state cercando un viaggio autentico in Vietnam, vi consigliamo di visitare un mercato delle minoranze etniche nel nord del Vietnam. Queste sono grandi feste locali in cui gruppi etnici montani sono vestiti con costumi tradizionali. \u00c8 [&hellip;]<\/p>\n","protected":false},"author":15,"featured_media":13158,"comment_status":"open","ping_status":"open","sticky":false,"template":"","format":"standard","meta":{"footnotes":""},"categories":[1057,419,426],"tags":[1144,1145,1110],"class_list":["post-13154","post","type-post","status-publish","format-standard","has-post-thumbnail","hentry","category-blog-viaggio-vietnam","category-cultura-vietnam","category-etnie-in-vietnam","tag-mercati-tribali","tag-minoranze-etniche","tag-nord-del-vietnam"],"acf":[],"yoast_head":"<!-- This site is optimized with the Yoast SEO plugin v27.5 - https:\/\/yoast.com\/product\/yoast-seo-wordpress\/ -->\n<title>Giorni di mercato tribale delle etnie nel nord del Vietnam<\/title>\n<meta name=\"description\" content=\"In questo articolo elenchiamo i giorni di mercato tribale delle etnie nel nord del Vietnam: dai mercati pi\u00f9 frequentati ai quelli poc conosciuti\" \/>\n<meta name=\"robots\" content=\"index, follow, max-snippet:-1, max-image-preview:large, max-video-preview:-1\" \/>\n<link rel=\"canonical\" href=\"https:\/\/www.amotravel.com\/it\/giorni-di-mercato-delle-minoranze-etniche-nel-nord-del-vietnam-bac-ha-can-cau-coc-ly-e-altri\/\" \/>\n<meta property=\"og:locale\" content=\"vi_VN\" \/>\n<meta property=\"og:type\" content=\"article\" \/>\n<meta property=\"og:title\" content=\"Giorni di mercato tribale delle etnie nel nord del Vietnam\" \/>\n<meta property=\"og:description\" content=\"In questo articolo elenchiamo i giorni di mercato tribale delle etnie nel nord del Vietnam: dai mercati pi\u00f9 frequentati ai quelli poc conosciuti\" \/>\n<meta property=\"og:url\" content=\"https:\/\/www.amotravel.com\/it\/giorni-di-mercato-delle-minoranze-etniche-nel-nord-del-vietnam-bac-ha-can-cau-coc-ly-e-altri\/\" \/>\n<meta property=\"og:site_name\" content=\"Amo Travel Italiano\" \/>\n<meta property=\"article:publisher\" content=\"https:\/\/www.facebook.com\/AmoTravelItaliano\" \/>\n<meta property=\"article:published_time\" content=\"2024-09-18T04:31:45+00:00\" \/>\n<meta property=\"article:modified_time\" content=\"2024-09-29T19:52:04+00:00\" \/>\n<meta property=\"og:image\" content=\"https:\/\/www.amotravel.com\/it\/wp-content\/uploads\/2020\/09\/lung-phin-market-13.jpg\" \/>\n\t<meta property=\"og:image:width\" content=\"870\" \/>\n\t<meta property=\"og:image:height\" content=\"550\" \/>\n\t<meta property=\"og:image:type\" content=\"image\/jpeg\" \/>\n<meta name=\"author\" content=\"Th\u1ee7y\" \/>\n<meta name=\"twitter:card\" content=\"summary_large_image\" \/>\n<meta name=\"twitter:label1\" content=\"\u0110\u01b0\u1ee3c vi\u1ebft b\u1edfi\" \/>\n\t<meta name=\"twitter:data1\" content=\"Th\u1ee7y\" \/>\n\t<meta name=\"twitter:label2\" content=\"\u01af\u1edbc t\u00ednh th\u1eddi gian \u0111\u1ecdc\" \/>\n\t<meta name=\"twitter:data2\" content=\"5 ph\u00fat\" \/>\n<script type=\"application\/ld+json\" class=\"yoast-schema-graph\">{\"@context\":\"https:\\\/\\\/schema.org\",\"@graph\":[{\"@type\":\"Article\",\"@id\":\"https:\\\/\\\/www.amotravel.com\\\/it\\\/giorni-di-mercato-delle-minoranze-etniche-nel-nord-del-vietnam-bac-ha-can-cau-coc-ly-e-altri\\\/#article\",\"isPartOf\":{\"@id\":\"https:\\\/\\\/www.amotravel.com\\\/it\\\/giorni-di-mercato-delle-minoranze-etniche-nel-nord-del-vietnam-bac-ha-can-cau-coc-ly-e-altri\\\/\"},\"author\":{\"name\":\"Th\u1ee7y\",\"@id\":\"https:\\\/\\\/www.amotravel.com\\\/it\\\/#\\\/schema\\\/person\\\/e4a4e0b7937afc125651190b8419bf4a\"},\"headline\":\"Giorni di mercato delle minoranze etniche nel nord del Vietnam: Bac Ha, Can Cau, Coc Ly e altri &#8211; Aggiornato 2024\",\"datePublished\":\"2024-09-18T04:31:45+00:00\",\"dateModified\":\"2024-09-29T19:52:04+00:00\",\"mainEntityOfPage\":{\"@id\":\"https:\\\/\\\/www.amotravel.com\\\/it\\\/giorni-di-mercato-delle-minoranze-etniche-nel-nord-del-vietnam-bac-ha-can-cau-coc-ly-e-altri\\\/\"},\"wordCount\":631,\"commentCount\":0,\"image\":{\"@id\":\"https:\\\/\\\/www.amotravel.com\\\/it\\\/giorni-di-mercato-delle-minoranze-etniche-nel-nord-del-vietnam-bac-ha-can-cau-coc-ly-e-altri\\\/#primaryimage\"},\"thumbnailUrl\":\"https:\\\/\\\/www.amotravel.com\\\/it\\\/wp-content\\\/uploads\\\/2020\\\/09\\\/lung-phin-market-13.jpg\",\"keywords\":[\"mercati tribali\",\"minoranze etniche\",\"nord del Vietnam\"],\"articleSection\":[\"Blog Viaggio Vietnam\",\"Cultura Vietnam\",\"Etnie in Vietnam\"],\"inLanguage\":\"vi\",\"potentialAction\":[{\"@type\":\"CommentAction\",\"name\":\"Comment\",\"target\":[\"https:\\\/\\\/www.amotravel.com\\\/it\\\/giorni-di-mercato-delle-minoranze-etniche-nel-nord-del-vietnam-bac-ha-can-cau-coc-ly-e-altri\\\/#respond\"]}]},{\"@type\":\"WebPage\",\"@id\":\"https:\\\/\\\/www.amotravel.com\\\/it\\\/giorni-di-mercato-delle-minoranze-etniche-nel-nord-del-vietnam-bac-ha-can-cau-coc-ly-e-altri\\\/\",\"url\":\"https:\\\/\\\/www.amotravel.com\\\/it\\\/giorni-di-mercato-delle-minoranze-etniche-nel-nord-del-vietnam-bac-ha-can-cau-coc-ly-e-altri\\\/\",\"name\":\"Giorni di mercato tribale delle etnie nel nord del Vietnam\",\"isPartOf\":{\"@id\":\"https:\\\/\\\/www.amotravel.com\\\/it\\\/#website\"},\"primaryImageOfPage\":{\"@id\":\"https:\\\/\\\/www.amotravel.com\\\/it\\\/giorni-di-mercato-delle-minoranze-etniche-nel-nord-del-vietnam-bac-ha-can-cau-coc-ly-e-altri\\\/#primaryimage\"},\"image\":{\"@id\":\"https:\\\/\\\/www.amotravel.com\\\/it\\\/giorni-di-mercato-delle-minoranze-etniche-nel-nord-del-vietnam-bac-ha-can-cau-coc-ly-e-altri\\\/#primaryimage\"},\"thumbnailUrl\":\"https:\\\/\\\/www.amotravel.com\\\/it\\\/wp-content\\\/uploads\\\/2020\\\/09\\\/lung-phin-market-13.jpg\",\"datePublished\":\"2024-09-18T04:31:45+00:00\",\"dateModified\":\"2024-09-29T19:52:04+00:00\",\"author\":{\"@id\":\"https:\\\/\\\/www.amotravel.com\\\/it\\\/#\\\/schema\\\/person\\\/e4a4e0b7937afc125651190b8419bf4a\"},\"description\":\"In questo articolo elenchiamo i giorni di mercato tribale delle etnie nel nord del Vietnam: dai mercati pi\u00f9 frequentati ai quelli poc conosciuti\",\"breadcrumb\":{\"@id\":\"https:\\\/\\\/www.amotravel.com\\\/it\\\/giorni-di-mercato-delle-minoranze-etniche-nel-nord-del-vietnam-bac-ha-can-cau-coc-ly-e-altri\\\/#breadcrumb\"},\"inLanguage\":\"vi\",\"potentialAction\":[{\"@type\":\"ReadAction\",\"target\":[\"https:\\\/\\\/www.amotravel.com\\\/it\\\/giorni-di-mercato-delle-minoranze-etniche-nel-nord-del-vietnam-bac-ha-can-cau-coc-ly-e-altri\\\/\"]}]},{\"@type\":\"ImageObject\",\"inLanguage\":\"vi\",\"@id\":\"https:\\\/\\\/www.amotravel.com\\\/it\\\/giorni-di-mercato-delle-minoranze-etniche-nel-nord-del-vietnam-bac-ha-can-cau-coc-ly-e-altri\\\/#primaryimage\",\"url\":\"https:\\\/\\\/www.amotravel.com\\\/it\\\/wp-content\\\/uploads\\\/2020\\\/09\\\/lung-phin-market-13.jpg\",\"contentUrl\":\"https:\\\/\\\/www.amotravel.com\\\/it\\\/wp-content\\\/uploads\\\/2020\\\/09\\\/lung-phin-market-13.jpg\",\"width\":870,\"height\":550},{\"@type\":\"BreadcrumbList\",\"@id\":\"https:\\\/\\\/www.amotravel.com\\\/it\\\/giorni-di-mercato-delle-minoranze-etniche-nel-nord-del-vietnam-bac-ha-can-cau-coc-ly-e-altri\\\/#breadcrumb\",\"itemListElement\":[{\"@type\":\"ListItem\",\"position\":1,\"name\":\"Home\",\"item\":\"https:\\\/\\\/www.amotravel.com\\\/it\\\/\"},{\"@type\":\"ListItem\",\"position\":2,\"name\":\"Giorni di mercato delle minoranze etniche nel nord del Vietnam: Bac Ha, Can Cau, Coc Ly e altri &#8211; Aggiornato 2024\"}]},{\"@type\":\"WebSite\",\"@id\":\"https:\\\/\\\/www.amotravel.com\\\/it\\\/#website\",\"url\":\"https:\\\/\\\/www.amotravel.com\\\/it\\\/\",\"name\":\"Amo Travel Italiano\",\"description\":\"\",\"potentialAction\":[{\"@type\":\"SearchAction\",\"target\":{\"@type\":\"EntryPoint\",\"urlTemplate\":\"https:\\\/\\\/www.amotravel.com\\\/it\\\/?s={search_term_string}\"},\"query-input\":{\"@type\":\"PropertyValueSpecification\",\"valueRequired\":true,\"valueName\":\"search_term_string\"}}],\"inLanguage\":\"vi\"},{\"@type\":\"Person\",\"@id\":\"https:\\\/\\\/www.amotravel.com\\\/it\\\/#\\\/schema\\\/person\\\/e4a4e0b7937afc125651190b8419bf4a\",\"name\":\"Th\u1ee7y\",\"image\":{\"@type\":\"ImageObject\",\"inLanguage\":\"vi\",\"@id\":\"https:\\\/\\\/www.amotravel.com\\\/it\\\/wp-content\\\/litespeed\\\/avatar\\\/d5df0229dc204f85f13b9304135ddd14.jpg?ver=1777536547\",\"url\":\"https:\\\/\\\/www.amotravel.com\\\/it\\\/wp-content\\\/litespeed\\\/avatar\\\/d5df0229dc204f85f13b9304135ddd14.jpg?ver=1777536547\",\"contentUrl\":\"https:\\\/\\\/www.amotravel.com\\\/it\\\/wp-content\\\/litespeed\\\/avatar\\\/d5df0229dc204f85f13b9304135ddd14.jpg?ver=1777536547\",\"caption\":\"Th\u1ee7y\"},\"url\":\"https:\\\/\\\/www.amotravel.com\\\/it\\\/author\\\/thuyamo\\\/\"}]}<\/script>\n<!-- \/ Yoast SEO plugin. -->","yoast_head_json":{"title":"Giorni di mercato tribale delle etnie nel nord del Vietnam","description":"In questo articolo elenchiamo i giorni di mercato tribale delle etnie nel nord del Vietnam: dai mercati pi\u00f9 frequentati ai quelli poc conosciuti","robots":{"index":"index","follow":"follow","max-snippet":"max-snippet:-1","max-image-preview":"max-image-preview:large","max-video-preview":"max-video-preview:-1"},"canonical":"https:\/\/www.amotravel.com\/it\/giorni-di-mercato-delle-minoranze-etniche-nel-nord-del-vietnam-bac-ha-can-cau-coc-ly-e-altri\/","og_locale":"vi_VN","og_type":"article","og_title":"Giorni di mercato tribale delle etnie nel nord del Vietnam","og_description":"In questo articolo elenchiamo i giorni di mercato tribale delle etnie nel nord del Vietnam: dai mercati pi\u00f9 frequentati ai quelli poc conosciuti","og_url":"https:\/\/www.amotravel.com\/it\/giorni-di-mercato-delle-minoranze-etniche-nel-nord-del-vietnam-bac-ha-can-cau-coc-ly-e-altri\/","og_site_name":"Amo Travel Italiano","article_publisher":"https:\/\/www.facebook.com\/AmoTravelItaliano","article_published_time":"2024-09-18T04:31:45+00:00","article_modified_time":"2024-09-29T19:52:04+00:00","og_image":[{"width":870,"height":550,"url":"https:\/\/www.amotravel.com\/it\/wp-content\/uploads\/2020\/09\/lung-phin-market-13.jpg","type":"image\/jpeg"}],"author":"Th\u1ee7y","twitter_card":"summary_large_image","twitter_misc":{"\u0110\u01b0\u1ee3c vi\u1ebft b\u1edfi":"Th\u1ee7y","\u01af\u1edbc t\u00ednh th\u1eddi gian \u0111\u1ecdc":"5 ph\u00fat"},"schema":{"@context":"https:\/\/schema.org","@graph":[{"@type":"Article","@id":"https:\/\/www.amotravel.com\/it\/giorni-di-mercato-delle-minoranze-etniche-nel-nord-del-vietnam-bac-ha-can-cau-coc-ly-e-altri\/#article","isPartOf":{"@id":"https:\/\/www.amotravel.com\/it\/giorni-di-mercato-delle-minoranze-etniche-nel-nord-del-vietnam-bac-ha-can-cau-coc-ly-e-altri\/"},"author":{"name":"Th\u1ee7y","@id":"https:\/\/www.amotravel.com\/it\/#\/schema\/person\/e4a4e0b7937afc125651190b8419bf4a"},"headline":"Giorni di mercato delle minoranze etniche nel nord del Vietnam: Bac Ha, Can Cau, Coc Ly e altri &#8211; Aggiornato 2024","datePublished":"2024-09-18T04:31:45+00:00","dateModified":"2024-09-29T19:52:04+00:00","mainEntityOfPage":{"@id":"https:\/\/www.amotravel.com\/it\/giorni-di-mercato-delle-minoranze-etniche-nel-nord-del-vietnam-bac-ha-can-cau-coc-ly-e-altri\/"},"wordCount":631,"commentCount":0,"image":{"@id":"https:\/\/www.amotravel.com\/it\/giorni-di-mercato-delle-minoranze-etniche-nel-nord-del-vietnam-bac-ha-can-cau-coc-ly-e-altri\/#primaryimage"},"thumbnailUrl":"https:\/\/www.amotravel.com\/it\/wp-content\/uploads\/2020\/09\/lung-phin-market-13.jpg","keywords":["mercati tribali","minoranze etniche","nord del Vietnam"],"articleSection":["Blog Viaggio Vietnam","Cultura Vietnam","Etnie in Vietnam"],"inLanguage":"vi","potentialAction":[{"@type":"CommentAction","name":"Comment","target":["https:\/\/www.amotravel.com\/it\/giorni-di-mercato-delle-minoranze-etniche-nel-nord-del-vietnam-bac-ha-can-cau-coc-ly-e-altri\/#respond"]}]},{"@type":"WebPage","@id":"https:\/\/www.amotravel.com\/it\/giorni-di-mercato-delle-minoranze-etniche-nel-nord-del-vietnam-bac-ha-can-cau-coc-ly-e-altri\/","url":"https:\/\/www.amotravel.com\/it\/giorni-di-mercato-delle-minoranze-etniche-nel-nord-del-vietnam-bac-ha-can-cau-coc-ly-e-altri\/","name":"Giorni di mercato tribale delle etnie nel nord del Vietnam","isPartOf":{"@id":"https:\/\/www.amotravel.com\/it\/#website"},"primaryImageOfPage":{"@id":"https:\/\/www.amotravel.com\/it\/giorni-di-mercato-delle-minoranze-etniche-nel-nord-del-vietnam-bac-ha-can-cau-coc-ly-e-altri\/#primaryimage"},"image":{"@id":"https:\/\/www.amotravel.com\/it\/giorni-di-mercato-delle-minoranze-etniche-nel-nord-del-vietnam-bac-ha-can-cau-coc-ly-e-altri\/#primaryimage"},"thumbnailUrl":"https:\/\/www.amotravel.com\/it\/wp-content\/uploads\/2020\/09\/lung-phin-market-13.jpg","datePublished":"2024-09-18T04:31:45+00:00","dateModified":"2024-09-29T19:52:04+00:00","author":{"@id":"https:\/\/www.amotravel.com\/it\/#\/schema\/person\/e4a4e0b7937afc125651190b8419bf4a"},"description":"In questo articolo elenchiamo i giorni di mercato tribale delle etnie nel nord del Vietnam: dai mercati pi\u00f9 frequentati ai quelli poc conosciuti","breadcrumb":{"@id":"https:\/\/www.amotravel.com\/it\/giorni-di-mercato-delle-minoranze-etniche-nel-nord-del-vietnam-bac-ha-can-cau-coc-ly-e-altri\/#breadcrumb"},"inLanguage":"vi","potentialAction":[{"@type":"ReadAction","target":["https:\/\/www.amotravel.com\/it\/giorni-di-mercato-delle-minoranze-etniche-nel-nord-del-vietnam-bac-ha-can-cau-coc-ly-e-altri\/"]}]},{"@type":"ImageObject","inLanguage":"vi","@id":"https:\/\/www.amotravel.com\/it\/giorni-di-mercato-delle-minoranze-etniche-nel-nord-del-vietnam-bac-ha-can-cau-coc-ly-e-altri\/#primaryimage","url":"https:\/\/www.amotravel.com\/it\/wp-content\/uploads\/2020\/09\/lung-phin-market-13.jpg","contentUrl":"https:\/\/www.amotravel.com\/it\/wp-content\/uploads\/2020\/09\/lung-phin-market-13.jpg","width":870,"height":550},{"@type":"BreadcrumbList","@id":"https:\/\/www.amotravel.com\/it\/giorni-di-mercato-delle-minoranze-etniche-nel-nord-del-vietnam-bac-ha-can-cau-coc-ly-e-altri\/#breadcrumb","itemListElement":[{"@type":"ListItem","position":1,"name":"Home","item":"https:\/\/www.amotravel.com\/it\/"},{"@type":"ListItem","position":2,"name":"Giorni di mercato delle minoranze etniche nel nord del Vietnam: Bac Ha, Can Cau, Coc Ly e altri &#8211; Aggiornato 2024"}]},{"@type":"WebSite","@id":"https:\/\/www.amotravel.com\/it\/#website","url":"https:\/\/www.amotravel.com\/it\/","name":"Amo Travel Italiano","description":"","potentialAction":[{"@type":"SearchAction","target":{"@type":"EntryPoint","urlTemplate":"https:\/\/www.amotravel.com\/it\/?s={search_term_string}"},"query-input":{"@type":"PropertyValueSpecification","valueRequired":true,"valueName":"search_term_string"}}],"inLanguage":"vi"},{"@type":"Person","@id":"https:\/\/www.amotravel.com\/it\/#\/schema\/person\/e4a4e0b7937afc125651190b8419bf4a","name":"Th\u1ee7y","image":{"@type":"ImageObject","inLanguage":"vi","@id":"https:\/\/www.amotravel.com\/it\/wp-content\/litespeed\/avatar\/d5df0229dc204f85f13b9304135ddd14.jpg?ver=1777536547","url":"https:\/\/www.amotravel.com\/it\/wp-content\/litespeed\/avatar\/d5df0229dc204f85f13b9304135ddd14.jpg?ver=1777536547","contentUrl":"https:\/\/www.amotravel.com\/it\/wp-content\/litespeed\/avatar\/d5df0229dc204f85f13b9304135ddd14.jpg?ver=1777536547","caption":"Th\u1ee7y"},"url":"https:\/\/www.amotravel.com\/it\/author\/thuyamo\/"}]}},"_links":{"self":[{"href":"https:\/\/www.amotravel.com\/it\/wp-json\/wp\/v2\/posts\/13154","targetHints":{"allow":["GET"]}}],"collection":[{"href":"https:\/\/www.amotravel.com\/it\/wp-json\/wp\/v2\/posts"}],"about":[{"href":"https:\/\/www.amotravel.com\/it\/wp-json\/wp\/v2\/types\/post"}],"author":[{"embeddable":true,"href":"https:\/\/www.amotravel.com\/it\/wp-json\/wp\/v2\/users\/15"}],"replies":[{"embeddable":true,"href":"https:\/\/www.amotravel.com\/it\/wp-json\/wp\/v2\/comments?post=13154"}],"version-history":[{"count":1,"href":"https:\/\/www.amotravel.com\/it\/wp-json\/wp\/v2\/posts\/13154\/revisions"}],"predecessor-version":[{"id":20086,"href":"https:\/\/www.amotravel.com\/it\/wp-json\/wp\/v2\/posts\/13154\/revisions\/20086"}],"wp:featuredmedia":[{"embeddable":true,"href":"https:\/\/www.amotravel.com\/it\/wp-json\/wp\/v2\/media\/13158"}],"wp:attachment":[{"href":"https:\/\/www.amotravel.com\/it\/wp-json\/wp\/v2\/media?parent=13154"}],"wp:term":[{"taxonomy":"category","embeddable":true,"href":"https:\/\/www.amotravel.com\/it\/wp-json\/wp\/v2\/categories?post=13154"},{"taxonomy":"post_tag","embeddable":true,"href":"https:\/\/www.amotravel.com\/it\/wp-json\/wp\/v2\/tags?post=13154"}],"curies":[{"name":"wp","href":"https:\/\/api.w.org\/{rel}","templated":true}]}}