{"id":10729,"date":"2016-06-03T09:37:33","date_gmt":"2016-06-03T09:37:33","guid":{"rendered":"https:\/\/www.amotravel.it\/?p=10729"},"modified":"2020-06-10T08:22:20","modified_gmt":"2020-06-10T08:22:20","slug":"visto-vietnam-201607012503","status":"publish","type":"post","link":"https:\/\/www.amotravel.com\/it\/visto-vietnam-201607012503\/","title":{"rendered":"Vietnam rinnova il programma di esenzione dal visto per gli Europei in anno 2016"},"content":{"rendered":"<p>Il governo Vietnamita ha esteso un programma di esenzione dal visto per la Germania, Francia, Regno Unito, Italia e Spagna per un altro anno, i mass media hanno riferito Venerd\u00ec.<\/p>\n<p>Questo nuovo programma estender\u00e0 l\u2019esenzione dal visto per un\u2019anno ai cittadini provenienti dai cinque \u00a0paesi quando entrano il Vietnam con il soggiorno non supera 15 giorni dalla data di entrata, citando il decreto del governo vietnamita del 30 giugno 2016.<\/p>\n<p>La programma si concluder\u00e0 il 30 giungno 2017.<\/p>\n<p><img decoding=\"async\" class=\"aligncenter wp-image-10730 size-full\" src=\"https:\/\/www.amotravel.com\/it\/wp-content\/uploads\/2020\/05\/nhung-diem-du-lich-bien-sieu-hot-he-nay-5.jpg\" alt=\"\" width=\"660\" height=\"440\" srcset=\"https:\/\/www.amotravel.com\/it\/wp-content\/uploads\/2020\/05\/nhung-diem-du-lich-bien-sieu-hot-he-nay-5.jpg 660w, https:\/\/www.amotravel.com\/it\/wp-content\/uploads\/2020\/05\/nhung-diem-du-lich-bien-sieu-hot-he-nay-5-300x200.jpg 300w, https:\/\/www.amotravel.com\/it\/wp-content\/uploads\/2020\/05\/nhung-diem-du-lich-bien-sieu-hot-he-nay-5-150x100.jpg 150w, https:\/\/www.amotravel.com\/it\/wp-content\/uploads\/2020\/05\/nhung-diem-du-lich-bien-sieu-hot-he-nay-5-200x133.jpg 200w, https:\/\/www.amotravel.com\/it\/wp-content\/uploads\/2020\/05\/nhung-diem-du-lich-bien-sieu-hot-he-nay-5-250x166.jpg 250w\" sizes=\"(max-width: 660px) 100vw, 660px\" \/><\/p>\n<p>Pi\u00f9 di 4,7 milioni di stranieri hanno visitato il Vietnam nei primi sei mesi di quest\u2019anno, con un incremento anno su anno del 21,3% , secondo l\u2019Ufficio\u00a0 Generale di Statistica.<\/p>\n<p>I ricavi del turismo \u00e8 aumentato del 22% , pi\u00f9 di VND200 miliardi (US $ 9 miliardi di euro). I funzionari sono convinti che il paese pu\u00f2 raggiungere gli obiettivi di 8,5 milioni di visitatori stranieri quest\u2019anno e $370 miliardi di dollari di ricavi.<\/p>\n","protected":false},"excerpt":{"rendered":"<p>Il governo Vietnamita ha esteso un programma di esenzione dal visto per la Germania, Francia, Regno Unito, Italia e Spagna per un altro anno, i mass media hanno riferito Venerd\u00ec. Questo nuovo programma estender\u00e0 l\u2019esenzione dal visto per un\u2019anno ai cittadini provenienti dai cinque \u00a0paesi quando entrano il Vietnam con il soggiorno non supera 15 [&hellip;]<\/p>\n","protected":false},"author":15,"featured_media":10738,"comment_status":"open","ping_status":"open","sticky":false,"template":"","format":"standard","meta":{"footnotes":""},"categories":[1,508],"tags":[658,721],"class_list":["post-10729","post","type-post","status-publish","format-standard","has-post-thumbnail","hentry","category-notizia-locale","category-visa-vietnam-visto-vietnam-allarrivo","tag-consigli-del-viaggio-vietnam","tag-visto-vietnam"],"acf":[],"yoast_head":"<!-- This site is optimized with the Yoast SEO plugin v27.5 - https:\/\/yoast.com\/product\/yoast-seo-wordpress\/ -->\n<title>Vietnam rinnova il programma di esenzione dal visto per gli Europei in anno 2016 - Amo Travel Italiano<\/title>\n<meta name=\"description\" content=\"Il governo vietnamita ha esteso un programma di esenzione dal visto per la Germania, Francia, Regno Unito, Italia e Spagna per un altro anno\" \/>\n<meta name=\"robots\" content=\"index, follow, max-snippet:-1, max-image-preview:large, max-video-preview:-1\" \/>\n<link rel=\"canonical\" href=\"https:\/\/www.amotravel.com\/it\/visto-vietnam-201607012503\/\" \/>\n<meta property=\"og:locale\" content=\"vi_VN\" \/>\n<meta property=\"og:type\" content=\"article\" \/>\n<meta property=\"og:title\" content=\"Vietnam rinnova il programma di esenzione dal visto per gli Europei in anno 2016 - Amo Travel Italiano\" \/>\n<meta property=\"og:description\" content=\"Il governo vietnamita ha esteso un programma di esenzione dal visto per la Germania, Francia, Regno Unito, Italia e Spagna per un altro anno\" \/>\n<meta property=\"og:url\" content=\"https:\/\/www.amotravel.com\/it\/visto-vietnam-201607012503\/\" \/>\n<meta property=\"og:site_name\" content=\"Amo Travel Italiano\" \/>\n<meta property=\"article:publisher\" content=\"https:\/\/www.facebook.com\/AmoTravelItaliano\" \/>\n<meta property=\"article:published_time\" content=\"2016-06-03T09:37:33+00:00\" \/>\n<meta property=\"article:modified_time\" content=\"2020-06-10T08:22:20+00:00\" \/>\n<meta property=\"og:image\" content=\"https:\/\/www.amotravel.com\/it\/wp-content\/uploads\/2020\/05\/Immigration-Passport-Visa-1.jpg\" \/>\n\t<meta property=\"og:image:width\" content=\"800\" \/>\n\t<meta property=\"og:image:height\" content=\"533\" \/>\n\t<meta property=\"og:image:type\" content=\"image\/jpeg\" \/>\n<meta name=\"author\" content=\"Th\u1ee7y\" \/>\n<meta name=\"twitter:card\" content=\"summary_large_image\" \/>\n<meta name=\"twitter:label1\" content=\"\u0110\u01b0\u1ee3c vi\u1ebft b\u1edfi\" \/>\n\t<meta name=\"twitter:data1\" content=\"Th\u1ee7y\" \/>\n\t<meta name=\"twitter:label2\" content=\"\u01af\u1edbc t\u00ednh th\u1eddi gian \u0111\u1ecdc\" \/>\n\t<meta name=\"twitter:data2\" content=\"1 ph\u00fat\" \/>\n<script type=\"application\/ld+json\" class=\"yoast-schema-graph\">{\"@context\":\"https:\\\/\\\/schema.org\",\"@graph\":[{\"@type\":\"Article\",\"@id\":\"https:\\\/\\\/www.amotravel.com\\\/it\\\/visto-vietnam-201607012503\\\/#article\",\"isPartOf\":{\"@id\":\"https:\\\/\\\/www.amotravel.com\\\/it\\\/visto-vietnam-201607012503\\\/\"},\"author\":{\"name\":\"Th\u1ee7y\",\"@id\":\"https:\\\/\\\/www.amotravel.com\\\/it\\\/#\\\/schema\\\/person\\\/e4a4e0b7937afc125651190b8419bf4a\"},\"headline\":\"Vietnam rinnova il programma di esenzione dal visto per gli Europei in anno 2016\",\"datePublished\":\"2016-06-03T09:37:33+00:00\",\"dateModified\":\"2020-06-10T08:22:20+00:00\",\"mainEntityOfPage\":{\"@id\":\"https:\\\/\\\/www.amotravel.com\\\/it\\\/visto-vietnam-201607012503\\\/\"},\"wordCount\":155,\"commentCount\":0,\"image\":{\"@id\":\"https:\\\/\\\/www.amotravel.com\\\/it\\\/visto-vietnam-201607012503\\\/#primaryimage\"},\"thumbnailUrl\":\"https:\\\/\\\/www.amotravel.com\\\/it\\\/wp-content\\\/uploads\\\/2020\\\/05\\\/Immigration-Passport-Visa-1.jpg\",\"keywords\":[\"consigli del viaggio vietnam\",\"visto vietnam\"],\"articleSection\":[\"Notizia Locale\",\"Visa Vietnam \u2013 Visto Vietnam all'arrivo\"],\"inLanguage\":\"vi\",\"potentialAction\":[{\"@type\":\"CommentAction\",\"name\":\"Comment\",\"target\":[\"https:\\\/\\\/www.amotravel.com\\\/it\\\/visto-vietnam-201607012503\\\/#respond\"]}]},{\"@type\":\"WebPage\",\"@id\":\"https:\\\/\\\/www.amotravel.com\\\/it\\\/visto-vietnam-201607012503\\\/\",\"url\":\"https:\\\/\\\/www.amotravel.com\\\/it\\\/visto-vietnam-201607012503\\\/\",\"name\":\"Vietnam rinnova il programma di esenzione dal visto per gli Europei in anno 2016 - Amo Travel Italiano\",\"isPartOf\":{\"@id\":\"https:\\\/\\\/www.amotravel.com\\\/it\\\/#website\"},\"primaryImageOfPage\":{\"@id\":\"https:\\\/\\\/www.amotravel.com\\\/it\\\/visto-vietnam-201607012503\\\/#primaryimage\"},\"image\":{\"@id\":\"https:\\\/\\\/www.amotravel.com\\\/it\\\/visto-vietnam-201607012503\\\/#primaryimage\"},\"thumbnailUrl\":\"https:\\\/\\\/www.amotravel.com\\\/it\\\/wp-content\\\/uploads\\\/2020\\\/05\\\/Immigration-Passport-Visa-1.jpg\",\"datePublished\":\"2016-06-03T09:37:33+00:00\",\"dateModified\":\"2020-06-10T08:22:20+00:00\",\"author\":{\"@id\":\"https:\\\/\\\/www.amotravel.com\\\/it\\\/#\\\/schema\\\/person\\\/e4a4e0b7937afc125651190b8419bf4a\"},\"description\":\"Il governo vietnamita ha esteso un programma di esenzione dal visto per la Germania, Francia, Regno Unito, Italia e Spagna per un altro anno\",\"breadcrumb\":{\"@id\":\"https:\\\/\\\/www.amotravel.com\\\/it\\\/visto-vietnam-201607012503\\\/#breadcrumb\"},\"inLanguage\":\"vi\",\"potentialAction\":[{\"@type\":\"ReadAction\",\"target\":[\"https:\\\/\\\/www.amotravel.com\\\/it\\\/visto-vietnam-201607012503\\\/\"]}]},{\"@type\":\"ImageObject\",\"inLanguage\":\"vi\",\"@id\":\"https:\\\/\\\/www.amotravel.com\\\/it\\\/visto-vietnam-201607012503\\\/#primaryimage\",\"url\":\"https:\\\/\\\/www.amotravel.com\\\/it\\\/wp-content\\\/uploads\\\/2020\\\/05\\\/Immigration-Passport-Visa-1.jpg\",\"contentUrl\":\"https:\\\/\\\/www.amotravel.com\\\/it\\\/wp-content\\\/uploads\\\/2020\\\/05\\\/Immigration-Passport-Visa-1.jpg\",\"width\":800,\"height\":533},{\"@type\":\"BreadcrumbList\",\"@id\":\"https:\\\/\\\/www.amotravel.com\\\/it\\\/visto-vietnam-201607012503\\\/#breadcrumb\",\"itemListElement\":[{\"@type\":\"ListItem\",\"position\":1,\"name\":\"Home\",\"item\":\"https:\\\/\\\/www.amotravel.com\\\/it\\\/\"},{\"@type\":\"ListItem\",\"position\":2,\"name\":\"Vietnam rinnova il programma di esenzione dal visto per gli Europei in anno 2016\"}]},{\"@type\":\"WebSite\",\"@id\":\"https:\\\/\\\/www.amotravel.com\\\/it\\\/#website\",\"url\":\"https:\\\/\\\/www.amotravel.com\\\/it\\\/\",\"name\":\"Amo Travel Italiano\",\"description\":\"\",\"potentialAction\":[{\"@type\":\"SearchAction\",\"target\":{\"@type\":\"EntryPoint\",\"urlTemplate\":\"https:\\\/\\\/www.amotravel.com\\\/it\\\/?s={search_term_string}\"},\"query-input\":{\"@type\":\"PropertyValueSpecification\",\"valueRequired\":true,\"valueName\":\"search_term_string\"}}],\"inLanguage\":\"vi\"},{\"@type\":\"Person\",\"@id\":\"https:\\\/\\\/www.amotravel.com\\\/it\\\/#\\\/schema\\\/person\\\/e4a4e0b7937afc125651190b8419bf4a\",\"name\":\"Th\u1ee7y\",\"image\":{\"@type\":\"ImageObject\",\"inLanguage\":\"vi\",\"@id\":\"https:\\\/\\\/www.amotravel.com\\\/it\\\/wp-content\\\/litespeed\\\/avatar\\\/d5df0229dc204f85f13b9304135ddd14.jpg?ver=1777536547\",\"url\":\"https:\\\/\\\/www.amotravel.com\\\/it\\\/wp-content\\\/litespeed\\\/avatar\\\/d5df0229dc204f85f13b9304135ddd14.jpg?ver=1777536547\",\"contentUrl\":\"https:\\\/\\\/www.amotravel.com\\\/it\\\/wp-content\\\/litespeed\\\/avatar\\\/d5df0229dc204f85f13b9304135ddd14.jpg?ver=1777536547\",\"caption\":\"Th\u1ee7y\"},\"url\":\"https:\\\/\\\/www.amotravel.com\\\/it\\\/author\\\/thuyamo\\\/\"}]}<\/script>\n<!-- \/ Yoast SEO plugin. -->","yoast_head_json":{"title":"Vietnam rinnova il programma di esenzione dal visto per gli Europei in anno 2016 - Amo Travel Italiano","description":"Il governo vietnamita ha esteso un programma di esenzione dal visto per la Germania, Francia, Regno Unito, Italia e Spagna per un altro anno","robots":{"index":"index","follow":"follow","max-snippet":"max-snippet:-1","max-image-preview":"max-image-preview:large","max-video-preview":"max-video-preview:-1"},"canonical":"https:\/\/www.amotravel.com\/it\/visto-vietnam-201607012503\/","og_locale":"vi_VN","og_type":"article","og_title":"Vietnam rinnova il programma di esenzione dal visto per gli Europei in anno 2016 - Amo Travel Italiano","og_description":"Il governo vietnamita ha esteso un programma di esenzione dal visto per la Germania, Francia, Regno Unito, Italia e Spagna per un altro anno","og_url":"https:\/\/www.amotravel.com\/it\/visto-vietnam-201607012503\/","og_site_name":"Amo Travel Italiano","article_publisher":"https:\/\/www.facebook.com\/AmoTravelItaliano","article_published_time":"2016-06-03T09:37:33+00:00","article_modified_time":"2020-06-10T08:22:20+00:00","og_image":[{"width":800,"height":533,"url":"https:\/\/www.amotravel.com\/it\/wp-content\/uploads\/2020\/05\/Immigration-Passport-Visa-1.jpg","type":"image\/jpeg"}],"author":"Th\u1ee7y","twitter_card":"summary_large_image","twitter_misc":{"\u0110\u01b0\u1ee3c vi\u1ebft b\u1edfi":"Th\u1ee7y","\u01af\u1edbc t\u00ednh th\u1eddi gian \u0111\u1ecdc":"1 ph\u00fat"},"schema":{"@context":"https:\/\/schema.org","@graph":[{"@type":"Article","@id":"https:\/\/www.amotravel.com\/it\/visto-vietnam-201607012503\/#article","isPartOf":{"@id":"https:\/\/www.amotravel.com\/it\/visto-vietnam-201607012503\/"},"author":{"name":"Th\u1ee7y","@id":"https:\/\/www.amotravel.com\/it\/#\/schema\/person\/e4a4e0b7937afc125651190b8419bf4a"},"headline":"Vietnam rinnova il programma di esenzione dal visto per gli Europei in anno 2016","datePublished":"2016-06-03T09:37:33+00:00","dateModified":"2020-06-10T08:22:20+00:00","mainEntityOfPage":{"@id":"https:\/\/www.amotravel.com\/it\/visto-vietnam-201607012503\/"},"wordCount":155,"commentCount":0,"image":{"@id":"https:\/\/www.amotravel.com\/it\/visto-vietnam-201607012503\/#primaryimage"},"thumbnailUrl":"https:\/\/www.amotravel.com\/it\/wp-content\/uploads\/2020\/05\/Immigration-Passport-Visa-1.jpg","keywords":["consigli del viaggio vietnam","visto vietnam"],"articleSection":["Notizia Locale","Visa Vietnam \u2013 Visto Vietnam all'arrivo"],"inLanguage":"vi","potentialAction":[{"@type":"CommentAction","name":"Comment","target":["https:\/\/www.amotravel.com\/it\/visto-vietnam-201607012503\/#respond"]}]},{"@type":"WebPage","@id":"https:\/\/www.amotravel.com\/it\/visto-vietnam-201607012503\/","url":"https:\/\/www.amotravel.com\/it\/visto-vietnam-201607012503\/","name":"Vietnam rinnova il programma di esenzione dal visto per gli Europei in anno 2016 - Amo Travel Italiano","isPartOf":{"@id":"https:\/\/www.amotravel.com\/it\/#website"},"primaryImageOfPage":{"@id":"https:\/\/www.amotravel.com\/it\/visto-vietnam-201607012503\/#primaryimage"},"image":{"@id":"https:\/\/www.amotravel.com\/it\/visto-vietnam-201607012503\/#primaryimage"},"thumbnailUrl":"https:\/\/www.amotravel.com\/it\/wp-content\/uploads\/2020\/05\/Immigration-Passport-Visa-1.jpg","datePublished":"2016-06-03T09:37:33+00:00","dateModified":"2020-06-10T08:22:20+00:00","author":{"@id":"https:\/\/www.amotravel.com\/it\/#\/schema\/person\/e4a4e0b7937afc125651190b8419bf4a"},"description":"Il governo vietnamita ha esteso un programma di esenzione dal visto per la Germania, Francia, Regno Unito, Italia e Spagna per un altro anno","breadcrumb":{"@id":"https:\/\/www.amotravel.com\/it\/visto-vietnam-201607012503\/#breadcrumb"},"inLanguage":"vi","potentialAction":[{"@type":"ReadAction","target":["https:\/\/www.amotravel.com\/it\/visto-vietnam-201607012503\/"]}]},{"@type":"ImageObject","inLanguage":"vi","@id":"https:\/\/www.amotravel.com\/it\/visto-vietnam-201607012503\/#primaryimage","url":"https:\/\/www.amotravel.com\/it\/wp-content\/uploads\/2020\/05\/Immigration-Passport-Visa-1.jpg","contentUrl":"https:\/\/www.amotravel.com\/it\/wp-content\/uploads\/2020\/05\/Immigration-Passport-Visa-1.jpg","width":800,"height":533},{"@type":"BreadcrumbList","@id":"https:\/\/www.amotravel.com\/it\/visto-vietnam-201607012503\/#breadcrumb","itemListElement":[{"@type":"ListItem","position":1,"name":"Home","item":"https:\/\/www.amotravel.com\/it\/"},{"@type":"ListItem","position":2,"name":"Vietnam rinnova il programma di esenzione dal visto per gli Europei in anno 2016"}]},{"@type":"WebSite","@id":"https:\/\/www.amotravel.com\/it\/#website","url":"https:\/\/www.amotravel.com\/it\/","name":"Amo Travel Italiano","description":"","potentialAction":[{"@type":"SearchAction","target":{"@type":"EntryPoint","urlTemplate":"https:\/\/www.amotravel.com\/it\/?s={search_term_string}"},"query-input":{"@type":"PropertyValueSpecification","valueRequired":true,"valueName":"search_term_string"}}],"inLanguage":"vi"},{"@type":"Person","@id":"https:\/\/www.amotravel.com\/it\/#\/schema\/person\/e4a4e0b7937afc125651190b8419bf4a","name":"Th\u1ee7y","image":{"@type":"ImageObject","inLanguage":"vi","@id":"https:\/\/www.amotravel.com\/it\/wp-content\/litespeed\/avatar\/d5df0229dc204f85f13b9304135ddd14.jpg?ver=1777536547","url":"https:\/\/www.amotravel.com\/it\/wp-content\/litespeed\/avatar\/d5df0229dc204f85f13b9304135ddd14.jpg?ver=1777536547","contentUrl":"https:\/\/www.amotravel.com\/it\/wp-content\/litespeed\/avatar\/d5df0229dc204f85f13b9304135ddd14.jpg?ver=1777536547","caption":"Th\u1ee7y"},"url":"https:\/\/www.amotravel.com\/it\/author\/thuyamo\/"}]}},"_links":{"self":[{"href":"https:\/\/www.amotravel.com\/it\/wp-json\/wp\/v2\/posts\/10729","targetHints":{"allow":["GET"]}}],"collection":[{"href":"https:\/\/www.amotravel.com\/it\/wp-json\/wp\/v2\/posts"}],"about":[{"href":"https:\/\/www.amotravel.com\/it\/wp-json\/wp\/v2\/types\/post"}],"author":[{"embeddable":true,"href":"https:\/\/www.amotravel.com\/it\/wp-json\/wp\/v2\/users\/15"}],"replies":[{"embeddable":true,"href":"https:\/\/www.amotravel.com\/it\/wp-json\/wp\/v2\/comments?post=10729"}],"version-history":[{"count":0,"href":"https:\/\/www.amotravel.com\/it\/wp-json\/wp\/v2\/posts\/10729\/revisions"}],"wp:featuredmedia":[{"embeddable":true,"href":"https:\/\/www.amotravel.com\/it\/wp-json\/wp\/v2\/media\/10738"}],"wp:attachment":[{"href":"https:\/\/www.amotravel.com\/it\/wp-json\/wp\/v2\/media?parent=10729"}],"wp:term":[{"taxonomy":"category","embeddable":true,"href":"https:\/\/www.amotravel.com\/it\/wp-json\/wp\/v2\/categories?post=10729"},{"taxonomy":"post_tag","embeddable":true,"href":"https:\/\/www.amotravel.com\/it\/wp-json\/wp\/v2\/tags?post=10729"}],"curies":[{"name":"wp","href":"https:\/\/api.w.org\/{rel}","templated":true}]}}