{"id":4879,"date":"2019-07-27T05:07:25","date_gmt":"2019-07-27T05:07:25","guid":{"rendered":"https:\/\/www.amotravel.fr\/?p=4879"},"modified":"2019-08-30T16:59:34","modified_gmt":"2019-08-30T16:59:34","slug":"pourquoi-pres-de-40-des-vietnamiens-portent-nguyen-comme-nom-de-famille","status":"publish","type":"post","link":"https:\/\/www.amotravel.com\/fr\/pourquoi-pres-de-40-des-vietnamiens-portent-nguyen-comme-nom-de-famille\/","title":{"rendered":"Pourquoi pr\u00e8s de 40% des Vietnamiens portent Nguyen comme nom de famille?"},"content":{"rendered":"<p>Le nom vietnamien est divis\u00e9 en 3 parties: Nom de famille &#8211; pr\u00e9nom &#8211; nom. Par exemple, Nguyen Van Hung, Nguyen est le nom de famille, Van est le pr\u00e9nom et Hung est le nom.\u00a0<br \/>\nLe nom de famille le plus populaire au Vietnam est Nguyen. Ceux qui portent Nguyen comptent environ 90 millions d&rsquo;habitants. Beaucoup de gens se demandent pourquoi pr\u00e8s de la moiti\u00e9 des Vietnamiens portent ce nom de famille. Dans cet article, Amo Travel vous fournit certaines hypoth\u00e8ses autour de son \u00ab\u00a0envahissement \u00bb au Vietnam.<\/p>\n<figure id=\"attachment_4881\" aria-describedby=\"caption-attachment-4881\" style=\"width: 640px\" class=\"wp-caption aligncenter\"><img fetchpriority=\"high\" decoding=\"async\" class=\"size-large wp-image-4881\" src=\"https:\/\/www.amotravel.fr\/wp-content\/uploads\/2019\/07\/trieunguyen3-686x600.jpg\" alt=\"\" width=\"640\" height=\"560\" srcset=\"https:\/\/www.amotravel.com\/fr\/wp-content\/uploads\/2019\/07\/trieunguyen3-686x600.jpg 686w, https:\/\/www.amotravel.com\/fr\/wp-content\/uploads\/2019\/07\/trieunguyen3-300x263.jpg 300w, https:\/\/www.amotravel.com\/fr\/wp-content\/uploads\/2019\/07\/trieunguyen3.jpg 800w\" sizes=\"(max-width: 640px) 100vw, 640px\" \/><figcaption id=\"caption-attachment-4881\" class=\"wp-caption-text\">Les noms de famille les plus populaires au Vietnam<br \/>\nSource: Twitter<\/figcaption><\/figure>\n<h2>Les temps antiques<\/h2>\n<p>\nApr\u00e8s que le r\u00e8gne de la dynastie Ly &#8211; qui existait pendant 216 ans (1009-1225) d\u00e9cline, la dynastie Tran a pris le pouvoir. Pour \u00e9viter d\u2019\u00eatre assassin\u00e9s, la plupart des membres ayant ce nom de famille ont d\u00e9cid\u00e9 de changer leur nom de famille en Nguyen. Pourquoi ils ont choisi Nguyen pour remplacer Ly ? Aucune r\u00e9ponse officielle jusqu\u2019\u00e0 maintenant ! Et chaque fois qu&rsquo;une nouvelle dynastie \u00e9tait remplac\u00e9e, tous les membres de la dynastie pr\u00e9c\u00e9dente devaient changer le nom de famille en Nguyen.<\/p>\n<figure id=\"attachment_4883\" aria-describedby=\"caption-attachment-4883\" style=\"width: 660px\" class=\"wp-caption aligncenter\"><img decoding=\"async\" class=\"size-full wp-image-4883\" src=\"https:\/\/www.amotravel.fr\/wp-content\/uploads\/2019\/07\/trieunguyen.jpg\" alt=\"\" width=\"660\" height=\"485\" srcset=\"https:\/\/www.amotravel.com\/fr\/wp-content\/uploads\/2019\/07\/trieunguyen.jpg 660w, https:\/\/www.amotravel.com\/fr\/wp-content\/uploads\/2019\/07\/trieunguyen-300x220.jpg 300w\" sizes=\"(max-width: 660px) 100vw, 660px\" \/><figcaption id=\"caption-attachment-4883\" class=\"wp-caption-text\">la dynastie de Nguyen<br \/>\nSource: thethaovanhoa.vn<\/figcaption><\/figure>\n<h2>\nLes temps modernes<\/h2>\n<p>Au 19\u00e8me si\u00e8cle, pendant le si\u00e8cle de la colonisation fran\u00e7aise, les Fran\u00e7ais avaient pour la premi\u00e8re fois la plus grande enqu\u00eate d\u00e9mographique au Vietnam. Cependant, avant, au Vietnam, la majorit\u00e9 des membres des classes d\u00e9favoris\u00e9es ne portaient pas de noms de famille, seuls les rois, les nobles et les intellectuels les portent. ils ont donc rencontr\u00e9 des difficult\u00e9s pour rassembler les statistiques. Les Fran\u00e7ais ont d\u00e9cid\u00e9 que ceux qui ne les portaient pas portaient tous la famille Nguyen car la dynastie des Nguyen est la derni\u00e8re dynastie des Vietnamiens.<\/p>\n<figure id=\"attachment_4882\" aria-describedby=\"caption-attachment-4882\" style=\"width: 446px\" class=\"wp-caption aligncenter\"><img decoding=\"async\" class=\"size-large wp-image-4882\" src=\"https:\/\/www.amotravel.fr\/wp-content\/uploads\/2019\/07\/trieunguyen4-446x600.jpg\" alt=\"\" width=\"446\" height=\"600\" srcset=\"https:\/\/www.amotravel.com\/fr\/wp-content\/uploads\/2019\/07\/trieunguyen4-446x600.jpg 446w, https:\/\/www.amotravel.com\/fr\/wp-content\/uploads\/2019\/07\/trieunguyen4-223x300.jpg 223w, https:\/\/www.amotravel.com\/fr\/wp-content\/uploads\/2019\/07\/trieunguyen4.jpg 591w\" sizes=\"(max-width: 446px) 100vw, 446px\" \/><figcaption id=\"caption-attachment-4882\" class=\"wp-caption-text\">Treizi\u00e8me et dernier monarque de la dynastie des Nguy\u1ec5n, il est aussi le dernier empereur du Vi\u00eat Nam<br \/>\nSource: Wikipedia<\/figcaption><\/figure>\n<p>&nbsp;<\/p>\n","protected":false},"excerpt":{"rendered":"<p>Le nom vietnamien est divis\u00e9 en 3 parties: Nom de famille &#8211; pr\u00e9nom &#8211; nom. Par exemple, Nguyen Van Hung, Nguyen est le nom de famille, Van est le pr\u00e9nom et Hung est le nom.\u00a0 Le nom de famille le plus populaire au Vietnam est Nguyen. Ceux qui portent Nguyen comptent environ 90 millions d&rsquo;habitants. [&hellip;]<\/p>\n","protected":false},"author":4,"featured_media":4880,"comment_status":"open","ping_status":"open","sticky":false,"template":"","format":"standard","meta":{"footnotes":""},"categories":[5,283],"tags":[326],"class_list":["post-4879","post","type-post","status-publish","format-standard","has-post-thumbnail","hentry","category-actualites","category-tradition-culture","tag-nom-de-famille"],"yoast_head":"<!-- This site is optimized with the Yoast SEO plugin v24.7 - https:\/\/yoast.com\/wordpress\/plugins\/seo\/ -->\n<title>Pourquoi pr\u00e8s de 40% des Vietnamiens portent Nguyen comme nom de famille? - Amo Travel<\/title>\n<meta name=\"description\" content=\"Beaucoup de gens se demandent pourquoi plus de 40% des Vietnamiens portent le nom de famille Nguyen. Dans cet article, Amo Travel vous explique pourquoi!\" \/>\n<meta name=\"robots\" content=\"index, follow, max-snippet:-1, max-image-preview:large, max-video-preview:-1\" \/>\n<link rel=\"canonical\" href=\"https:\/\/www.amotravel.com\/fr\/pourquoi-pres-de-40-des-vietnamiens-portent-nguyen-comme-nom-de-famille\/\" \/>\n<meta property=\"og:locale\" content=\"fr_FR\" \/>\n<meta property=\"og:type\" content=\"article\" \/>\n<meta property=\"og:title\" content=\"Pourquoi pr\u00e8s de 40% des Vietnamiens portent Nguyen comme nom de famille? - Amo Travel\" \/>\n<meta property=\"og:description\" content=\"Beaucoup de gens se demandent pourquoi plus de 40% des Vietnamiens portent le nom de famille Nguyen. Dans cet article, Amo Travel vous explique pourquoi!\" \/>\n<meta property=\"og:url\" content=\"https:\/\/www.amotravel.com\/fr\/pourquoi-pres-de-40-des-vietnamiens-portent-nguyen-comme-nom-de-famille\/\" \/>\n<meta property=\"og:site_name\" content=\"Amo Travel\" \/>\n<meta property=\"article:published_time\" content=\"2019-07-27T05:07:25+00:00\" \/>\n<meta property=\"article:modified_time\" content=\"2019-08-30T16:59:34+00:00\" \/>\n<meta property=\"og:image\" content=\"https:\/\/www.amotravel.com\/fr\/wp-content\/uploads\/2019\/07\/trieunguyen2.jpg\" \/>\n\t<meta property=\"og:image:width\" content=\"550\" \/>\n\t<meta property=\"og:image:height\" content=\"398\" \/>\n\t<meta property=\"og:image:type\" content=\"image\/jpeg\" \/>\n<meta name=\"author\" content=\"Trung Nguy\u1ec5n\" \/>\n<meta name=\"twitter:card\" content=\"summary_large_image\" \/>\n<meta name=\"twitter:label1\" content=\"\u00c9crit par\" \/>\n\t<meta name=\"twitter:data1\" content=\"Trung Nguy\u1ec5n\" \/>\n\t<meta name=\"twitter:label2\" content=\"Dur\u00e9e de lecture estim\u00e9e\" \/>\n\t<meta name=\"twitter:data2\" content=\"2 minutes\" \/>\n<script type=\"application\/ld+json\" class=\"yoast-schema-graph\">{\"@context\":\"https:\/\/schema.org\",\"@graph\":[{\"@type\":\"Article\",\"@id\":\"https:\/\/www.amotravel.com\/fr\/pourquoi-pres-de-40-des-vietnamiens-portent-nguyen-comme-nom-de-famille\/#article\",\"isPartOf\":{\"@id\":\"https:\/\/www.amotravel.com\/fr\/pourquoi-pres-de-40-des-vietnamiens-portent-nguyen-comme-nom-de-famille\/\"},\"author\":{\"name\":\"Trung Nguy\u1ec5n\",\"@id\":\"https:\/\/www.amotravel.com\/fr\/#\/schema\/person\/bf6d66ebd645d863eb9d8a97e4bebfac\"},\"headline\":\"Pourquoi pr\u00e8s de 40% des Vietnamiens portent Nguyen comme nom de famille?\",\"datePublished\":\"2019-07-27T05:07:25+00:00\",\"dateModified\":\"2019-08-30T16:59:34+00:00\",\"mainEntityOfPage\":{\"@id\":\"https:\/\/www.amotravel.com\/fr\/pourquoi-pres-de-40-des-vietnamiens-portent-nguyen-comme-nom-de-famille\/\"},\"wordCount\":365,\"commentCount\":0,\"publisher\":{\"@id\":\"https:\/\/www.amotravel.com\/fr\/#organization\"},\"image\":{\"@id\":\"https:\/\/www.amotravel.com\/fr\/pourquoi-pres-de-40-des-vietnamiens-portent-nguyen-comme-nom-de-famille\/#primaryimage\"},\"thumbnailUrl\":\"https:\/\/www.amotravel.com\/fr\/wp-content\/uploads\/2019\/07\/trieunguyen2.jpg\",\"keywords\":[\"nom de famille\"],\"articleSection\":[\"Actualit\u00e9s\",\"Tradition et culture\"],\"inLanguage\":\"fr-FR\",\"potentialAction\":[{\"@type\":\"CommentAction\",\"name\":\"Comment\",\"target\":[\"https:\/\/www.amotravel.com\/fr\/pourquoi-pres-de-40-des-vietnamiens-portent-nguyen-comme-nom-de-famille\/#respond\"]}]},{\"@type\":\"WebPage\",\"@id\":\"https:\/\/www.amotravel.com\/fr\/pourquoi-pres-de-40-des-vietnamiens-portent-nguyen-comme-nom-de-famille\/\",\"url\":\"https:\/\/www.amotravel.com\/fr\/pourquoi-pres-de-40-des-vietnamiens-portent-nguyen-comme-nom-de-famille\/\",\"name\":\"Pourquoi pr\u00e8s de 40% des Vietnamiens portent Nguyen comme nom de famille? - Amo Travel\",\"isPartOf\":{\"@id\":\"https:\/\/www.amotravel.com\/fr\/#website\"},\"primaryImageOfPage\":{\"@id\":\"https:\/\/www.amotravel.com\/fr\/pourquoi-pres-de-40-des-vietnamiens-portent-nguyen-comme-nom-de-famille\/#primaryimage\"},\"image\":{\"@id\":\"https:\/\/www.amotravel.com\/fr\/pourquoi-pres-de-40-des-vietnamiens-portent-nguyen-comme-nom-de-famille\/#primaryimage\"},\"thumbnailUrl\":\"https:\/\/www.amotravel.com\/fr\/wp-content\/uploads\/2019\/07\/trieunguyen2.jpg\",\"datePublished\":\"2019-07-27T05:07:25+00:00\",\"dateModified\":\"2019-08-30T16:59:34+00:00\",\"description\":\"Beaucoup de gens se demandent pourquoi plus de 40% des Vietnamiens portent le nom de famille Nguyen. Dans cet article, Amo Travel vous explique pourquoi!\",\"breadcrumb\":{\"@id\":\"https:\/\/www.amotravel.com\/fr\/pourquoi-pres-de-40-des-vietnamiens-portent-nguyen-comme-nom-de-famille\/#breadcrumb\"},\"inLanguage\":\"fr-FR\",\"potentialAction\":[{\"@type\":\"ReadAction\",\"target\":[\"https:\/\/www.amotravel.com\/fr\/pourquoi-pres-de-40-des-vietnamiens-portent-nguyen-comme-nom-de-famille\/\"]}]},{\"@type\":\"ImageObject\",\"inLanguage\":\"fr-FR\",\"@id\":\"https:\/\/www.amotravel.com\/fr\/pourquoi-pres-de-40-des-vietnamiens-portent-nguyen-comme-nom-de-famille\/#primaryimage\",\"url\":\"https:\/\/www.amotravel.com\/fr\/wp-content\/uploads\/2019\/07\/trieunguyen2.jpg\",\"contentUrl\":\"https:\/\/www.amotravel.com\/fr\/wp-content\/uploads\/2019\/07\/trieunguyen2.jpg\",\"width\":550,\"height\":398},{\"@type\":\"BreadcrumbList\",\"@id\":\"https:\/\/www.amotravel.com\/fr\/pourquoi-pres-de-40-des-vietnamiens-portent-nguyen-comme-nom-de-famille\/#breadcrumb\",\"itemListElement\":[{\"@type\":\"ListItem\",\"position\":1,\"name\":\"Accueil\",\"item\":\"https:\/\/www.amotravel.com\/fr\/\"},{\"@type\":\"ListItem\",\"position\":2,\"name\":\"Pourquoi pr\u00e8s de 40% des Vietnamiens portent Nguyen comme nom de famille?\"}]},{\"@type\":\"WebSite\",\"@id\":\"https:\/\/www.amotravel.com\/fr\/#website\",\"url\":\"https:\/\/www.amotravel.com\/fr\/\",\"name\":\"Amo Travel\",\"description\":\"\",\"publisher\":{\"@id\":\"https:\/\/www.amotravel.com\/fr\/#organization\"},\"potentialAction\":[{\"@type\":\"SearchAction\",\"target\":{\"@type\":\"EntryPoint\",\"urlTemplate\":\"https:\/\/www.amotravel.com\/fr\/?s={search_term_string}\"},\"query-input\":{\"@type\":\"PropertyValueSpecification\",\"valueRequired\":true,\"valueName\":\"search_term_string\"}}],\"inLanguage\":\"fr-FR\"},{\"@type\":\"Organization\",\"@id\":\"https:\/\/www.amotravel.com\/fr\/#organization\",\"name\":\"Amo Travel\",\"url\":\"https:\/\/www.amotravel.com\/fr\/\",\"logo\":{\"@type\":\"ImageObject\",\"inLanguage\":\"fr-FR\",\"@id\":\"https:\/\/www.amotravel.com\/fr\/#\/schema\/logo\/image\/\",\"url\":\"https:\/\/www.amotravel.com\/fr\/wp-content\/uploads\/2016\/07\/Logo-ATV-No-Slogan.png\",\"contentUrl\":\"https:\/\/www.amotravel.com\/fr\/wp-content\/uploads\/2016\/07\/Logo-ATV-No-Slogan.png\",\"width\":536,\"height\":85,\"caption\":\"Amo Travel\"},\"image\":{\"@id\":\"https:\/\/www.amotravel.com\/fr\/#\/schema\/logo\/image\/\"}},{\"@type\":\"Person\",\"@id\":\"https:\/\/www.amotravel.com\/fr\/#\/schema\/person\/bf6d66ebd645d863eb9d8a97e4bebfac\",\"name\":\"Trung Nguy\u1ec5n\",\"image\":{\"@type\":\"ImageObject\",\"inLanguage\":\"fr-FR\",\"@id\":\"https:\/\/www.amotravel.com\/fr\/#\/schema\/person\/image\/\",\"url\":\"https:\/\/secure.gravatar.com\/avatar\/6dbce1139567a66fd774e8d6119baf5c?s=96&d=mm&r=g\",\"contentUrl\":\"https:\/\/secure.gravatar.com\/avatar\/6dbce1139567a66fd774e8d6119baf5c?s=96&d=mm&r=g\",\"caption\":\"Trung Nguy\u1ec5n\"},\"url\":\"https:\/\/www.amotravel.com\/fr\/author\/trungnguyen\/\"}]}<\/script>\n<!-- \/ Yoast SEO plugin. -->","yoast_head_json":{"title":"Pourquoi pr\u00e8s de 40% des Vietnamiens portent Nguyen comme nom de famille? - Amo Travel","description":"Beaucoup de gens se demandent pourquoi plus de 40% des Vietnamiens portent le nom de famille Nguyen. Dans cet article, Amo Travel vous explique pourquoi!","robots":{"index":"index","follow":"follow","max-snippet":"max-snippet:-1","max-image-preview":"max-image-preview:large","max-video-preview":"max-video-preview:-1"},"canonical":"https:\/\/www.amotravel.com\/fr\/pourquoi-pres-de-40-des-vietnamiens-portent-nguyen-comme-nom-de-famille\/","og_locale":"fr_FR","og_type":"article","og_title":"Pourquoi pr\u00e8s de 40% des Vietnamiens portent Nguyen comme nom de famille? - Amo Travel","og_description":"Beaucoup de gens se demandent pourquoi plus de 40% des Vietnamiens portent le nom de famille Nguyen. Dans cet article, Amo Travel vous explique pourquoi!","og_url":"https:\/\/www.amotravel.com\/fr\/pourquoi-pres-de-40-des-vietnamiens-portent-nguyen-comme-nom-de-famille\/","og_site_name":"Amo Travel","article_published_time":"2019-07-27T05:07:25+00:00","article_modified_time":"2019-08-30T16:59:34+00:00","og_image":[{"width":550,"height":398,"url":"https:\/\/www.amotravel.com\/fr\/wp-content\/uploads\/2019\/07\/trieunguyen2.jpg","type":"image\/jpeg"}],"author":"Trung Nguy\u1ec5n","twitter_card":"summary_large_image","twitter_misc":{"\u00c9crit par":"Trung Nguy\u1ec5n","Dur\u00e9e de lecture estim\u00e9e":"2 minutes"},"schema":{"@context":"https:\/\/schema.org","@graph":[{"@type":"Article","@id":"https:\/\/www.amotravel.com\/fr\/pourquoi-pres-de-40-des-vietnamiens-portent-nguyen-comme-nom-de-famille\/#article","isPartOf":{"@id":"https:\/\/www.amotravel.com\/fr\/pourquoi-pres-de-40-des-vietnamiens-portent-nguyen-comme-nom-de-famille\/"},"author":{"name":"Trung Nguy\u1ec5n","@id":"https:\/\/www.amotravel.com\/fr\/#\/schema\/person\/bf6d66ebd645d863eb9d8a97e4bebfac"},"headline":"Pourquoi pr\u00e8s de 40% des Vietnamiens portent Nguyen comme nom de famille?","datePublished":"2019-07-27T05:07:25+00:00","dateModified":"2019-08-30T16:59:34+00:00","mainEntityOfPage":{"@id":"https:\/\/www.amotravel.com\/fr\/pourquoi-pres-de-40-des-vietnamiens-portent-nguyen-comme-nom-de-famille\/"},"wordCount":365,"commentCount":0,"publisher":{"@id":"https:\/\/www.amotravel.com\/fr\/#organization"},"image":{"@id":"https:\/\/www.amotravel.com\/fr\/pourquoi-pres-de-40-des-vietnamiens-portent-nguyen-comme-nom-de-famille\/#primaryimage"},"thumbnailUrl":"https:\/\/www.amotravel.com\/fr\/wp-content\/uploads\/2019\/07\/trieunguyen2.jpg","keywords":["nom de famille"],"articleSection":["Actualit\u00e9s","Tradition et culture"],"inLanguage":"fr-FR","potentialAction":[{"@type":"CommentAction","name":"Comment","target":["https:\/\/www.amotravel.com\/fr\/pourquoi-pres-de-40-des-vietnamiens-portent-nguyen-comme-nom-de-famille\/#respond"]}]},{"@type":"WebPage","@id":"https:\/\/www.amotravel.com\/fr\/pourquoi-pres-de-40-des-vietnamiens-portent-nguyen-comme-nom-de-famille\/","url":"https:\/\/www.amotravel.com\/fr\/pourquoi-pres-de-40-des-vietnamiens-portent-nguyen-comme-nom-de-famille\/","name":"Pourquoi pr\u00e8s de 40% des Vietnamiens portent Nguyen comme nom de famille? - Amo Travel","isPartOf":{"@id":"https:\/\/www.amotravel.com\/fr\/#website"},"primaryImageOfPage":{"@id":"https:\/\/www.amotravel.com\/fr\/pourquoi-pres-de-40-des-vietnamiens-portent-nguyen-comme-nom-de-famille\/#primaryimage"},"image":{"@id":"https:\/\/www.amotravel.com\/fr\/pourquoi-pres-de-40-des-vietnamiens-portent-nguyen-comme-nom-de-famille\/#primaryimage"},"thumbnailUrl":"https:\/\/www.amotravel.com\/fr\/wp-content\/uploads\/2019\/07\/trieunguyen2.jpg","datePublished":"2019-07-27T05:07:25+00:00","dateModified":"2019-08-30T16:59:34+00:00","description":"Beaucoup de gens se demandent pourquoi plus de 40% des Vietnamiens portent le nom de famille Nguyen. Dans cet article, Amo Travel vous explique pourquoi!","breadcrumb":{"@id":"https:\/\/www.amotravel.com\/fr\/pourquoi-pres-de-40-des-vietnamiens-portent-nguyen-comme-nom-de-famille\/#breadcrumb"},"inLanguage":"fr-FR","potentialAction":[{"@type":"ReadAction","target":["https:\/\/www.amotravel.com\/fr\/pourquoi-pres-de-40-des-vietnamiens-portent-nguyen-comme-nom-de-famille\/"]}]},{"@type":"ImageObject","inLanguage":"fr-FR","@id":"https:\/\/www.amotravel.com\/fr\/pourquoi-pres-de-40-des-vietnamiens-portent-nguyen-comme-nom-de-famille\/#primaryimage","url":"https:\/\/www.amotravel.com\/fr\/wp-content\/uploads\/2019\/07\/trieunguyen2.jpg","contentUrl":"https:\/\/www.amotravel.com\/fr\/wp-content\/uploads\/2019\/07\/trieunguyen2.jpg","width":550,"height":398},{"@type":"BreadcrumbList","@id":"https:\/\/www.amotravel.com\/fr\/pourquoi-pres-de-40-des-vietnamiens-portent-nguyen-comme-nom-de-famille\/#breadcrumb","itemListElement":[{"@type":"ListItem","position":1,"name":"Accueil","item":"https:\/\/www.amotravel.com\/fr\/"},{"@type":"ListItem","position":2,"name":"Pourquoi pr\u00e8s de 40% des Vietnamiens portent Nguyen comme nom de famille?"}]},{"@type":"WebSite","@id":"https:\/\/www.amotravel.com\/fr\/#website","url":"https:\/\/www.amotravel.com\/fr\/","name":"Amo Travel","description":"","publisher":{"@id":"https:\/\/www.amotravel.com\/fr\/#organization"},"potentialAction":[{"@type":"SearchAction","target":{"@type":"EntryPoint","urlTemplate":"https:\/\/www.amotravel.com\/fr\/?s={search_term_string}"},"query-input":{"@type":"PropertyValueSpecification","valueRequired":true,"valueName":"search_term_string"}}],"inLanguage":"fr-FR"},{"@type":"Organization","@id":"https:\/\/www.amotravel.com\/fr\/#organization","name":"Amo Travel","url":"https:\/\/www.amotravel.com\/fr\/","logo":{"@type":"ImageObject","inLanguage":"fr-FR","@id":"https:\/\/www.amotravel.com\/fr\/#\/schema\/logo\/image\/","url":"https:\/\/www.amotravel.com\/fr\/wp-content\/uploads\/2016\/07\/Logo-ATV-No-Slogan.png","contentUrl":"https:\/\/www.amotravel.com\/fr\/wp-content\/uploads\/2016\/07\/Logo-ATV-No-Slogan.png","width":536,"height":85,"caption":"Amo Travel"},"image":{"@id":"https:\/\/www.amotravel.com\/fr\/#\/schema\/logo\/image\/"}},{"@type":"Person","@id":"https:\/\/www.amotravel.com\/fr\/#\/schema\/person\/bf6d66ebd645d863eb9d8a97e4bebfac","name":"Trung Nguy\u1ec5n","image":{"@type":"ImageObject","inLanguage":"fr-FR","@id":"https:\/\/www.amotravel.com\/fr\/#\/schema\/person\/image\/","url":"https:\/\/secure.gravatar.com\/avatar\/6dbce1139567a66fd774e8d6119baf5c?s=96&d=mm&r=g","contentUrl":"https:\/\/secure.gravatar.com\/avatar\/6dbce1139567a66fd774e8d6119baf5c?s=96&d=mm&r=g","caption":"Trung Nguy\u1ec5n"},"url":"https:\/\/www.amotravel.com\/fr\/author\/trungnguyen\/"}]}},"_links":{"self":[{"href":"https:\/\/www.amotravel.com\/fr\/wp-json\/wp\/v2\/posts\/4879","targetHints":{"allow":["GET"]}}],"collection":[{"href":"https:\/\/www.amotravel.com\/fr\/wp-json\/wp\/v2\/posts"}],"about":[{"href":"https:\/\/www.amotravel.com\/fr\/wp-json\/wp\/v2\/types\/post"}],"author":[{"embeddable":true,"href":"https:\/\/www.amotravel.com\/fr\/wp-json\/wp\/v2\/users\/4"}],"replies":[{"embeddable":true,"href":"https:\/\/www.amotravel.com\/fr\/wp-json\/wp\/v2\/comments?post=4879"}],"version-history":[{"count":3,"href":"https:\/\/www.amotravel.com\/fr\/wp-json\/wp\/v2\/posts\/4879\/revisions"}],"predecessor-version":[{"id":4886,"href":"https:\/\/www.amotravel.com\/fr\/wp-json\/wp\/v2\/posts\/4879\/revisions\/4886"}],"wp:featuredmedia":[{"embeddable":true,"href":"https:\/\/www.amotravel.com\/fr\/wp-json\/wp\/v2\/media\/4880"}],"wp:attachment":[{"href":"https:\/\/www.amotravel.com\/fr\/wp-json\/wp\/v2\/media?parent=4879"}],"wp:term":[{"taxonomy":"category","embeddable":true,"href":"https:\/\/www.amotravel.com\/fr\/wp-json\/wp\/v2\/categories?post=4879"},{"taxonomy":"post_tag","embeddable":true,"href":"https:\/\/www.amotravel.com\/fr\/wp-json\/wp\/v2\/tags?post=4879"}],"curies":[{"name":"wp","href":"https:\/\/api.w.org\/{rel}","templated":true}]}}