{"id":4863,"date":"2019-07-27T03:21:01","date_gmt":"2019-07-27T03:21:01","guid":{"rendered":"https:\/\/www.amotravel.fr\/?p=4863"},"modified":"2019-08-30T17:00:07","modified_gmt":"2019-08-30T17:00:07","slug":"voyage-formation-de-chao-vietnam-a-sapa","status":"publish","type":"post","link":"https:\/\/www.amotravel.com\/fr\/voyage-formation-de-chao-vietnam-a-sapa\/","title":{"rendered":"Voyage-Formation de Chao Vietnam \u00e0 Sapa: un voyage inoubliable"},"content":{"rendered":"<p>Avec le soutien de l&rsquo;agence de voyage Amo Travel, Ciao Vietnam est cr\u00e9\u00e9 en 2014 et est bas\u00e9 \u00e0 Hanoi, la capitale du Vietnam. C&rsquo;est une organisation d&rsquo;\u00e9tudiants vietnamiens qui \u00e9tudient l&rsquo;italien. Ils aiment voyager, d\u00e9couvrir de beaux endroits du Vietnam et esp\u00e8rent pr\u00e9senter la culture, la tradition du Vietnam et apporter les bons moments, des exp\u00e9riences enrichissantes pour les \u00e9trangers ! <br \/>\nDu 21 au 24 juin, Ciao Vietnam, avec le soutien d&rsquo;Amo Travel, a effectu\u00e9 le troisi\u00e8me voyage-formation \u00e0 Sapa &#8211; une destination id\u00e9ale pour faire un trek, grimper les montagnes et d\u00e9couvrir la vie des groupes ethniques au Vietnam.<\/p>\n<p><img fetchpriority=\"high\" decoding=\"async\" class=\"size-large wp-image-4865 aligncenter\" src=\"https:\/\/www.amotravel.fr\/wp-content\/uploads\/2019\/07\/1-700x525.jpg\" alt=\"\" width=\"640\" height=\"480\" srcset=\"https:\/\/www.amotravel.com\/fr\/wp-content\/uploads\/2019\/07\/1.jpg 700w, https:\/\/www.amotravel.com\/fr\/wp-content\/uploads\/2019\/07\/1-300x225.jpg 300w\" sizes=\"(max-width: 640px) 100vw, 640px\" \/><img decoding=\"async\" class=\"size-large wp-image-4866 aligncenter\" src=\"https:\/\/www.amotravel.fr\/wp-content\/uploads\/2019\/07\/2-1-700x525.jpg\" alt=\"\" width=\"640\" height=\"480\" srcset=\"https:\/\/www.amotravel.com\/fr\/wp-content\/uploads\/2019\/07\/2-1.jpg 700w, https:\/\/www.amotravel.com\/fr\/wp-content\/uploads\/2019\/07\/2-1-300x225.jpg 300w\" sizes=\"(max-width: 640px) 100vw, 640px\" \/><\/p>\n<p>Notre premier arr\u00eat est Bac Ha &#8211; un district rural de la province de Lao Cai. Les march\u00e9s locaux, les paysages pittoresques et les excellents itin\u00e9raires de trekking dans les montagnes au nord du district attirent beaucoup de visiteurs.<\/p>\n<p><img decoding=\"async\" class=\"size-large wp-image-4867 aligncenter\" src=\"https:\/\/www.amotravel.fr\/wp-content\/uploads\/2019\/07\/3-700x525.jpg\" alt=\"\" width=\"640\" height=\"480\" srcset=\"https:\/\/www.amotravel.com\/fr\/wp-content\/uploads\/2019\/07\/3.jpg 700w, https:\/\/www.amotravel.com\/fr\/wp-content\/uploads\/2019\/07\/3-300x225.jpg 300w\" sizes=\"(max-width: 640px) 100vw, 640px\" \/><\/p>\n<figure id=\"attachment_4868\" aria-describedby=\"caption-attachment-4868\" style=\"width: 450px\" class=\"wp-caption aligncenter\"><img loading=\"lazy\" decoding=\"async\" class=\"size-large wp-image-4868\" src=\"https:\/\/www.amotravel.fr\/wp-content\/uploads\/2019\/07\/4-450x600.jpg\" alt=\"\" width=\"450\" height=\"600\" srcset=\"https:\/\/www.amotravel.com\/fr\/wp-content\/uploads\/2019\/07\/4.jpg 450w, https:\/\/www.amotravel.com\/fr\/wp-content\/uploads\/2019\/07\/4-225x300.jpg 225w\" sizes=\"(max-width: 450px) 100vw, 450px\" \/><figcaption id=\"caption-attachment-4868\" class=\"wp-caption-text\">Les membres de Ciaovietnam ont bien communiqu\u00e9 avec les habitants et les enfants<\/figcaption><\/figure>\n<p>Situ\u00e9 \u00e0 environ 120 km de la ville de Sapa, le march\u00e9 de Can Cau est un lieu d&rsquo;\u00e9change de biens entre les ethnies minoritaires comme l\u2019H\u2019mong, le Nung, le Tay, le Hoa, le Dao noir,&#8230; Ce march\u00e9 est \u00e9galement connu comme le plus grand march\u00e9 de buffles du Nord-Vietnam.<\/p>\n<p><img loading=\"lazy\" decoding=\"async\" class=\"size-full wp-image-4869 aligncenter\" src=\"https:\/\/www.amotravel.fr\/wp-content\/uploads\/2019\/07\/5.jpg\" alt=\"\" width=\"560\" height=\"372\" srcset=\"https:\/\/www.amotravel.com\/fr\/wp-content\/uploads\/2019\/07\/5.jpg 560w, https:\/\/www.amotravel.com\/fr\/wp-content\/uploads\/2019\/07\/5-300x199.jpg 300w, https:\/\/www.amotravel.com\/fr\/wp-content\/uploads\/2019\/07\/5-150x100.jpg 150w, https:\/\/www.amotravel.com\/fr\/wp-content\/uploads\/2019\/07\/5-200x133.jpg 200w, https:\/\/www.amotravel.com\/fr\/wp-content\/uploads\/2019\/07\/5-250x166.jpg 250w\" sizes=\"(max-width: 560px) 100vw, 560px\" \/><\/p>\n<p><figure id=\"attachment_4870\" aria-describedby=\"caption-attachment-4870\" style=\"width: 640px\" class=\"wp-caption aligncenter\"><img loading=\"lazy\" decoding=\"async\" class=\"size-large wp-image-4870\" src=\"https:\/\/www.amotravel.fr\/wp-content\/uploads\/2019\/07\/6-700x464.jpg\" alt=\"\" width=\"640\" height=\"424\" srcset=\"https:\/\/www.amotravel.com\/fr\/wp-content\/uploads\/2019\/07\/6.jpg 700w, https:\/\/www.amotravel.com\/fr\/wp-content\/uploads\/2019\/07\/6-300x199.jpg 300w, https:\/\/www.amotravel.com\/fr\/wp-content\/uploads\/2019\/07\/6-150x100.jpg 150w, https:\/\/www.amotravel.com\/fr\/wp-content\/uploads\/2019\/07\/6-200x133.jpg 200w, https:\/\/www.amotravel.com\/fr\/wp-content\/uploads\/2019\/07\/6-250x166.jpg 250w\" sizes=\"(max-width: 640px) 100vw, 640px\" \/><figcaption id=\"caption-attachment-4870\" class=\"wp-caption-text\">le march\u00e9 de Can Cau<\/figcaption><\/figure> <figure id=\"attachment_4871\" aria-describedby=\"caption-attachment-4871\" style=\"width: 480px\" class=\"wp-caption aligncenter\"><img loading=\"lazy\" decoding=\"async\" class=\"size-large wp-image-4871\" src=\"https:\/\/www.amotravel.fr\/wp-content\/uploads\/2019\/07\/7-480x600.jpg\" alt=\"\" width=\"480\" height=\"600\" srcset=\"https:\/\/www.amotravel.com\/fr\/wp-content\/uploads\/2019\/07\/7.jpg 480w, https:\/\/www.amotravel.com\/fr\/wp-content\/uploads\/2019\/07\/7-240x300.jpg 240w\" sizes=\"(max-width: 480px) 100vw, 480px\" \/><figcaption id=\"caption-attachment-4871\" class=\"wp-caption-text\">Une sp\u00e9cialit\u00e9 de Lao Cai<\/figcaption><\/figure><\/p>\n<p>\n\u00c0 Sapa, nous avons d\u00e9couvert certains des plus beaux itin\u00e9raires de trekking avec une longueur totale de 32 km: Ta Phin, Ma Tra, Y Linh Ho, Lao Chai, Ta Van Mong et Giang Ta Chai en plongeant dans les paysages naturels entour\u00e9e de rizi\u00e8res en terrasses verdoyantes et des montagnes magnifiques. Un des points forts du voyage est la beaut\u00e9 du col O Quy Ho, l\u2019un des 4 plus beaux et plus grands cols du Vietnam.<\/p>\n<p><img loading=\"lazy\" decoding=\"async\" class=\"size-large wp-image-4875 aligncenter\" src=\"https:\/\/www.amotravel.fr\/wp-content\/uploads\/2019\/07\/11-700x394.jpg\" alt=\"\" width=\"640\" height=\"360\" srcset=\"https:\/\/www.amotravel.com\/fr\/wp-content\/uploads\/2019\/07\/11.jpg 700w, https:\/\/www.amotravel.com\/fr\/wp-content\/uploads\/2019\/07\/11-300x169.jpg 300w\" sizes=\"(max-width: 640px) 100vw, 640px\" \/><br \/>\nM. Lam, directeur d\u2019Amo Travel et consultant de Ciao Vietnam, nous a fourni des informations utiles sur les destinations ainsi que les comp\u00e9tences n\u00e9cessaires pour un guide. Nous avons partag\u00e9 des moments m\u00e9morables ensemble!<\/p>\n<figure id=\"attachment_4876\" aria-describedby=\"caption-attachment-4876\" style=\"width: 640px\" class=\"wp-caption aligncenter\"><img loading=\"lazy\" decoding=\"async\" class=\"wp-image-4876 size-large\" src=\"https:\/\/www.amotravel.fr\/wp-content\/uploads\/2019\/07\/12-700x549.jpg\" alt=\"\" width=\"640\" height=\"502\" srcset=\"https:\/\/www.amotravel.com\/fr\/wp-content\/uploads\/2019\/07\/12.jpg 700w, https:\/\/www.amotravel.com\/fr\/wp-content\/uploads\/2019\/07\/12-300x235.jpg 300w\" sizes=\"(max-width: 640px) 100vw, 640px\" \/><figcaption id=\"caption-attachment-4876\" class=\"wp-caption-text\">M. L\u00e2m, directeur d&rsquo;Amo Travel et consultant de Ciaovietnam<\/figcaption><\/figure>\n<p>\nGr\u00e2ce \u00e0 nos comp\u00e9tences et \u00e0 notre enthousiasme, nous sommes surs de apporter aux \u00e9trangers les meilleures exp\u00e9riences au Vietnam, en particulier \u00e0 Hanoi. N\u2019h\u00e9sitez pas \u00e0 nous contacter pour planifier ensemble un itin\u00e9raire unique pour vous: <a href=\"https:\/\/www.ciaovietnam.org\/\">Ciaovietnam<\/a><\/p>\n","protected":false},"excerpt":{"rendered":"<p>Avec le soutien de l&rsquo;agence de voyage Amo Travel, Ciao Vietnam est cr\u00e9\u00e9 en 2014 et est bas\u00e9 \u00e0 Hanoi, la capitale du Vietnam. C&rsquo;est une organisation d&rsquo;\u00e9tudiants vietnamiens qui \u00e9tudient l&rsquo;italien. Ils aiment voyager, d\u00e9couvrir de beaux endroits du Vietnam et esp\u00e8rent pr\u00e9senter la culture, la tradition du Vietnam et apporter les bons moments, [&hellip;]<\/p>\n","protected":false},"author":4,"featured_media":4866,"comment_status":"open","ping_status":"open","sticky":false,"template":"","format":"standard","meta":{"footnotes":""},"categories":[5],"tags":[],"class_list":["post-4863","post","type-post","status-publish","format-standard","has-post-thumbnail","hentry","category-actualites"],"yoast_head":"<!-- This site is optimized with the Yoast SEO plugin v24.7 - https:\/\/yoast.com\/wordpress\/plugins\/seo\/ -->\n<title>Voyage-Formation de Chao Vietnam \u00e0 Sapa: un voyage inoubliable - Amo Travel<\/title>\n<meta name=\"description\" content=\"Du 21 au 24 juin,Ciao Vietnam, avec le soutien d&#039;Amo Travel, a effectu\u00e9 le troisi\u00e8me voyage-formation \u00e0 Sapa- une destination id\u00e9ale pour le trek au Vietnam\" \/>\n<meta name=\"robots\" content=\"index, follow, max-snippet:-1, max-image-preview:large, max-video-preview:-1\" \/>\n<link rel=\"canonical\" href=\"https:\/\/www.amotravel.com\/fr\/voyage-formation-de-chao-vietnam-a-sapa\/\" \/>\n<meta property=\"og:locale\" content=\"fr_FR\" \/>\n<meta property=\"og:type\" content=\"article\" \/>\n<meta property=\"og:title\" content=\"Voyage-Formation de Chao Vietnam \u00e0 Sapa: un voyage inoubliable - Amo Travel\" \/>\n<meta property=\"og:description\" content=\"Du 21 au 24 juin,Ciao Vietnam, avec le soutien d&#039;Amo Travel, a effectu\u00e9 le troisi\u00e8me voyage-formation \u00e0 Sapa- une destination id\u00e9ale pour le trek au Vietnam\" \/>\n<meta property=\"og:url\" content=\"https:\/\/www.amotravel.com\/fr\/voyage-formation-de-chao-vietnam-a-sapa\/\" \/>\n<meta property=\"og:site_name\" content=\"Amo Travel\" \/>\n<meta property=\"article:published_time\" content=\"2019-07-27T03:21:01+00:00\" \/>\n<meta property=\"article:modified_time\" content=\"2019-08-30T17:00:07+00:00\" \/>\n<meta property=\"og:image\" content=\"https:\/\/www.amotravel.com\/fr\/wp-content\/uploads\/2019\/07\/2-1.jpg\" \/>\n\t<meta property=\"og:image:width\" content=\"700\" \/>\n\t<meta property=\"og:image:height\" content=\"525\" \/>\n\t<meta property=\"og:image:type\" content=\"image\/jpeg\" \/>\n<meta name=\"author\" content=\"Trung Nguy\u1ec5n\" \/>\n<meta name=\"twitter:card\" content=\"summary_large_image\" \/>\n<meta name=\"twitter:label1\" content=\"\u00c9crit par\" \/>\n\t<meta name=\"twitter:data1\" content=\"Trung Nguy\u1ec5n\" \/>\n\t<meta name=\"twitter:label2\" content=\"Dur\u00e9e de lecture estim\u00e9e\" \/>\n\t<meta name=\"twitter:data2\" content=\"2 minutes\" \/>\n<script type=\"application\/ld+json\" class=\"yoast-schema-graph\">{\"@context\":\"https:\/\/schema.org\",\"@graph\":[{\"@type\":\"Article\",\"@id\":\"https:\/\/www.amotravel.com\/fr\/voyage-formation-de-chao-vietnam-a-sapa\/#article\",\"isPartOf\":{\"@id\":\"https:\/\/www.amotravel.com\/fr\/voyage-formation-de-chao-vietnam-a-sapa\/\"},\"author\":{\"name\":\"Trung Nguy\u1ec5n\",\"@id\":\"https:\/\/www.amotravel.com\/fr\/#\/schema\/person\/bf6d66ebd645d863eb9d8a97e4bebfac\"},\"headline\":\"Voyage-Formation de Chao Vietnam \u00e0 Sapa: un voyage inoubliable\",\"datePublished\":\"2019-07-27T03:21:01+00:00\",\"dateModified\":\"2019-08-30T17:00:07+00:00\",\"mainEntityOfPage\":{\"@id\":\"https:\/\/www.amotravel.com\/fr\/voyage-formation-de-chao-vietnam-a-sapa\/\"},\"wordCount\":427,\"commentCount\":0,\"publisher\":{\"@id\":\"https:\/\/www.amotravel.com\/fr\/#organization\"},\"image\":{\"@id\":\"https:\/\/www.amotravel.com\/fr\/voyage-formation-de-chao-vietnam-a-sapa\/#primaryimage\"},\"thumbnailUrl\":\"https:\/\/www.amotravel.com\/fr\/wp-content\/uploads\/2019\/07\/2-1.jpg\",\"articleSection\":[\"Actualit\u00e9s\"],\"inLanguage\":\"fr-FR\",\"potentialAction\":[{\"@type\":\"CommentAction\",\"name\":\"Comment\",\"target\":[\"https:\/\/www.amotravel.com\/fr\/voyage-formation-de-chao-vietnam-a-sapa\/#respond\"]}]},{\"@type\":\"WebPage\",\"@id\":\"https:\/\/www.amotravel.com\/fr\/voyage-formation-de-chao-vietnam-a-sapa\/\",\"url\":\"https:\/\/www.amotravel.com\/fr\/voyage-formation-de-chao-vietnam-a-sapa\/\",\"name\":\"Voyage-Formation de Chao Vietnam \u00e0 Sapa: un voyage inoubliable - Amo Travel\",\"isPartOf\":{\"@id\":\"https:\/\/www.amotravel.com\/fr\/#website\"},\"primaryImageOfPage\":{\"@id\":\"https:\/\/www.amotravel.com\/fr\/voyage-formation-de-chao-vietnam-a-sapa\/#primaryimage\"},\"image\":{\"@id\":\"https:\/\/www.amotravel.com\/fr\/voyage-formation-de-chao-vietnam-a-sapa\/#primaryimage\"},\"thumbnailUrl\":\"https:\/\/www.amotravel.com\/fr\/wp-content\/uploads\/2019\/07\/2-1.jpg\",\"datePublished\":\"2019-07-27T03:21:01+00:00\",\"dateModified\":\"2019-08-30T17:00:07+00:00\",\"description\":\"Du 21 au 24 juin,Ciao Vietnam, avec le soutien d'Amo Travel, a effectu\u00e9 le troisi\u00e8me voyage-formation \u00e0 Sapa- une destination id\u00e9ale pour le trek au Vietnam\",\"breadcrumb\":{\"@id\":\"https:\/\/www.amotravel.com\/fr\/voyage-formation-de-chao-vietnam-a-sapa\/#breadcrumb\"},\"inLanguage\":\"fr-FR\",\"potentialAction\":[{\"@type\":\"ReadAction\",\"target\":[\"https:\/\/www.amotravel.com\/fr\/voyage-formation-de-chao-vietnam-a-sapa\/\"]}]},{\"@type\":\"ImageObject\",\"inLanguage\":\"fr-FR\",\"@id\":\"https:\/\/www.amotravel.com\/fr\/voyage-formation-de-chao-vietnam-a-sapa\/#primaryimage\",\"url\":\"https:\/\/www.amotravel.com\/fr\/wp-content\/uploads\/2019\/07\/2-1.jpg\",\"contentUrl\":\"https:\/\/www.amotravel.com\/fr\/wp-content\/uploads\/2019\/07\/2-1.jpg\",\"width\":700,\"height\":525},{\"@type\":\"BreadcrumbList\",\"@id\":\"https:\/\/www.amotravel.com\/fr\/voyage-formation-de-chao-vietnam-a-sapa\/#breadcrumb\",\"itemListElement\":[{\"@type\":\"ListItem\",\"position\":1,\"name\":\"Accueil\",\"item\":\"https:\/\/www.amotravel.com\/fr\/\"},{\"@type\":\"ListItem\",\"position\":2,\"name\":\"Voyage-Formation de Chao Vietnam \u00e0 Sapa: un voyage inoubliable\"}]},{\"@type\":\"WebSite\",\"@id\":\"https:\/\/www.amotravel.com\/fr\/#website\",\"url\":\"https:\/\/www.amotravel.com\/fr\/\",\"name\":\"Amo Travel\",\"description\":\"\",\"publisher\":{\"@id\":\"https:\/\/www.amotravel.com\/fr\/#organization\"},\"potentialAction\":[{\"@type\":\"SearchAction\",\"target\":{\"@type\":\"EntryPoint\",\"urlTemplate\":\"https:\/\/www.amotravel.com\/fr\/?s={search_term_string}\"},\"query-input\":{\"@type\":\"PropertyValueSpecification\",\"valueRequired\":true,\"valueName\":\"search_term_string\"}}],\"inLanguage\":\"fr-FR\"},{\"@type\":\"Organization\",\"@id\":\"https:\/\/www.amotravel.com\/fr\/#organization\",\"name\":\"Amo Travel\",\"url\":\"https:\/\/www.amotravel.com\/fr\/\",\"logo\":{\"@type\":\"ImageObject\",\"inLanguage\":\"fr-FR\",\"@id\":\"https:\/\/www.amotravel.com\/fr\/#\/schema\/logo\/image\/\",\"url\":\"https:\/\/www.amotravel.com\/fr\/wp-content\/uploads\/2016\/07\/Logo-ATV-No-Slogan.png\",\"contentUrl\":\"https:\/\/www.amotravel.com\/fr\/wp-content\/uploads\/2016\/07\/Logo-ATV-No-Slogan.png\",\"width\":536,\"height\":85,\"caption\":\"Amo Travel\"},\"image\":{\"@id\":\"https:\/\/www.amotravel.com\/fr\/#\/schema\/logo\/image\/\"}},{\"@type\":\"Person\",\"@id\":\"https:\/\/www.amotravel.com\/fr\/#\/schema\/person\/bf6d66ebd645d863eb9d8a97e4bebfac\",\"name\":\"Trung Nguy\u1ec5n\",\"image\":{\"@type\":\"ImageObject\",\"inLanguage\":\"fr-FR\",\"@id\":\"https:\/\/www.amotravel.com\/fr\/#\/schema\/person\/image\/\",\"url\":\"https:\/\/secure.gravatar.com\/avatar\/6dbce1139567a66fd774e8d6119baf5c?s=96&d=mm&r=g\",\"contentUrl\":\"https:\/\/secure.gravatar.com\/avatar\/6dbce1139567a66fd774e8d6119baf5c?s=96&d=mm&r=g\",\"caption\":\"Trung Nguy\u1ec5n\"},\"url\":\"https:\/\/www.amotravel.com\/fr\/author\/trungnguyen\/\"}]}<\/script>\n<!-- \/ Yoast SEO plugin. -->","yoast_head_json":{"title":"Voyage-Formation de Chao Vietnam \u00e0 Sapa: un voyage inoubliable - Amo Travel","description":"Du 21 au 24 juin,Ciao Vietnam, avec le soutien d'Amo Travel, a effectu\u00e9 le troisi\u00e8me voyage-formation \u00e0 Sapa- une destination id\u00e9ale pour le trek au Vietnam","robots":{"index":"index","follow":"follow","max-snippet":"max-snippet:-1","max-image-preview":"max-image-preview:large","max-video-preview":"max-video-preview:-1"},"canonical":"https:\/\/www.amotravel.com\/fr\/voyage-formation-de-chao-vietnam-a-sapa\/","og_locale":"fr_FR","og_type":"article","og_title":"Voyage-Formation de Chao Vietnam \u00e0 Sapa: un voyage inoubliable - Amo Travel","og_description":"Du 21 au 24 juin,Ciao Vietnam, avec le soutien d'Amo Travel, a effectu\u00e9 le troisi\u00e8me voyage-formation \u00e0 Sapa- une destination id\u00e9ale pour le trek au Vietnam","og_url":"https:\/\/www.amotravel.com\/fr\/voyage-formation-de-chao-vietnam-a-sapa\/","og_site_name":"Amo Travel","article_published_time":"2019-07-27T03:21:01+00:00","article_modified_time":"2019-08-30T17:00:07+00:00","og_image":[{"width":700,"height":525,"url":"https:\/\/www.amotravel.com\/fr\/wp-content\/uploads\/2019\/07\/2-1.jpg","type":"image\/jpeg"}],"author":"Trung Nguy\u1ec5n","twitter_card":"summary_large_image","twitter_misc":{"\u00c9crit par":"Trung Nguy\u1ec5n","Dur\u00e9e de lecture estim\u00e9e":"2 minutes"},"schema":{"@context":"https:\/\/schema.org","@graph":[{"@type":"Article","@id":"https:\/\/www.amotravel.com\/fr\/voyage-formation-de-chao-vietnam-a-sapa\/#article","isPartOf":{"@id":"https:\/\/www.amotravel.com\/fr\/voyage-formation-de-chao-vietnam-a-sapa\/"},"author":{"name":"Trung Nguy\u1ec5n","@id":"https:\/\/www.amotravel.com\/fr\/#\/schema\/person\/bf6d66ebd645d863eb9d8a97e4bebfac"},"headline":"Voyage-Formation de Chao Vietnam \u00e0 Sapa: un voyage inoubliable","datePublished":"2019-07-27T03:21:01+00:00","dateModified":"2019-08-30T17:00:07+00:00","mainEntityOfPage":{"@id":"https:\/\/www.amotravel.com\/fr\/voyage-formation-de-chao-vietnam-a-sapa\/"},"wordCount":427,"commentCount":0,"publisher":{"@id":"https:\/\/www.amotravel.com\/fr\/#organization"},"image":{"@id":"https:\/\/www.amotravel.com\/fr\/voyage-formation-de-chao-vietnam-a-sapa\/#primaryimage"},"thumbnailUrl":"https:\/\/www.amotravel.com\/fr\/wp-content\/uploads\/2019\/07\/2-1.jpg","articleSection":["Actualit\u00e9s"],"inLanguage":"fr-FR","potentialAction":[{"@type":"CommentAction","name":"Comment","target":["https:\/\/www.amotravel.com\/fr\/voyage-formation-de-chao-vietnam-a-sapa\/#respond"]}]},{"@type":"WebPage","@id":"https:\/\/www.amotravel.com\/fr\/voyage-formation-de-chao-vietnam-a-sapa\/","url":"https:\/\/www.amotravel.com\/fr\/voyage-formation-de-chao-vietnam-a-sapa\/","name":"Voyage-Formation de Chao Vietnam \u00e0 Sapa: un voyage inoubliable - Amo Travel","isPartOf":{"@id":"https:\/\/www.amotravel.com\/fr\/#website"},"primaryImageOfPage":{"@id":"https:\/\/www.amotravel.com\/fr\/voyage-formation-de-chao-vietnam-a-sapa\/#primaryimage"},"image":{"@id":"https:\/\/www.amotravel.com\/fr\/voyage-formation-de-chao-vietnam-a-sapa\/#primaryimage"},"thumbnailUrl":"https:\/\/www.amotravel.com\/fr\/wp-content\/uploads\/2019\/07\/2-1.jpg","datePublished":"2019-07-27T03:21:01+00:00","dateModified":"2019-08-30T17:00:07+00:00","description":"Du 21 au 24 juin,Ciao Vietnam, avec le soutien d'Amo Travel, a effectu\u00e9 le troisi\u00e8me voyage-formation \u00e0 Sapa- une destination id\u00e9ale pour le trek au Vietnam","breadcrumb":{"@id":"https:\/\/www.amotravel.com\/fr\/voyage-formation-de-chao-vietnam-a-sapa\/#breadcrumb"},"inLanguage":"fr-FR","potentialAction":[{"@type":"ReadAction","target":["https:\/\/www.amotravel.com\/fr\/voyage-formation-de-chao-vietnam-a-sapa\/"]}]},{"@type":"ImageObject","inLanguage":"fr-FR","@id":"https:\/\/www.amotravel.com\/fr\/voyage-formation-de-chao-vietnam-a-sapa\/#primaryimage","url":"https:\/\/www.amotravel.com\/fr\/wp-content\/uploads\/2019\/07\/2-1.jpg","contentUrl":"https:\/\/www.amotravel.com\/fr\/wp-content\/uploads\/2019\/07\/2-1.jpg","width":700,"height":525},{"@type":"BreadcrumbList","@id":"https:\/\/www.amotravel.com\/fr\/voyage-formation-de-chao-vietnam-a-sapa\/#breadcrumb","itemListElement":[{"@type":"ListItem","position":1,"name":"Accueil","item":"https:\/\/www.amotravel.com\/fr\/"},{"@type":"ListItem","position":2,"name":"Voyage-Formation de Chao Vietnam \u00e0 Sapa: un voyage inoubliable"}]},{"@type":"WebSite","@id":"https:\/\/www.amotravel.com\/fr\/#website","url":"https:\/\/www.amotravel.com\/fr\/","name":"Amo Travel","description":"","publisher":{"@id":"https:\/\/www.amotravel.com\/fr\/#organization"},"potentialAction":[{"@type":"SearchAction","target":{"@type":"EntryPoint","urlTemplate":"https:\/\/www.amotravel.com\/fr\/?s={search_term_string}"},"query-input":{"@type":"PropertyValueSpecification","valueRequired":true,"valueName":"search_term_string"}}],"inLanguage":"fr-FR"},{"@type":"Organization","@id":"https:\/\/www.amotravel.com\/fr\/#organization","name":"Amo Travel","url":"https:\/\/www.amotravel.com\/fr\/","logo":{"@type":"ImageObject","inLanguage":"fr-FR","@id":"https:\/\/www.amotravel.com\/fr\/#\/schema\/logo\/image\/","url":"https:\/\/www.amotravel.com\/fr\/wp-content\/uploads\/2016\/07\/Logo-ATV-No-Slogan.png","contentUrl":"https:\/\/www.amotravel.com\/fr\/wp-content\/uploads\/2016\/07\/Logo-ATV-No-Slogan.png","width":536,"height":85,"caption":"Amo Travel"},"image":{"@id":"https:\/\/www.amotravel.com\/fr\/#\/schema\/logo\/image\/"}},{"@type":"Person","@id":"https:\/\/www.amotravel.com\/fr\/#\/schema\/person\/bf6d66ebd645d863eb9d8a97e4bebfac","name":"Trung Nguy\u1ec5n","image":{"@type":"ImageObject","inLanguage":"fr-FR","@id":"https:\/\/www.amotravel.com\/fr\/#\/schema\/person\/image\/","url":"https:\/\/secure.gravatar.com\/avatar\/6dbce1139567a66fd774e8d6119baf5c?s=96&d=mm&r=g","contentUrl":"https:\/\/secure.gravatar.com\/avatar\/6dbce1139567a66fd774e8d6119baf5c?s=96&d=mm&r=g","caption":"Trung Nguy\u1ec5n"},"url":"https:\/\/www.amotravel.com\/fr\/author\/trungnguyen\/"}]}},"_links":{"self":[{"href":"https:\/\/www.amotravel.com\/fr\/wp-json\/wp\/v2\/posts\/4863","targetHints":{"allow":["GET"]}}],"collection":[{"href":"https:\/\/www.amotravel.com\/fr\/wp-json\/wp\/v2\/posts"}],"about":[{"href":"https:\/\/www.amotravel.com\/fr\/wp-json\/wp\/v2\/types\/post"}],"author":[{"embeddable":true,"href":"https:\/\/www.amotravel.com\/fr\/wp-json\/wp\/v2\/users\/4"}],"replies":[{"embeddable":true,"href":"https:\/\/www.amotravel.com\/fr\/wp-json\/wp\/v2\/comments?post=4863"}],"version-history":[{"count":2,"href":"https:\/\/www.amotravel.com\/fr\/wp-json\/wp\/v2\/posts\/4863\/revisions"}],"predecessor-version":[{"id":4911,"href":"https:\/\/www.amotravel.com\/fr\/wp-json\/wp\/v2\/posts\/4863\/revisions\/4911"}],"wp:featuredmedia":[{"embeddable":true,"href":"https:\/\/www.amotravel.com\/fr\/wp-json\/wp\/v2\/media\/4866"}],"wp:attachment":[{"href":"https:\/\/www.amotravel.com\/fr\/wp-json\/wp\/v2\/media?parent=4863"}],"wp:term":[{"taxonomy":"category","embeddable":true,"href":"https:\/\/www.amotravel.com\/fr\/wp-json\/wp\/v2\/categories?post=4863"},{"taxonomy":"post_tag","embeddable":true,"href":"https:\/\/www.amotravel.com\/fr\/wp-json\/wp\/v2\/tags?post=4863"}],"curies":[{"name":"wp","href":"https:\/\/api.w.org\/{rel}","templated":true}]}}