{"id":4758,"date":"2019-05-29T08:52:19","date_gmt":"2019-05-29T08:52:19","guid":{"rendered":"https:\/\/www.amotravel.fr\/?p=4758"},"modified":"2019-08-30T16:50:18","modified_gmt":"2019-08-30T16:50:18","slug":"7-jours-aux-marches-ethniques-a-sapa-vietnam","status":"publish","type":"post","link":"https:\/\/www.amotravel.com\/fr\/7-jours-aux-marches-ethniques-a-sapa-vietnam\/","title":{"rendered":"7 Jours aux March\u00e9s Ethniques \u00e0 Sapa"},"content":{"rendered":"<p>March\u00e9s march\u00e9s ethniques aux alentours de Sapa vietnam<\/p>\n<p>La province de Lao Cai est connue non seulement pour ses paysages spectaculaires, des habitants sympathiques et mais aussi pour ses march\u00e9s ethniques hebdomadaires. Presque tous les jours de la semaine, il y a un beau march\u00e9 \u00e0 visiter. Les groupes ethniques locaux en costumes color\u00e9s se rassembleront dans le march\u00e9 ethnique hebdomadaire pour vendre des produits traditionnels, artisanaux; \u00e9changer des nouvelles. Ceux qui vivent dans les villages les plus isol\u00e9s de la r\u00e9gion ont la chance de rencontrer des amis, la famille, de gouter les sp\u00e9cialit\u00e9s.\u00a0 Amo Travel vous pr\u00e9sente certains march\u00e9s les plus attrayants et les plus populaires<\/p>\n<div class=\"ellip\">Voici la liste des march\u00e9s ethniques aux alentours de Sapa vietnam<\/div>\n<div>\u00a0<\/div>\n<h2 class=\"ellip\">1. Lundi &#8211; March\u00e9 de Ban Phiet<\/h2>\n<p><img fetchpriority=\"high\" decoding=\"async\" class=\"size-full wp-image-827 aligncenter\" src=\"https:\/\/www.amotravel.fr\/wp-content\/uploads\/2016\/03\/4.Highland_fairs.jpg\" alt=\"\" width=\"600\" height=\"388\" srcset=\"https:\/\/www.amotravel.com\/fr\/wp-content\/uploads\/2016\/03\/4.Highland_fairs.jpg 600w, https:\/\/www.amotravel.com\/fr\/wp-content\/uploads\/2016\/03\/4.Highland_fairs-300x194.jpg 300w\" sizes=\"(max-width: 600px) 100vw, 600px\" \/><br \/>\nSitu\u00e9 le long de la route nationale 4D, le march\u00e9 ethnique de Ban Phiet a lieu tous les lundis. Il n&rsquo;est qu&rsquo;un petit lieu de commerce des minorit\u00e9s ethniques dans la r\u00e9gion. La plupart des gens qui viennent sur ce march\u00e9 sont des Hmongs blancs. Les ethnies choisissent porter les costumes les plus beaux et les plus color\u00e9s sur le march\u00e9 ou les jours de f\u00eate.<\/p>\n<h2>2. Mardi &#8211;\u00a0 march\u00e9 de Coc Ly<\/h2>\n<figure id=\"attachment_4768\" aria-describedby=\"caption-attachment-4768\" style=\"width: 600px\" class=\"wp-caption aligncenter\"><img decoding=\"async\" class=\"size-full wp-image-4768\" src=\"https:\/\/www.amotravel.fr\/wp-content\/uploads\/2019\/05\/ponte-sospeso-fiume-Chay-coc-lyc-mercato.jpg\" alt=\"\" width=\"600\" height=\"337\" srcset=\"https:\/\/www.amotravel.com\/fr\/wp-content\/uploads\/2019\/05\/ponte-sospeso-fiume-Chay-coc-lyc-mercato.jpg 600w, https:\/\/www.amotravel.com\/fr\/wp-content\/uploads\/2019\/05\/ponte-sospeso-fiume-Chay-coc-lyc-mercato-300x169.jpg 300w\" sizes=\"(max-width: 600px) 100vw, 600px\" \/><figcaption id=\"caption-attachment-4768\" class=\"wp-caption-text\">Pont suspendu vers le march\u00e9 de Coc Ly<\/figcaption><\/figure>\n<p><img decoding=\"async\" class=\"size-full wp-image-828 aligncenter\" src=\"https:\/\/www.amotravel.fr\/wp-content\/uploads\/2016\/03\/2.Highland_fairs.jpg\" alt=\"\" width=\"600\" height=\"374\" srcset=\"https:\/\/www.amotravel.com\/fr\/wp-content\/uploads\/2016\/03\/2.Highland_fairs.jpg 600w, https:\/\/www.amotravel.com\/fr\/wp-content\/uploads\/2016\/03\/2.Highland_fairs-300x187.jpg 300w\" sizes=\"(max-width: 600px) 100vw, 600px\" \/><br \/>\nIl est un march\u00e9 ethnique dans le quartier de Bac Ha, qui se r\u00e9unit tous les mardis. Ce march\u00e9 ethnique est divis\u00e9 en diff\u00e9rentes parties: brocart, sp\u00e9cialit\u00e9s montagnardes, b\u00e9tail,&#8230; Les principaux acteurs de ce march\u00e9 sont les H&rsquo;mong bariol\u00e9s, Dao et Nung. Ce march\u00e9 est c\u00e9l\u00e8bre non seulement pour son \u00ab\u00a0commerce de marchandises\u00a0\u00bb, mais \u00e9galement pour sa proximit\u00e9 du pont suspendu sur la rivi\u00e8re Chay. Il est donc l\u2019une des sites touristiques dans cette r\u00e9gion.<\/p>\n<h2>\n3. Mercredi &#8211; march\u00e9 de Cao Son<\/h2>\n<figure id=\"attachment_4760\" aria-describedby=\"caption-attachment-4760\" style=\"width: 640px\" class=\"wp-caption aligncenter\"><img loading=\"lazy\" decoding=\"async\" class=\"size-full wp-image-4760\" src=\"https:\/\/www.amotravel.fr\/wp-content\/uploads\/2019\/05\/17caoson.png\" alt=\"\" width=\"640\" height=\"422\" srcset=\"https:\/\/www.amotravel.com\/fr\/wp-content\/uploads\/2019\/05\/17caoson.png 640w, https:\/\/www.amotravel.com\/fr\/wp-content\/uploads\/2019\/05\/17caoson-300x198.png 300w, https:\/\/www.amotravel.com\/fr\/wp-content\/uploads\/2019\/05\/17caoson-150x100.png 150w, https:\/\/www.amotravel.com\/fr\/wp-content\/uploads\/2019\/05\/17caoson-200x133.png 200w, https:\/\/www.amotravel.com\/fr\/wp-content\/uploads\/2019\/05\/17caoson-250x166.png 250w\" sizes=\"(max-width: 640px) 100vw, 640px\" \/><figcaption id=\"caption-attachment-4760\" class=\"wp-caption-text\">march\u00e9 de Cao Son<\/figcaption><\/figure>\n<p><img loading=\"lazy\" decoding=\"async\" class=\"size-large wp-image-4767 aligncenter\" src=\"https:\/\/www.amotravel.fr\/wp-content\/uploads\/2019\/05\/16caoson-700x466.jpg\" alt=\"\" width=\"640\" height=\"426\" srcset=\"https:\/\/www.amotravel.com\/fr\/wp-content\/uploads\/2019\/05\/16caoson-700x466.jpg 700w, https:\/\/www.amotravel.com\/fr\/wp-content\/uploads\/2019\/05\/16caoson-300x200.jpg 300w, https:\/\/www.amotravel.com\/fr\/wp-content\/uploads\/2019\/05\/16caoson-150x100.jpg 150w, https:\/\/www.amotravel.com\/fr\/wp-content\/uploads\/2019\/05\/16caoson-200x133.jpg 200w, https:\/\/www.amotravel.com\/fr\/wp-content\/uploads\/2019\/05\/16caoson-250x166.jpg 250w, https:\/\/www.amotravel.com\/fr\/wp-content\/uploads\/2019\/05\/16caoson.jpg 768w\" sizes=\"(max-width: 640px) 100vw, 640px\" \/><br \/>\nSitu\u00e9 dans le district de Muong Khuong, ce march\u00e9 est la foire des Hmong, des Phu La et des Dao qui vivent essentiellement dans les quatre plus grands villages de ce district. Le march\u00e9 de Cao Son est \u00e9galement divis\u00e9 en plusieurs zones: zone de vente de l\u00e9gumes, de b\u00e9tail, de sp\u00e9cialit\u00e9s r\u00e9gionales: Thang Co, vin \u00e0 base de ma\u00efs \u00e0 Coc Dam. Des jeunes femmes en costumes color\u00e9s cr\u00e9ent une image pittoresque.<\/p>\n<h2>\n4. Jeudi &#8211; march\u00e9 de Lung Khai Nhin<\/h2>\n<p><img loading=\"lazy\" decoding=\"async\" class=\"size-large wp-image-1778 aligncenter\" src=\"https:\/\/www.amotravel.fr\/wp-content\/uploads\/2016\/05\/IMG_0654-700x466.jpg\" alt=\"\" width=\"640\" height=\"426\" srcset=\"https:\/\/www.amotravel.com\/fr\/wp-content\/uploads\/2016\/05\/IMG_0654-700x466.jpg 700w, https:\/\/www.amotravel.com\/fr\/wp-content\/uploads\/2016\/05\/IMG_0654-300x200.jpg 300w, https:\/\/www.amotravel.com\/fr\/wp-content\/uploads\/2016\/05\/IMG_0654-378x252.jpg 378w, https:\/\/www.amotravel.com\/fr\/wp-content\/uploads\/2016\/05\/IMG_0654.jpg 800w\" sizes=\"(max-width: 640px) 100vw, 640px\" \/><br \/>\nLe march\u00e9 de Lung Khau Nhin a lieu tous les jeudis. Il est l\u2019une des foires les plus c\u00e9l\u00e8bres de la province de Lao Cai et aussi de la r\u00e9gion au nord-ouest. Comme d\u2019autres march\u00e9s de montagne, il est rempli de v\u00eatements aux couleurs vives, de couvertures, de choux, d\u2019agrumes jaunes\u2026 Les participants ici sont H&rsquo;Mong, Nung, Kinh &#8230;<\/p>\n<h2>\n5. Vendredi &#8211; march\u00e9 de Chau<\/h2>\n<p>Le march\u00e9 de Chau devient un centre commercial c\u00e9l\u00e8bre de la ville de Thuy Vi depuis longtemps. Le march\u00e9 n\u2019est pas seulement un lieu de commerce, mais aussi des lieux de rencontre pour les jeunes de minorit\u00e9s ethniques. En se rendant au march\u00e9 de Chau, vous pourrez explorer la tradition culturelle, les m\u0153urs et de coutumes Muong Khuong.<\/p>\n<h2>\n6. Samedi &#8211; march\u00e9 de Can Cau, le march\u00e9 de Y Ty<\/h2>\n<p><figure id=\"attachment_2371\" aria-describedby=\"caption-attachment-2371\" style=\"width: 640px\" class=\"wp-caption aligncenter\"><img loading=\"lazy\" decoding=\"async\" class=\"size-large wp-image-2371\" src=\"https:\/\/www.amotravel.fr\/wp-content\/uploads\/2016\/03\/Mercato-di-Can-Cau-6-768x505-700x460.jpg\" alt=\"\" width=\"640\" height=\"421\" srcset=\"https:\/\/www.amotravel.com\/fr\/wp-content\/uploads\/2016\/03\/Mercato-di-Can-Cau-6-768x505-700x460.jpg 700w, https:\/\/www.amotravel.com\/fr\/wp-content\/uploads\/2016\/03\/Mercato-di-Can-Cau-6-768x505-300x197.jpg 300w, https:\/\/www.amotravel.com\/fr\/wp-content\/uploads\/2016\/03\/Mercato-di-Can-Cau-6-768x505.jpg 768w\" sizes=\"(max-width: 640px) 100vw, 640px\" \/><figcaption id=\"caption-attachment-2371\" class=\"wp-caption-text\">le march\u00e9 de Can Cau<\/figcaption><\/figure> <figure id=\"attachment_4759\" aria-describedby=\"caption-attachment-4759\" style=\"width: 640px\" class=\"wp-caption aligncenter\"><img loading=\"lazy\" decoding=\"async\" class=\"size-large wp-image-4759\" src=\"https:\/\/www.amotravel.fr\/wp-content\/uploads\/2019\/05\/17cancau-700x468.jpg\" alt=\"\" width=\"640\" height=\"428\" srcset=\"https:\/\/www.amotravel.com\/fr\/wp-content\/uploads\/2019\/05\/17cancau-700x468.jpg 700w, https:\/\/www.amotravel.com\/fr\/wp-content\/uploads\/2019\/05\/17cancau-300x200.jpg 300w, https:\/\/www.amotravel.com\/fr\/wp-content\/uploads\/2019\/05\/17cancau-150x100.jpg 150w, https:\/\/www.amotravel.com\/fr\/wp-content\/uploads\/2019\/05\/17cancau-200x133.jpg 200w, https:\/\/www.amotravel.com\/fr\/wp-content\/uploads\/2019\/05\/17cancau-250x166.jpg 250w, https:\/\/www.amotravel.com\/fr\/wp-content\/uploads\/2019\/05\/17cancau.jpg 768w\" sizes=\"(max-width: 640px) 100vw, 640px\" \/><figcaption id=\"caption-attachment-4759\" class=\"wp-caption-text\">March\u00e9 de Can Cau<\/figcaption><\/figure> <figure id=\"attachment_4761\" aria-describedby=\"caption-attachment-4761\" style=\"width: 640px\" class=\"wp-caption aligncenter\"><img loading=\"lazy\" decoding=\"async\" class=\"size-large wp-image-4761\" src=\"https:\/\/www.amotravel.fr\/wp-content\/uploads\/2019\/05\/18-700x525.jpg\" alt=\"\" width=\"640\" height=\"480\" srcset=\"https:\/\/www.amotravel.com\/fr\/wp-content\/uploads\/2019\/05\/18-700x525.jpg 700w, https:\/\/www.amotravel.com\/fr\/wp-content\/uploads\/2019\/05\/18-300x225.jpg 300w, https:\/\/www.amotravel.com\/fr\/wp-content\/uploads\/2019\/05\/18.jpg 768w\" sizes=\"(max-width: 640px) 100vw, 640px\" \/><figcaption id=\"caption-attachment-4761\" class=\"wp-caption-text\">March\u00e9 de Can Cau<\/figcaption><\/figure><\/p>\n<p>Le march\u00e9 de Can Cau (dans le district de Si Ma Cai) est consid\u00e9r\u00e9 comme le plus grand march\u00e9 pour les buffles dans les r\u00e9gions montagneuses du nord.<\/p>\n<p>Le march\u00e9 de Pha Long (dans le district de Muong Khuong) est un centre commercial des minorit\u00e9s ethniques de la municipalit\u00e9 de Pha Long, \u00e0 Din Chin, \u00e0 Ta Ngai. Au cours de ses foires, les tribus Hmong, Lo Lo, Tay, Nung, Giay &#8230; se rassemblent et \u00e9changent des produits quotidiens. En particulier, le secteur le plus attrayant est la vente de brocart. Le march\u00e9 de Pha Long est \u00e9galement bien connu pour le festival Gau Thao lors l\u2019approche du printemps (f\u00eate du T\u00eat).<\/p>\n<h2>7. Dimanche &#8211; march\u00e9 de Bac Ha, march\u00e9 de Muong Hum<\/h2>\n<p><figure id=\"attachment_1328\" aria-describedby=\"caption-attachment-1328\" style=\"width: 640px\" class=\"wp-caption aligncenter\"><img loading=\"lazy\" decoding=\"async\" class=\"size-large wp-image-1328\" src=\"https:\/\/www.amotravel.fr\/wp-content\/uploads\/2016\/06\/bac-ha-sapa-700x465.jpg\" alt=\"\" width=\"640\" height=\"425\" srcset=\"https:\/\/www.amotravel.com\/fr\/wp-content\/uploads\/2016\/06\/bac-ha-sapa-700x465.jpg 700w, https:\/\/www.amotravel.com\/fr\/wp-content\/uploads\/2016\/06\/bac-ha-sapa-300x199.jpg 300w, https:\/\/www.amotravel.com\/fr\/wp-content\/uploads\/2016\/06\/bac-ha-sapa-378x252.jpg 378w, https:\/\/www.amotravel.com\/fr\/wp-content\/uploads\/2016\/06\/bac-ha-sapa.jpg 1280w\" sizes=\"(max-width: 640px) 100vw, 640px\" \/><figcaption id=\"caption-attachment-1328\" class=\"wp-caption-text\">March\u00e9 de Bac Ha<\/figcaption><\/figure> <figure id=\"attachment_4766\" aria-describedby=\"caption-attachment-4766\" style=\"width: 640px\" class=\"wp-caption aligncenter\"><img loading=\"lazy\" decoding=\"async\" class=\"size-full wp-image-4766\" src=\"https:\/\/www.amotravel.fr\/wp-content\/uploads\/2019\/05\/19-1.jpg\" alt=\"\" width=\"640\" height=\"480\" srcset=\"https:\/\/www.amotravel.com\/fr\/wp-content\/uploads\/2019\/05\/19-1.jpg 640w, https:\/\/www.amotravel.com\/fr\/wp-content\/uploads\/2019\/05\/19-1-300x225.jpg 300w\" sizes=\"(max-width: 640px) 100vw, 640px\" \/><figcaption id=\"caption-attachment-4766\" class=\"wp-caption-text\">Source: Journey VN<\/figcaption><\/figure><\/p>\n<p>Parmi les march\u00e9s du dimanche \u00e0 Lao Cai, le march\u00e9 de Bac Ha est immense. Il figure parmi les 10 march\u00e9s uniques hebdomadaires en Asie du Sud-Est. Ce march\u00e9 est un espace d\u00e9di\u00e9 \u00e0 la vente de chevaux avec des centaines de chevaux \u00e9chang\u00e9s chaque jour.<\/p>\n<p>Vous pourrez acheter des produits traditionnels\u00a0 des tribus ethniques. En outre, vous pourrez visiter le march\u00e9 de Lung Phin (Bac Ha), Muong Hum (Bat Xat) qui ont lieu tous les dimanches matin.<\/p>\n","protected":false},"excerpt":{"rendered":"<p>March\u00e9s march\u00e9s ethniques aux alentours de Sapa vietnam La province de Lao Cai est connue non seulement pour ses paysages spectaculaires, des habitants sympathiques et mais aussi pour ses march\u00e9s ethniques hebdomadaires. Presque tous les jours de la semaine, il y a un beau march\u00e9 \u00e0 visiter. Les groupes ethniques locaux en costumes color\u00e9s se [&hellip;]<\/p>\n","protected":false},"author":4,"featured_media":827,"comment_status":"open","ping_status":"open","sticky":false,"template":"","format":"standard","meta":{"footnotes":""},"categories":[330,277,329,334,283],"tags":[298,320,321,296,297,179],"class_list":["post-4758","post","type-post","status-publish","format-standard","has-post-thumbnail","hentry","category-bac-ha-vietnam","category-coups-de-coeur","category-nord-du-vietnam","category-sapa-vietnam","category-tradition-culture","tag-endroits-a-ne-pas-rater-au-vietnam","tag-marches-ethniques","tag-marches-hebdomadaires","tag-meilleures-destinations-au-vietnam","tag-sites-incontournables-au-vietnam","tag-voyage-photographique-nord-vietnam"],"yoast_head":"<!-- This site is optimized with the Yoast SEO plugin v24.7 - https:\/\/yoast.com\/wordpress\/plugins\/seo\/ -->\n<title>7 Jours aux March\u00e9s Ethniques \u00e0 Sapa - Amo Travel<\/title>\n<meta name=\"description\" content=\"La province de Lao Cai est connue non seulement pour ses paysages spectaculaires, mais aussi pour ses march\u00e9s ethniques hebdomadaires.\" \/>\n<meta name=\"robots\" content=\"index, follow, max-snippet:-1, max-image-preview:large, max-video-preview:-1\" \/>\n<link rel=\"canonical\" href=\"https:\/\/www.amotravel.com\/fr\/7-jours-aux-marches-ethniques-a-sapa-vietnam\/\" \/>\n<meta property=\"og:locale\" content=\"fr_FR\" \/>\n<meta property=\"og:type\" content=\"article\" \/>\n<meta property=\"og:title\" content=\"7 Jours aux March\u00e9s Ethniques \u00e0 Sapa - Amo Travel\" \/>\n<meta property=\"og:description\" content=\"La province de Lao Cai est connue non seulement pour ses paysages spectaculaires, mais aussi pour ses march\u00e9s ethniques hebdomadaires.\" \/>\n<meta property=\"og:url\" content=\"https:\/\/www.amotravel.com\/fr\/7-jours-aux-marches-ethniques-a-sapa-vietnam\/\" \/>\n<meta property=\"og:site_name\" content=\"Amo Travel\" \/>\n<meta property=\"article:published_time\" content=\"2019-05-29T08:52:19+00:00\" \/>\n<meta property=\"article:modified_time\" content=\"2019-08-30T16:50:18+00:00\" \/>\n<meta property=\"og:image\" content=\"https:\/\/www.amotravel.com\/fr\/wp-content\/uploads\/2016\/03\/4.Highland_fairs.jpg\" \/>\n\t<meta property=\"og:image:width\" content=\"600\" \/>\n\t<meta property=\"og:image:height\" content=\"388\" \/>\n\t<meta property=\"og:image:type\" content=\"image\/jpeg\" \/>\n<meta name=\"author\" content=\"Trung Nguy\u1ec5n\" \/>\n<meta name=\"twitter:card\" content=\"summary_large_image\" \/>\n<meta name=\"twitter:label1\" content=\"\u00c9crit par\" \/>\n\t<meta name=\"twitter:data1\" content=\"Trung Nguy\u1ec5n\" \/>\n\t<meta name=\"twitter:label2\" content=\"Dur\u00e9e de lecture estim\u00e9e\" \/>\n\t<meta name=\"twitter:data2\" content=\"4 minutes\" \/>\n<script type=\"application\/ld+json\" class=\"yoast-schema-graph\">{\"@context\":\"https:\/\/schema.org\",\"@graph\":[{\"@type\":\"Article\",\"@id\":\"https:\/\/www.amotravel.com\/fr\/7-jours-aux-marches-ethniques-a-sapa-vietnam\/#article\",\"isPartOf\":{\"@id\":\"https:\/\/www.amotravel.com\/fr\/7-jours-aux-marches-ethniques-a-sapa-vietnam\/\"},\"author\":{\"name\":\"Trung Nguy\u1ec5n\",\"@id\":\"https:\/\/www.amotravel.com\/fr\/#\/schema\/person\/bf6d66ebd645d863eb9d8a97e4bebfac\"},\"headline\":\"7 Jours aux March\u00e9s Ethniques \u00e0 Sapa\",\"datePublished\":\"2019-05-29T08:52:19+00:00\",\"dateModified\":\"2019-08-30T16:50:18+00:00\",\"mainEntityOfPage\":{\"@id\":\"https:\/\/www.amotravel.com\/fr\/7-jours-aux-marches-ethniques-a-sapa-vietnam\/\"},\"wordCount\":829,\"commentCount\":0,\"publisher\":{\"@id\":\"https:\/\/www.amotravel.com\/fr\/#organization\"},\"image\":{\"@id\":\"https:\/\/www.amotravel.com\/fr\/7-jours-aux-marches-ethniques-a-sapa-vietnam\/#primaryimage\"},\"thumbnailUrl\":\"https:\/\/www.amotravel.com\/fr\/wp-content\/uploads\/2016\/03\/4.Highland_fairs.jpg\",\"keywords\":[\"endroits a ne pas rater au vietnam\",\"marches ethniques\",\"marches hebdomadaires\",\"meilleures destinations au vietnam\",\"sites incontournables au vietnam\",\"voyage photographique nord vietnam\"],\"articleSection\":[\"Bac Ha\",\"Coups De Coeur\",\"Nord Vietnam\",\"Sapa\",\"Tradition et culture\"],\"inLanguage\":\"fr-FR\",\"potentialAction\":[{\"@type\":\"CommentAction\",\"name\":\"Comment\",\"target\":[\"https:\/\/www.amotravel.com\/fr\/7-jours-aux-marches-ethniques-a-sapa-vietnam\/#respond\"]}]},{\"@type\":\"WebPage\",\"@id\":\"https:\/\/www.amotravel.com\/fr\/7-jours-aux-marches-ethniques-a-sapa-vietnam\/\",\"url\":\"https:\/\/www.amotravel.com\/fr\/7-jours-aux-marches-ethniques-a-sapa-vietnam\/\",\"name\":\"7 Jours aux March\u00e9s Ethniques \u00e0 Sapa - Amo Travel\",\"isPartOf\":{\"@id\":\"https:\/\/www.amotravel.com\/fr\/#website\"},\"primaryImageOfPage\":{\"@id\":\"https:\/\/www.amotravel.com\/fr\/7-jours-aux-marches-ethniques-a-sapa-vietnam\/#primaryimage\"},\"image\":{\"@id\":\"https:\/\/www.amotravel.com\/fr\/7-jours-aux-marches-ethniques-a-sapa-vietnam\/#primaryimage\"},\"thumbnailUrl\":\"https:\/\/www.amotravel.com\/fr\/wp-content\/uploads\/2016\/03\/4.Highland_fairs.jpg\",\"datePublished\":\"2019-05-29T08:52:19+00:00\",\"dateModified\":\"2019-08-30T16:50:18+00:00\",\"description\":\"La province de Lao Cai est connue non seulement pour ses paysages spectaculaires, mais aussi pour ses march\u00e9s ethniques hebdomadaires.\",\"breadcrumb\":{\"@id\":\"https:\/\/www.amotravel.com\/fr\/7-jours-aux-marches-ethniques-a-sapa-vietnam\/#breadcrumb\"},\"inLanguage\":\"fr-FR\",\"potentialAction\":[{\"@type\":\"ReadAction\",\"target\":[\"https:\/\/www.amotravel.com\/fr\/7-jours-aux-marches-ethniques-a-sapa-vietnam\/\"]}]},{\"@type\":\"ImageObject\",\"inLanguage\":\"fr-FR\",\"@id\":\"https:\/\/www.amotravel.com\/fr\/7-jours-aux-marches-ethniques-a-sapa-vietnam\/#primaryimage\",\"url\":\"https:\/\/www.amotravel.com\/fr\/wp-content\/uploads\/2016\/03\/4.Highland_fairs.jpg\",\"contentUrl\":\"https:\/\/www.amotravel.com\/fr\/wp-content\/uploads\/2016\/03\/4.Highland_fairs.jpg\",\"width\":600,\"height\":388},{\"@type\":\"BreadcrumbList\",\"@id\":\"https:\/\/www.amotravel.com\/fr\/7-jours-aux-marches-ethniques-a-sapa-vietnam\/#breadcrumb\",\"itemListElement\":[{\"@type\":\"ListItem\",\"position\":1,\"name\":\"Accueil\",\"item\":\"https:\/\/www.amotravel.com\/fr\/\"},{\"@type\":\"ListItem\",\"position\":2,\"name\":\"7 Jours aux March\u00e9s Ethniques \u00e0 Sapa\"}]},{\"@type\":\"WebSite\",\"@id\":\"https:\/\/www.amotravel.com\/fr\/#website\",\"url\":\"https:\/\/www.amotravel.com\/fr\/\",\"name\":\"Amo Travel\",\"description\":\"\",\"publisher\":{\"@id\":\"https:\/\/www.amotravel.com\/fr\/#organization\"},\"potentialAction\":[{\"@type\":\"SearchAction\",\"target\":{\"@type\":\"EntryPoint\",\"urlTemplate\":\"https:\/\/www.amotravel.com\/fr\/?s={search_term_string}\"},\"query-input\":{\"@type\":\"PropertyValueSpecification\",\"valueRequired\":true,\"valueName\":\"search_term_string\"}}],\"inLanguage\":\"fr-FR\"},{\"@type\":\"Organization\",\"@id\":\"https:\/\/www.amotravel.com\/fr\/#organization\",\"name\":\"Amo Travel\",\"url\":\"https:\/\/www.amotravel.com\/fr\/\",\"logo\":{\"@type\":\"ImageObject\",\"inLanguage\":\"fr-FR\",\"@id\":\"https:\/\/www.amotravel.com\/fr\/#\/schema\/logo\/image\/\",\"url\":\"https:\/\/www.amotravel.com\/fr\/wp-content\/uploads\/2016\/07\/Logo-ATV-No-Slogan.png\",\"contentUrl\":\"https:\/\/www.amotravel.com\/fr\/wp-content\/uploads\/2016\/07\/Logo-ATV-No-Slogan.png\",\"width\":536,\"height\":85,\"caption\":\"Amo Travel\"},\"image\":{\"@id\":\"https:\/\/www.amotravel.com\/fr\/#\/schema\/logo\/image\/\"}},{\"@type\":\"Person\",\"@id\":\"https:\/\/www.amotravel.com\/fr\/#\/schema\/person\/bf6d66ebd645d863eb9d8a97e4bebfac\",\"name\":\"Trung Nguy\u1ec5n\",\"image\":{\"@type\":\"ImageObject\",\"inLanguage\":\"fr-FR\",\"@id\":\"https:\/\/www.amotravel.com\/fr\/#\/schema\/person\/image\/\",\"url\":\"https:\/\/secure.gravatar.com\/avatar\/6dbce1139567a66fd774e8d6119baf5c?s=96&d=mm&r=g\",\"contentUrl\":\"https:\/\/secure.gravatar.com\/avatar\/6dbce1139567a66fd774e8d6119baf5c?s=96&d=mm&r=g\",\"caption\":\"Trung Nguy\u1ec5n\"},\"url\":\"https:\/\/www.amotravel.com\/fr\/author\/trungnguyen\/\"}]}<\/script>\n<!-- \/ Yoast SEO plugin. -->","yoast_head_json":{"title":"7 Jours aux March\u00e9s Ethniques \u00e0 Sapa - Amo Travel","description":"La province de Lao Cai est connue non seulement pour ses paysages spectaculaires, mais aussi pour ses march\u00e9s ethniques hebdomadaires.","robots":{"index":"index","follow":"follow","max-snippet":"max-snippet:-1","max-image-preview":"max-image-preview:large","max-video-preview":"max-video-preview:-1"},"canonical":"https:\/\/www.amotravel.com\/fr\/7-jours-aux-marches-ethniques-a-sapa-vietnam\/","og_locale":"fr_FR","og_type":"article","og_title":"7 Jours aux March\u00e9s Ethniques \u00e0 Sapa - Amo Travel","og_description":"La province de Lao Cai est connue non seulement pour ses paysages spectaculaires, mais aussi pour ses march\u00e9s ethniques hebdomadaires.","og_url":"https:\/\/www.amotravel.com\/fr\/7-jours-aux-marches-ethniques-a-sapa-vietnam\/","og_site_name":"Amo Travel","article_published_time":"2019-05-29T08:52:19+00:00","article_modified_time":"2019-08-30T16:50:18+00:00","og_image":[{"width":600,"height":388,"url":"https:\/\/www.amotravel.com\/fr\/wp-content\/uploads\/2016\/03\/4.Highland_fairs.jpg","type":"image\/jpeg"}],"author":"Trung Nguy\u1ec5n","twitter_card":"summary_large_image","twitter_misc":{"\u00c9crit par":"Trung Nguy\u1ec5n","Dur\u00e9e de lecture estim\u00e9e":"4 minutes"},"schema":{"@context":"https:\/\/schema.org","@graph":[{"@type":"Article","@id":"https:\/\/www.amotravel.com\/fr\/7-jours-aux-marches-ethniques-a-sapa-vietnam\/#article","isPartOf":{"@id":"https:\/\/www.amotravel.com\/fr\/7-jours-aux-marches-ethniques-a-sapa-vietnam\/"},"author":{"name":"Trung Nguy\u1ec5n","@id":"https:\/\/www.amotravel.com\/fr\/#\/schema\/person\/bf6d66ebd645d863eb9d8a97e4bebfac"},"headline":"7 Jours aux March\u00e9s Ethniques \u00e0 Sapa","datePublished":"2019-05-29T08:52:19+00:00","dateModified":"2019-08-30T16:50:18+00:00","mainEntityOfPage":{"@id":"https:\/\/www.amotravel.com\/fr\/7-jours-aux-marches-ethniques-a-sapa-vietnam\/"},"wordCount":829,"commentCount":0,"publisher":{"@id":"https:\/\/www.amotravel.com\/fr\/#organization"},"image":{"@id":"https:\/\/www.amotravel.com\/fr\/7-jours-aux-marches-ethniques-a-sapa-vietnam\/#primaryimage"},"thumbnailUrl":"https:\/\/www.amotravel.com\/fr\/wp-content\/uploads\/2016\/03\/4.Highland_fairs.jpg","keywords":["endroits a ne pas rater au vietnam","marches ethniques","marches hebdomadaires","meilleures destinations au vietnam","sites incontournables au vietnam","voyage photographique nord vietnam"],"articleSection":["Bac Ha","Coups De Coeur","Nord Vietnam","Sapa","Tradition et culture"],"inLanguage":"fr-FR","potentialAction":[{"@type":"CommentAction","name":"Comment","target":["https:\/\/www.amotravel.com\/fr\/7-jours-aux-marches-ethniques-a-sapa-vietnam\/#respond"]}]},{"@type":"WebPage","@id":"https:\/\/www.amotravel.com\/fr\/7-jours-aux-marches-ethniques-a-sapa-vietnam\/","url":"https:\/\/www.amotravel.com\/fr\/7-jours-aux-marches-ethniques-a-sapa-vietnam\/","name":"7 Jours aux March\u00e9s Ethniques \u00e0 Sapa - Amo Travel","isPartOf":{"@id":"https:\/\/www.amotravel.com\/fr\/#website"},"primaryImageOfPage":{"@id":"https:\/\/www.amotravel.com\/fr\/7-jours-aux-marches-ethniques-a-sapa-vietnam\/#primaryimage"},"image":{"@id":"https:\/\/www.amotravel.com\/fr\/7-jours-aux-marches-ethniques-a-sapa-vietnam\/#primaryimage"},"thumbnailUrl":"https:\/\/www.amotravel.com\/fr\/wp-content\/uploads\/2016\/03\/4.Highland_fairs.jpg","datePublished":"2019-05-29T08:52:19+00:00","dateModified":"2019-08-30T16:50:18+00:00","description":"La province de Lao Cai est connue non seulement pour ses paysages spectaculaires, mais aussi pour ses march\u00e9s ethniques hebdomadaires.","breadcrumb":{"@id":"https:\/\/www.amotravel.com\/fr\/7-jours-aux-marches-ethniques-a-sapa-vietnam\/#breadcrumb"},"inLanguage":"fr-FR","potentialAction":[{"@type":"ReadAction","target":["https:\/\/www.amotravel.com\/fr\/7-jours-aux-marches-ethniques-a-sapa-vietnam\/"]}]},{"@type":"ImageObject","inLanguage":"fr-FR","@id":"https:\/\/www.amotravel.com\/fr\/7-jours-aux-marches-ethniques-a-sapa-vietnam\/#primaryimage","url":"https:\/\/www.amotravel.com\/fr\/wp-content\/uploads\/2016\/03\/4.Highland_fairs.jpg","contentUrl":"https:\/\/www.amotravel.com\/fr\/wp-content\/uploads\/2016\/03\/4.Highland_fairs.jpg","width":600,"height":388},{"@type":"BreadcrumbList","@id":"https:\/\/www.amotravel.com\/fr\/7-jours-aux-marches-ethniques-a-sapa-vietnam\/#breadcrumb","itemListElement":[{"@type":"ListItem","position":1,"name":"Accueil","item":"https:\/\/www.amotravel.com\/fr\/"},{"@type":"ListItem","position":2,"name":"7 Jours aux March\u00e9s Ethniques \u00e0 Sapa"}]},{"@type":"WebSite","@id":"https:\/\/www.amotravel.com\/fr\/#website","url":"https:\/\/www.amotravel.com\/fr\/","name":"Amo Travel","description":"","publisher":{"@id":"https:\/\/www.amotravel.com\/fr\/#organization"},"potentialAction":[{"@type":"SearchAction","target":{"@type":"EntryPoint","urlTemplate":"https:\/\/www.amotravel.com\/fr\/?s={search_term_string}"},"query-input":{"@type":"PropertyValueSpecification","valueRequired":true,"valueName":"search_term_string"}}],"inLanguage":"fr-FR"},{"@type":"Organization","@id":"https:\/\/www.amotravel.com\/fr\/#organization","name":"Amo Travel","url":"https:\/\/www.amotravel.com\/fr\/","logo":{"@type":"ImageObject","inLanguage":"fr-FR","@id":"https:\/\/www.amotravel.com\/fr\/#\/schema\/logo\/image\/","url":"https:\/\/www.amotravel.com\/fr\/wp-content\/uploads\/2016\/07\/Logo-ATV-No-Slogan.png","contentUrl":"https:\/\/www.amotravel.com\/fr\/wp-content\/uploads\/2016\/07\/Logo-ATV-No-Slogan.png","width":536,"height":85,"caption":"Amo Travel"},"image":{"@id":"https:\/\/www.amotravel.com\/fr\/#\/schema\/logo\/image\/"}},{"@type":"Person","@id":"https:\/\/www.amotravel.com\/fr\/#\/schema\/person\/bf6d66ebd645d863eb9d8a97e4bebfac","name":"Trung Nguy\u1ec5n","image":{"@type":"ImageObject","inLanguage":"fr-FR","@id":"https:\/\/www.amotravel.com\/fr\/#\/schema\/person\/image\/","url":"https:\/\/secure.gravatar.com\/avatar\/6dbce1139567a66fd774e8d6119baf5c?s=96&d=mm&r=g","contentUrl":"https:\/\/secure.gravatar.com\/avatar\/6dbce1139567a66fd774e8d6119baf5c?s=96&d=mm&r=g","caption":"Trung Nguy\u1ec5n"},"url":"https:\/\/www.amotravel.com\/fr\/author\/trungnguyen\/"}]}},"_links":{"self":[{"href":"https:\/\/www.amotravel.com\/fr\/wp-json\/wp\/v2\/posts\/4758","targetHints":{"allow":["GET"]}}],"collection":[{"href":"https:\/\/www.amotravel.com\/fr\/wp-json\/wp\/v2\/posts"}],"about":[{"href":"https:\/\/www.amotravel.com\/fr\/wp-json\/wp\/v2\/types\/post"}],"author":[{"embeddable":true,"href":"https:\/\/www.amotravel.com\/fr\/wp-json\/wp\/v2\/users\/4"}],"replies":[{"embeddable":true,"href":"https:\/\/www.amotravel.com\/fr\/wp-json\/wp\/v2\/comments?post=4758"}],"version-history":[{"count":5,"href":"https:\/\/www.amotravel.com\/fr\/wp-json\/wp\/v2\/posts\/4758\/revisions"}],"predecessor-version":[{"id":4908,"href":"https:\/\/www.amotravel.com\/fr\/wp-json\/wp\/v2\/posts\/4758\/revisions\/4908"}],"wp:featuredmedia":[{"embeddable":true,"href":"https:\/\/www.amotravel.com\/fr\/wp-json\/wp\/v2\/media\/827"}],"wp:attachment":[{"href":"https:\/\/www.amotravel.com\/fr\/wp-json\/wp\/v2\/media?parent=4758"}],"wp:term":[{"taxonomy":"category","embeddable":true,"href":"https:\/\/www.amotravel.com\/fr\/wp-json\/wp\/v2\/categories?post=4758"},{"taxonomy":"post_tag","embeddable":true,"href":"https:\/\/www.amotravel.com\/fr\/wp-json\/wp\/v2\/tags?post=4758"}],"curies":[{"name":"wp","href":"https:\/\/api.w.org\/{rel}","templated":true}]}}