{"id":4673,"date":"2019-05-15T07:51:37","date_gmt":"2019-05-15T07:51:37","guid":{"rendered":"https:\/\/www.amotravel.fr\/?p=4673"},"modified":"2019-05-18T08:56:32","modified_gmt":"2019-05-18T08:56:32","slug":"vietnam-dans-le-classement-mondial","status":"publish","type":"post","link":"https:\/\/www.amotravel.com\/fr\/vietnam-dans-le-classement-mondial\/","title":{"rendered":"Vietnam dans le classement mondial"},"content":{"rendered":"<p>Vous allez voyager au Vietnam mais vous ne le savez mieux pas? Cet article vous pr\u00e9sente: Le Vietnam dans le classement mondial !!<\/p>\n<h3>1 &#8211; Le Vietnam est consid\u00e9r\u00e9 comme le pays le plus s\u00fbr du monde pendant 5 ann\u00e9es cons\u00e9cutives.<\/h3>\n<h3>\n2 &#8211; Le Vietnam participera au groupe de pays dont le taux de croissance moyen du PIB est le plus \u00e9lev\u00e9 au monde en 2019.<\/h3>\n<p>\nLe PIB du Vietnam devrait augmenter de 6,7% en 2019 et faire partie du groupe des pays dont la croissance est la plus rapide au monde.<\/p>\n<h3>\n3- Le Vietnam est le 3\u00e8me des 10 premiers exportateurs de riz dans le monde<\/h3>\n<p><img fetchpriority=\"high\" decoding=\"async\" class=\"size-large wp-image-4722 aligncenter\" src=\"https:\/\/www.amotravel.fr\/wp-content\/uploads\/2019\/05\/5-2-700x394.jpg\" alt=\"vietnam exportateur de riz\" width=\"640\" height=\"360\" srcset=\"https:\/\/www.amotravel.com\/fr\/wp-content\/uploads\/2019\/05\/5-2-700x394.jpg 700w, https:\/\/www.amotravel.com\/fr\/wp-content\/uploads\/2019\/05\/5-2-300x169.jpg 300w, https:\/\/www.amotravel.com\/fr\/wp-content\/uploads\/2019\/05\/5-2.jpg 768w\" sizes=\"(max-width: 640px) 100vw, 640px\" \/><br \/>\nChaque ann\u00e9e, Le Vietnam repr\u00e9sente 15% du volume de riz export\u00e9 dans le monde. Le riz vietnamien est disponible dans pr\u00e8s de 150 pays et territoires du monde.<\/p>\n<h3>\n4 &#8211; Destination touristique la plus attrayante au monde, elle compte 2 des 10 plus beaux endroits de la plan\u00e8te: la baie d&rsquo;Ha Long et la grotte de Son Doong.<\/h3>\n<p><figure id=\"attachment_4723\" aria-describedby=\"caption-attachment-4723\" style=\"width: 640px\" class=\"wp-caption aligncenter\"><img decoding=\"async\" class=\"size-large wp-image-4723\" src=\"https:\/\/www.amotravel.fr\/wp-content\/uploads\/2019\/05\/6-2-700x399.jpg\" alt=\"\" width=\"640\" height=\"365\" srcset=\"https:\/\/www.amotravel.com\/fr\/wp-content\/uploads\/2019\/05\/6-2-700x399.jpg 700w, https:\/\/www.amotravel.com\/fr\/wp-content\/uploads\/2019\/05\/6-2-300x171.jpg 300w, https:\/\/www.amotravel.com\/fr\/wp-content\/uploads\/2019\/05\/6-2.jpg 768w\" sizes=\"(max-width: 640px) 100vw, 640px\" \/><figcaption id=\"caption-attachment-4723\" class=\"wp-caption-text\">la baie d&rsquo;Ha Long<\/figcaption><\/figure> <figure id=\"attachment_4724\" aria-describedby=\"caption-attachment-4724\" style=\"width: 640px\" class=\"wp-caption aligncenter\"><img decoding=\"async\" class=\"size-large wp-image-4724\" src=\"https:\/\/www.amotravel.fr\/wp-content\/uploads\/2019\/05\/7-2-700x467.jpg\" alt=\"\" width=\"640\" height=\"427\" srcset=\"https:\/\/www.amotravel.com\/fr\/wp-content\/uploads\/2019\/05\/7-2-700x467.jpg 700w, https:\/\/www.amotravel.com\/fr\/wp-content\/uploads\/2019\/05\/7-2-300x200.jpg 300w, https:\/\/www.amotravel.com\/fr\/wp-content\/uploads\/2019\/05\/7-2-150x100.jpg 150w, https:\/\/www.amotravel.com\/fr\/wp-content\/uploads\/2019\/05\/7-2-200x133.jpg 200w, https:\/\/www.amotravel.com\/fr\/wp-content\/uploads\/2019\/05\/7-2-250x166.jpg 250w, https:\/\/www.amotravel.com\/fr\/wp-content\/uploads\/2019\/05\/7-2.jpg 768w\" sizes=\"(max-width: 640px) 100vw, 640px\" \/><figcaption id=\"caption-attachment-4724\" class=\"wp-caption-text\">la grotte de Son Doong<\/figcaption><\/figure><\/p>\n<p>\nLa baie d&rsquo;Ha Long est consid\u00e9r\u00e9e comme la plus belle destination touristique du Vietnam et est l&rsquo;une des destinations naturelles les plus c\u00e9l\u00e8bres de l&rsquo;Asie du Sud-Est avec ses pr\u00e8s de 2000 \u00eeles calcaires. En visitant la baie d\u2019Ha long, les visiteurs pourraient visiter les grottes, contempler les paysages magnifiques, participer aux activit\u00e9s en plein air en profitant de l\u2019atmosph\u00e8re paisible.<br \/>\nLa grotte de Son Doong est la plus grande du monde, elle fait partie d&rsquo;un syst\u00e8me souterrain reli\u00e9 \u00e0 plus de 150 grottes en territoire vietnamien pr\u00e8s de la fronti\u00e8re avec le Laos. Sa beaut\u00e9 vous int\u00e9resse, vous choque.<\/p>\n<h3>\n5 &#8211; 2e place sur la liste des principaux exportateurs de caf\u00e9 dans le monde.<\/h3>\n<p><img loading=\"lazy\" decoding=\"async\" class=\"size-large wp-image-4725 aligncenter\" src=\"https:\/\/www.amotravel.fr\/wp-content\/uploads\/2019\/05\/8-1-700x552.jpg\" alt=\"exportateur de cafe\" width=\"640\" height=\"505\" srcset=\"https:\/\/www.amotravel.com\/fr\/wp-content\/uploads\/2019\/05\/8-1-700x552.jpg 700w, https:\/\/www.amotravel.com\/fr\/wp-content\/uploads\/2019\/05\/8-1-300x237.jpg 300w, https:\/\/www.amotravel.com\/fr\/wp-content\/uploads\/2019\/05\/8-1.jpg 768w\" sizes=\"(max-width: 640px) 100vw, 640px\" \/><br \/>\nLe Vietnam est actuellement le deuxi\u00e8me plus grand exportateur de caf\u00e9 au monde. Le Br\u00e9sil occupe la premi\u00e8re place. Le caf\u00e9 instantan\u00e9 en provenance du Vietnam est pr\u00e9sent dans 70 pays et territoires du monde entier. Sur le territoire vietnamien, il y a 20 usines de traitement du caf\u00e9. De nombreux produits sont appr\u00e9ci\u00e9s sur le march\u00e9 mondial et sont vendus dans les syst\u00e8mes Walmart au Chili, au Br\u00e9sil, au Mexique et en Chine.<\/p>\n<h3>\n6- Le Vietnam se situe au 45e rang sur le classement mondial de l&rsquo;innovation en 2018<\/h3>\n","protected":false},"excerpt":{"rendered":"<p>Vous allez voyager au Vietnam mais vous ne le savez mieux pas? Cet article vous pr\u00e9sente: Le Vietnam dans le classement mondial !! 1 &#8211; Le Vietnam est consid\u00e9r\u00e9 comme le pays le plus s\u00fbr du monde pendant 5 ann\u00e9es cons\u00e9cutives. 2 &#8211; Le Vietnam participera au groupe de pays dont le taux de croissance [&hellip;]<\/p>\n","protected":false},"author":4,"featured_media":4725,"comment_status":"open","ping_status":"open","sticky":false,"template":"","format":"standard","meta":{"footnotes":""},"categories":[5],"tags":[219],"class_list":["post-4673","post","type-post","status-publish","format-standard","has-post-thumbnail","hentry","category-actualites","tag-information-pratiques"],"yoast_head":"<!-- This site is optimized with the Yoast SEO plugin v24.7 - https:\/\/yoast.com\/wordpress\/plugins\/seo\/ -->\n<title>Vietnam dans le classement mondial - Amo Travel<\/title>\n<meta name=\"description\" content=\"Vous allez voyager au Vietnam mais vous ne le savez mieux pas? Cet article vous pr\u00e9sente: Le Vietnam dans le classement mondial !!\" \/>\n<meta name=\"robots\" content=\"index, follow, max-snippet:-1, max-image-preview:large, max-video-preview:-1\" \/>\n<link rel=\"canonical\" href=\"https:\/\/www.amotravel.com\/fr\/vietnam-dans-le-classement-mondial\/\" \/>\n<meta property=\"og:locale\" content=\"fr_FR\" \/>\n<meta property=\"og:type\" content=\"article\" \/>\n<meta property=\"og:title\" content=\"Vietnam dans le classement mondial - Amo Travel\" \/>\n<meta property=\"og:description\" content=\"Vous allez voyager au Vietnam mais vous ne le savez mieux pas? Cet article vous pr\u00e9sente: Le Vietnam dans le classement mondial !!\" \/>\n<meta property=\"og:url\" content=\"https:\/\/www.amotravel.com\/fr\/vietnam-dans-le-classement-mondial\/\" \/>\n<meta property=\"og:site_name\" content=\"Amo Travel\" \/>\n<meta property=\"article:published_time\" content=\"2019-05-15T07:51:37+00:00\" \/>\n<meta property=\"article:modified_time\" content=\"2019-05-18T08:56:32+00:00\" \/>\n<meta property=\"og:image\" content=\"https:\/\/www.amotravel.com\/fr\/wp-content\/uploads\/2019\/05\/8-1.jpg\" \/>\n\t<meta property=\"og:image:width\" content=\"768\" \/>\n\t<meta property=\"og:image:height\" content=\"606\" \/>\n\t<meta property=\"og:image:type\" content=\"image\/jpeg\" \/>\n<meta name=\"author\" content=\"Trung Nguy\u1ec5n\" \/>\n<meta name=\"twitter:card\" content=\"summary_large_image\" \/>\n<meta name=\"twitter:label1\" content=\"\u00c9crit par\" \/>\n\t<meta name=\"twitter:data1\" content=\"Trung Nguy\u1ec5n\" \/>\n\t<meta name=\"twitter:label2\" content=\"Dur\u00e9e de lecture estim\u00e9e\" \/>\n\t<meta name=\"twitter:data2\" content=\"2 minutes\" \/>\n<script type=\"application\/ld+json\" class=\"yoast-schema-graph\">{\"@context\":\"https:\/\/schema.org\",\"@graph\":[{\"@type\":\"Article\",\"@id\":\"https:\/\/www.amotravel.com\/fr\/vietnam-dans-le-classement-mondial\/#article\",\"isPartOf\":{\"@id\":\"https:\/\/www.amotravel.com\/fr\/vietnam-dans-le-classement-mondial\/\"},\"author\":{\"name\":\"Trung Nguy\u1ec5n\",\"@id\":\"https:\/\/www.amotravel.com\/fr\/#\/schema\/person\/bf6d66ebd645d863eb9d8a97e4bebfac\"},\"headline\":\"Vietnam dans le classement mondial\",\"datePublished\":\"2019-05-15T07:51:37+00:00\",\"dateModified\":\"2019-05-18T08:56:32+00:00\",\"mainEntityOfPage\":{\"@id\":\"https:\/\/www.amotravel.com\/fr\/vietnam-dans-le-classement-mondial\/\"},\"wordCount\":415,\"commentCount\":0,\"publisher\":{\"@id\":\"https:\/\/www.amotravel.com\/fr\/#organization\"},\"image\":{\"@id\":\"https:\/\/www.amotravel.com\/fr\/vietnam-dans-le-classement-mondial\/#primaryimage\"},\"thumbnailUrl\":\"https:\/\/www.amotravel.com\/fr\/wp-content\/uploads\/2019\/05\/8-1.jpg\",\"keywords\":[\"information pratiques\"],\"articleSection\":[\"Actualit\u00e9s\"],\"inLanguage\":\"fr-FR\",\"potentialAction\":[{\"@type\":\"CommentAction\",\"name\":\"Comment\",\"target\":[\"https:\/\/www.amotravel.com\/fr\/vietnam-dans-le-classement-mondial\/#respond\"]}]},{\"@type\":\"WebPage\",\"@id\":\"https:\/\/www.amotravel.com\/fr\/vietnam-dans-le-classement-mondial\/\",\"url\":\"https:\/\/www.amotravel.com\/fr\/vietnam-dans-le-classement-mondial\/\",\"name\":\"Vietnam dans le classement mondial - Amo Travel\",\"isPartOf\":{\"@id\":\"https:\/\/www.amotravel.com\/fr\/#website\"},\"primaryImageOfPage\":{\"@id\":\"https:\/\/www.amotravel.com\/fr\/vietnam-dans-le-classement-mondial\/#primaryimage\"},\"image\":{\"@id\":\"https:\/\/www.amotravel.com\/fr\/vietnam-dans-le-classement-mondial\/#primaryimage\"},\"thumbnailUrl\":\"https:\/\/www.amotravel.com\/fr\/wp-content\/uploads\/2019\/05\/8-1.jpg\",\"datePublished\":\"2019-05-15T07:51:37+00:00\",\"dateModified\":\"2019-05-18T08:56:32+00:00\",\"description\":\"Vous allez voyager au Vietnam mais vous ne le savez mieux pas? Cet article vous pr\u00e9sente: Le Vietnam dans le classement mondial !!\",\"breadcrumb\":{\"@id\":\"https:\/\/www.amotravel.com\/fr\/vietnam-dans-le-classement-mondial\/#breadcrumb\"},\"inLanguage\":\"fr-FR\",\"potentialAction\":[{\"@type\":\"ReadAction\",\"target\":[\"https:\/\/www.amotravel.com\/fr\/vietnam-dans-le-classement-mondial\/\"]}]},{\"@type\":\"ImageObject\",\"inLanguage\":\"fr-FR\",\"@id\":\"https:\/\/www.amotravel.com\/fr\/vietnam-dans-le-classement-mondial\/#primaryimage\",\"url\":\"https:\/\/www.amotravel.com\/fr\/wp-content\/uploads\/2019\/05\/8-1.jpg\",\"contentUrl\":\"https:\/\/www.amotravel.com\/fr\/wp-content\/uploads\/2019\/05\/8-1.jpg\",\"width\":768,\"height\":606,\"caption\":\"exportateur de cafe\"},{\"@type\":\"BreadcrumbList\",\"@id\":\"https:\/\/www.amotravel.com\/fr\/vietnam-dans-le-classement-mondial\/#breadcrumb\",\"itemListElement\":[{\"@type\":\"ListItem\",\"position\":1,\"name\":\"Accueil\",\"item\":\"https:\/\/www.amotravel.com\/fr\/\"},{\"@type\":\"ListItem\",\"position\":2,\"name\":\"Vietnam dans le classement mondial\"}]},{\"@type\":\"WebSite\",\"@id\":\"https:\/\/www.amotravel.com\/fr\/#website\",\"url\":\"https:\/\/www.amotravel.com\/fr\/\",\"name\":\"Amo Travel\",\"description\":\"\",\"publisher\":{\"@id\":\"https:\/\/www.amotravel.com\/fr\/#organization\"},\"potentialAction\":[{\"@type\":\"SearchAction\",\"target\":{\"@type\":\"EntryPoint\",\"urlTemplate\":\"https:\/\/www.amotravel.com\/fr\/?s={search_term_string}\"},\"query-input\":{\"@type\":\"PropertyValueSpecification\",\"valueRequired\":true,\"valueName\":\"search_term_string\"}}],\"inLanguage\":\"fr-FR\"},{\"@type\":\"Organization\",\"@id\":\"https:\/\/www.amotravel.com\/fr\/#organization\",\"name\":\"Amo Travel\",\"url\":\"https:\/\/www.amotravel.com\/fr\/\",\"logo\":{\"@type\":\"ImageObject\",\"inLanguage\":\"fr-FR\",\"@id\":\"https:\/\/www.amotravel.com\/fr\/#\/schema\/logo\/image\/\",\"url\":\"https:\/\/www.amotravel.com\/fr\/wp-content\/uploads\/2016\/07\/Logo-ATV-No-Slogan.png\",\"contentUrl\":\"https:\/\/www.amotravel.com\/fr\/wp-content\/uploads\/2016\/07\/Logo-ATV-No-Slogan.png\",\"width\":536,\"height\":85,\"caption\":\"Amo Travel\"},\"image\":{\"@id\":\"https:\/\/www.amotravel.com\/fr\/#\/schema\/logo\/image\/\"}},{\"@type\":\"Person\",\"@id\":\"https:\/\/www.amotravel.com\/fr\/#\/schema\/person\/bf6d66ebd645d863eb9d8a97e4bebfac\",\"name\":\"Trung Nguy\u1ec5n\",\"image\":{\"@type\":\"ImageObject\",\"inLanguage\":\"fr-FR\",\"@id\":\"https:\/\/www.amotravel.com\/fr\/#\/schema\/person\/image\/\",\"url\":\"https:\/\/secure.gravatar.com\/avatar\/6dbce1139567a66fd774e8d6119baf5c?s=96&d=mm&r=g\",\"contentUrl\":\"https:\/\/secure.gravatar.com\/avatar\/6dbce1139567a66fd774e8d6119baf5c?s=96&d=mm&r=g\",\"caption\":\"Trung Nguy\u1ec5n\"},\"url\":\"https:\/\/www.amotravel.com\/fr\/author\/trungnguyen\/\"}]}<\/script>\n<!-- \/ Yoast SEO plugin. -->","yoast_head_json":{"title":"Vietnam dans le classement mondial - Amo Travel","description":"Vous allez voyager au Vietnam mais vous ne le savez mieux pas? Cet article vous pr\u00e9sente: Le Vietnam dans le classement mondial !!","robots":{"index":"index","follow":"follow","max-snippet":"max-snippet:-1","max-image-preview":"max-image-preview:large","max-video-preview":"max-video-preview:-1"},"canonical":"https:\/\/www.amotravel.com\/fr\/vietnam-dans-le-classement-mondial\/","og_locale":"fr_FR","og_type":"article","og_title":"Vietnam dans le classement mondial - Amo Travel","og_description":"Vous allez voyager au Vietnam mais vous ne le savez mieux pas? Cet article vous pr\u00e9sente: Le Vietnam dans le classement mondial !!","og_url":"https:\/\/www.amotravel.com\/fr\/vietnam-dans-le-classement-mondial\/","og_site_name":"Amo Travel","article_published_time":"2019-05-15T07:51:37+00:00","article_modified_time":"2019-05-18T08:56:32+00:00","og_image":[{"width":768,"height":606,"url":"https:\/\/www.amotravel.com\/fr\/wp-content\/uploads\/2019\/05\/8-1.jpg","type":"image\/jpeg"}],"author":"Trung Nguy\u1ec5n","twitter_card":"summary_large_image","twitter_misc":{"\u00c9crit par":"Trung Nguy\u1ec5n","Dur\u00e9e de lecture estim\u00e9e":"2 minutes"},"schema":{"@context":"https:\/\/schema.org","@graph":[{"@type":"Article","@id":"https:\/\/www.amotravel.com\/fr\/vietnam-dans-le-classement-mondial\/#article","isPartOf":{"@id":"https:\/\/www.amotravel.com\/fr\/vietnam-dans-le-classement-mondial\/"},"author":{"name":"Trung Nguy\u1ec5n","@id":"https:\/\/www.amotravel.com\/fr\/#\/schema\/person\/bf6d66ebd645d863eb9d8a97e4bebfac"},"headline":"Vietnam dans le classement mondial","datePublished":"2019-05-15T07:51:37+00:00","dateModified":"2019-05-18T08:56:32+00:00","mainEntityOfPage":{"@id":"https:\/\/www.amotravel.com\/fr\/vietnam-dans-le-classement-mondial\/"},"wordCount":415,"commentCount":0,"publisher":{"@id":"https:\/\/www.amotravel.com\/fr\/#organization"},"image":{"@id":"https:\/\/www.amotravel.com\/fr\/vietnam-dans-le-classement-mondial\/#primaryimage"},"thumbnailUrl":"https:\/\/www.amotravel.com\/fr\/wp-content\/uploads\/2019\/05\/8-1.jpg","keywords":["information pratiques"],"articleSection":["Actualit\u00e9s"],"inLanguage":"fr-FR","potentialAction":[{"@type":"CommentAction","name":"Comment","target":["https:\/\/www.amotravel.com\/fr\/vietnam-dans-le-classement-mondial\/#respond"]}]},{"@type":"WebPage","@id":"https:\/\/www.amotravel.com\/fr\/vietnam-dans-le-classement-mondial\/","url":"https:\/\/www.amotravel.com\/fr\/vietnam-dans-le-classement-mondial\/","name":"Vietnam dans le classement mondial - Amo Travel","isPartOf":{"@id":"https:\/\/www.amotravel.com\/fr\/#website"},"primaryImageOfPage":{"@id":"https:\/\/www.amotravel.com\/fr\/vietnam-dans-le-classement-mondial\/#primaryimage"},"image":{"@id":"https:\/\/www.amotravel.com\/fr\/vietnam-dans-le-classement-mondial\/#primaryimage"},"thumbnailUrl":"https:\/\/www.amotravel.com\/fr\/wp-content\/uploads\/2019\/05\/8-1.jpg","datePublished":"2019-05-15T07:51:37+00:00","dateModified":"2019-05-18T08:56:32+00:00","description":"Vous allez voyager au Vietnam mais vous ne le savez mieux pas? Cet article vous pr\u00e9sente: Le Vietnam dans le classement mondial !!","breadcrumb":{"@id":"https:\/\/www.amotravel.com\/fr\/vietnam-dans-le-classement-mondial\/#breadcrumb"},"inLanguage":"fr-FR","potentialAction":[{"@type":"ReadAction","target":["https:\/\/www.amotravel.com\/fr\/vietnam-dans-le-classement-mondial\/"]}]},{"@type":"ImageObject","inLanguage":"fr-FR","@id":"https:\/\/www.amotravel.com\/fr\/vietnam-dans-le-classement-mondial\/#primaryimage","url":"https:\/\/www.amotravel.com\/fr\/wp-content\/uploads\/2019\/05\/8-1.jpg","contentUrl":"https:\/\/www.amotravel.com\/fr\/wp-content\/uploads\/2019\/05\/8-1.jpg","width":768,"height":606,"caption":"exportateur de cafe"},{"@type":"BreadcrumbList","@id":"https:\/\/www.amotravel.com\/fr\/vietnam-dans-le-classement-mondial\/#breadcrumb","itemListElement":[{"@type":"ListItem","position":1,"name":"Accueil","item":"https:\/\/www.amotravel.com\/fr\/"},{"@type":"ListItem","position":2,"name":"Vietnam dans le classement mondial"}]},{"@type":"WebSite","@id":"https:\/\/www.amotravel.com\/fr\/#website","url":"https:\/\/www.amotravel.com\/fr\/","name":"Amo Travel","description":"","publisher":{"@id":"https:\/\/www.amotravel.com\/fr\/#organization"},"potentialAction":[{"@type":"SearchAction","target":{"@type":"EntryPoint","urlTemplate":"https:\/\/www.amotravel.com\/fr\/?s={search_term_string}"},"query-input":{"@type":"PropertyValueSpecification","valueRequired":true,"valueName":"search_term_string"}}],"inLanguage":"fr-FR"},{"@type":"Organization","@id":"https:\/\/www.amotravel.com\/fr\/#organization","name":"Amo Travel","url":"https:\/\/www.amotravel.com\/fr\/","logo":{"@type":"ImageObject","inLanguage":"fr-FR","@id":"https:\/\/www.amotravel.com\/fr\/#\/schema\/logo\/image\/","url":"https:\/\/www.amotravel.com\/fr\/wp-content\/uploads\/2016\/07\/Logo-ATV-No-Slogan.png","contentUrl":"https:\/\/www.amotravel.com\/fr\/wp-content\/uploads\/2016\/07\/Logo-ATV-No-Slogan.png","width":536,"height":85,"caption":"Amo Travel"},"image":{"@id":"https:\/\/www.amotravel.com\/fr\/#\/schema\/logo\/image\/"}},{"@type":"Person","@id":"https:\/\/www.amotravel.com\/fr\/#\/schema\/person\/bf6d66ebd645d863eb9d8a97e4bebfac","name":"Trung Nguy\u1ec5n","image":{"@type":"ImageObject","inLanguage":"fr-FR","@id":"https:\/\/www.amotravel.com\/fr\/#\/schema\/person\/image\/","url":"https:\/\/secure.gravatar.com\/avatar\/6dbce1139567a66fd774e8d6119baf5c?s=96&d=mm&r=g","contentUrl":"https:\/\/secure.gravatar.com\/avatar\/6dbce1139567a66fd774e8d6119baf5c?s=96&d=mm&r=g","caption":"Trung Nguy\u1ec5n"},"url":"https:\/\/www.amotravel.com\/fr\/author\/trungnguyen\/"}]}},"_links":{"self":[{"href":"https:\/\/www.amotravel.com\/fr\/wp-json\/wp\/v2\/posts\/4673","targetHints":{"allow":["GET"]}}],"collection":[{"href":"https:\/\/www.amotravel.com\/fr\/wp-json\/wp\/v2\/posts"}],"about":[{"href":"https:\/\/www.amotravel.com\/fr\/wp-json\/wp\/v2\/types\/post"}],"author":[{"embeddable":true,"href":"https:\/\/www.amotravel.com\/fr\/wp-json\/wp\/v2\/users\/4"}],"replies":[{"embeddable":true,"href":"https:\/\/www.amotravel.com\/fr\/wp-json\/wp\/v2\/comments?post=4673"}],"version-history":[{"count":3,"href":"https:\/\/www.amotravel.com\/fr\/wp-json\/wp\/v2\/posts\/4673\/revisions"}],"predecessor-version":[{"id":4727,"href":"https:\/\/www.amotravel.com\/fr\/wp-json\/wp\/v2\/posts\/4673\/revisions\/4727"}],"wp:featuredmedia":[{"embeddable":true,"href":"https:\/\/www.amotravel.com\/fr\/wp-json\/wp\/v2\/media\/4725"}],"wp:attachment":[{"href":"https:\/\/www.amotravel.com\/fr\/wp-json\/wp\/v2\/media?parent=4673"}],"wp:term":[{"taxonomy":"category","embeddable":true,"href":"https:\/\/www.amotravel.com\/fr\/wp-json\/wp\/v2\/categories?post=4673"},{"taxonomy":"post_tag","embeddable":true,"href":"https:\/\/www.amotravel.com\/fr\/wp-json\/wp\/v2\/tags?post=4673"}],"curies":[{"name":"wp","href":"https:\/\/api.w.org\/{rel}","templated":true}]}}