{"id":4669,"date":"2019-05-10T08:05:23","date_gmt":"2019-05-10T08:05:23","guid":{"rendered":"https:\/\/www.amotravel.fr\/?p=4669"},"modified":"2019-05-31T09:30:08","modified_gmt":"2019-05-31T09:30:08","slug":"fetes-traditionnelles-au-vietnam","status":"publish","type":"post","link":"https:\/\/www.amotravel.com\/fr\/fetes-traditionnelles-au-vietnam\/","title":{"rendered":"F\u00eates traditionnelles au Vietnam"},"content":{"rendered":"<p>Dans cet article, Amo Travel vous pr\u00e9sente 5 f\u00eates traditionnelles les plus importantes et les plus populaires au Vietnam.<\/p>\n<h2>Nouvel An lunaire (Tet Nguyen Dan)<\/h2>\n<p><img fetchpriority=\"high\" decoding=\"async\" class=\"wp-image-1653 aligncenter\" src=\"https:\/\/www.amotravel.fr\/wp-content\/uploads\/2016\/06\/5-cose-da-sapere-durante-Tet-in-Vietnam-12-600x300.jpg\" alt=\"\" width=\"640\" height=\"320\" srcset=\"https:\/\/www.amotravel.com\/fr\/wp-content\/uploads\/2016\/06\/5-cose-da-sapere-durante-Tet-in-Vietnam-12-600x300.jpg 600w, https:\/\/www.amotravel.com\/fr\/wp-content\/uploads\/2016\/06\/5-cose-da-sapere-durante-Tet-in-Vietnam-12-600x300-300x150.jpg 300w\" sizes=\"(max-width: 640px) 100vw, 640px\" \/><\/p>\n<figure id=\"attachment_4521\" aria-describedby=\"caption-attachment-4521\" style=\"width: 640px\" class=\"wp-caption aligncenter\"><img decoding=\"async\" class=\"wp-image-4521 size-large\" src=\"https:\/\/www.amotravel.fr\/wp-content\/uploads\/2018\/10\/tet-traditionnel-700x525.jpg\" alt=\"la fete du nouvel an au vietnam\" width=\"640\" height=\"480\" srcset=\"https:\/\/www.amotravel.com\/fr\/wp-content\/uploads\/2018\/10\/tet-traditionnel-700x525.jpg 700w, https:\/\/www.amotravel.com\/fr\/wp-content\/uploads\/2018\/10\/tet-traditionnel-300x225.jpg 300w, https:\/\/www.amotravel.com\/fr\/wp-content\/uploads\/2018\/10\/tet-traditionnel.jpg 960w\" sizes=\"(max-width: 640px) 100vw, 640px\" \/><figcaption id=\"caption-attachment-4521\" class=\"wp-caption-text\">Banh Chung<\/figcaption><\/figure>\n<p><img decoding=\"async\" class=\"size-large wp-image-4522 aligncenter\" src=\"https:\/\/www.amotravel.fr\/wp-content\/uploads\/2018\/10\/tet-700x467.jpg\" alt=\"d\u00e9cor pendant le nouvel an au Vietnam\" width=\"640\" height=\"427\" srcset=\"https:\/\/www.amotravel.com\/fr\/wp-content\/uploads\/2018\/10\/tet-700x467.jpg 700w, https:\/\/www.amotravel.com\/fr\/wp-content\/uploads\/2018\/10\/tet-300x200.jpg 300w, https:\/\/www.amotravel.com\/fr\/wp-content\/uploads\/2018\/10\/tet-150x100.jpg 150w, https:\/\/www.amotravel.com\/fr\/wp-content\/uploads\/2018\/10\/tet-200x133.jpg 200w, https:\/\/www.amotravel.com\/fr\/wp-content\/uploads\/2018\/10\/tet-250x166.jpg 250w, https:\/\/www.amotravel.com\/fr\/wp-content\/uploads\/2018\/10\/tet.jpg 800w\" sizes=\"(max-width: 640px) 100vw, 640px\" \/><br \/>\nLe Nouvel An est la f\u00eate traditionnelle la plus importante pour les Vietnamiens. Il tombe entre mi-janvier et mi-f\u00e9vrier (au 1er janvier selon le calendrier lunaire). Cette journ\u00e9e marque le d\u00e9but de la nouvelle ann\u00e9e. Les Vietnamiens pensent que ce qui se passe pendant les premiers jours d\u00e9cide toute la nouvelle ann\u00e9e. Cela signifie que les premiers jours avec beaucoup de chance et de bonheur apporteront \u00e0 chacun une ann\u00e9e heureuse, chanceuse et r\u00e9ussie.<br \/>\nLe Tet est une occasion pour les r\u00e9unions de famille. \u00c0 cette occasion, les membres de famille se r\u00e9unissent, d\u00e9corent leurs maison et esp\u00e8rent la chance pour la nouvelle ann\u00e9e. La f\u00eate de T\u00eat peut \u00eatre divis\u00e9 en trois p\u00e9riodes, appel\u00e9s t\u1ea5t ni\u00ean (avant le nouvel an), giao th\u1eeba (le r\u00e9veillon du jour de l\u2019An) et t\u00e2n ni\u00ean (3 premiers jours de l\u2019ann\u00e9e).<\/p>\n<h2>\nFestival de la Mi-automne<\/h2>\n<p><figure id=\"attachment_4800\" aria-describedby=\"caption-attachment-4800\" style=\"width: 640px\" class=\"wp-caption aligncenter\"><img loading=\"lazy\" decoding=\"async\" class=\"size-large wp-image-4800\" src=\"https:\/\/www.amotravel.fr\/wp-content\/uploads\/2019\/05\/7-3-700x413.jpg\" alt=\"\" width=\"640\" height=\"378\" srcset=\"https:\/\/www.amotravel.com\/fr\/wp-content\/uploads\/2019\/05\/7-3-700x413.jpg 700w, https:\/\/www.amotravel.com\/fr\/wp-content\/uploads\/2019\/05\/7-3-300x177.jpg 300w, https:\/\/www.amotravel.com\/fr\/wp-content\/uploads\/2019\/05\/7-3.jpg 800w\" sizes=\"(max-width: 640px) 100vw, 640px\" \/><figcaption id=\"caption-attachment-4800\" class=\"wp-caption-text\">Source : Internet<\/figcaption><\/figure> <figure id=\"attachment_4801\" aria-describedby=\"caption-attachment-4801\" style=\"width: 620px\" class=\"wp-caption aligncenter\"><img loading=\"lazy\" decoding=\"async\" class=\"size-full wp-image-4801\" src=\"https:\/\/www.amotravel.fr\/wp-content\/uploads\/2019\/05\/8-2.jpg\" alt=\"\" width=\"620\" height=\"414\" srcset=\"https:\/\/www.amotravel.com\/fr\/wp-content\/uploads\/2019\/05\/8-2.jpg 620w, https:\/\/www.amotravel.com\/fr\/wp-content\/uploads\/2019\/05\/8-2-300x200.jpg 300w, https:\/\/www.amotravel.com\/fr\/wp-content\/uploads\/2019\/05\/8-2-150x100.jpg 150w, https:\/\/www.amotravel.com\/fr\/wp-content\/uploads\/2019\/05\/8-2-200x133.jpg 200w, https:\/\/www.amotravel.com\/fr\/wp-content\/uploads\/2019\/05\/8-2-250x166.jpg 250w\" sizes=\"(max-width: 620px) 100vw, 620px\" \/><figcaption id=\"caption-attachment-4801\" class=\"wp-caption-text\">Source : Internet<\/figcaption><\/figure><\/p>\n<p>\nLe festival de la Mi-automne connu sous le nom de \u00abTet Trung Thu\u00bb au Vietnam est l&rsquo;une des plus grandes f\u00eates traditionnelles au Vietnam et a lieu traditionnellement le 15\u00e8me jour du 8\u00e8me mois lunaire. <br \/>\nCe festival a eu lieu sous la pleine lune, ce qui repr\u00e9sente la prosp\u00e9rit\u00e9 de la vie. Au Vietnam, il est sp\u00e9cialement pour les enfants.<br \/>\n\u00c0 cette occasion, les g\u00e2teaux de lune sont g\u00e9n\u00e9ralement offerts aux autres, en particulier \u00e0 leurs parents et \u00e0 leurs grands-parents. Les enfants assistent aux spectacles artistiques : les danses du lion, performances au tambour,.., puis d\u00e9filent en procession avec des lanternes color\u00e9es. La procession traversera toutes les rues de la r\u00e9gion. La c\u00e9l\u00e9bration de la Mi-automne est \u00e9galement une occasion pour les membres de la famille se r\u00e9unissent.<br \/>\nEn outre, diverses activit\u00e9s artistiques int\u00e9ressantes sont organis\u00e9es dans tout le Vietnam comme des sacrifices pour les dragons, des courses de bateaux-dragons, des danses du lion et des foires aux lanternes.<br \/>\nCalendrier lunaire : 15 ao\u00fbt<\/p>\n<h2>\nTet Doan Ngo<\/h2>\n<figure id=\"attachment_4804\" aria-describedby=\"caption-attachment-4804\" style=\"width: 640px\" class=\"wp-caption aligncenter\"><img loading=\"lazy\" decoding=\"async\" class=\"size-large wp-image-4804\" src=\"https:\/\/www.amotravel.fr\/wp-content\/uploads\/2019\/05\/11doanngo-700x437.jpg\" alt=\"\" width=\"640\" height=\"400\" srcset=\"https:\/\/www.amotravel.com\/fr\/wp-content\/uploads\/2019\/05\/11doanngo-700x437.jpg 700w, https:\/\/www.amotravel.com\/fr\/wp-content\/uploads\/2019\/05\/11doanngo-300x187.jpg 300w, https:\/\/www.amotravel.com\/fr\/wp-content\/uploads\/2019\/05\/11doanngo.jpg 780w\" sizes=\"(max-width: 640px) 100vw, 640px\" \/><figcaption id=\"caption-attachment-4804\" class=\"wp-caption-text\">la gastronomie &#8211; Tet Doan Ngo<br \/>\nSource : Internet<\/figcaption><\/figure>\n<p>\nTet Doan Ngo vient du chinois. Tet Doan Ngo signifie que le temps est au d\u00e9but du cinqui\u00e8me mois. Le jour du Tet Doan Ngo, les gens offrent aux anc\u00eatres des offrandes telles que th\u00e9, vin, fruits, en particulier le g\u00e2teau \u00abtro\u00bb, une sorte de g\u00e2teau \u00e0 base de riz gluant.<br \/>\nCalendrier lunaire : 5 mai<\/p>\n<h2>\nTet Nguyen Tieu<\/h2>\n<figure id=\"attachment_4803\" aria-describedby=\"caption-attachment-4803\" style=\"width: 640px\" class=\"wp-caption aligncenter\"><img loading=\"lazy\" decoding=\"async\" class=\"wp-image-4803\" src=\"https:\/\/www.amotravel.fr\/wp-content\/uploads\/2019\/05\/10-5.jpg\" alt=\"\" width=\"640\" height=\"424\" srcset=\"https:\/\/www.amotravel.com\/fr\/wp-content\/uploads\/2019\/05\/10-5.jpg 500w, https:\/\/www.amotravel.com\/fr\/wp-content\/uploads\/2019\/05\/10-5-300x199.jpg 300w, https:\/\/www.amotravel.com\/fr\/wp-content\/uploads\/2019\/05\/10-5-150x100.jpg 150w, https:\/\/www.amotravel.com\/fr\/wp-content\/uploads\/2019\/05\/10-5-200x133.jpg 200w, https:\/\/www.amotravel.com\/fr\/wp-content\/uploads\/2019\/05\/10-5-250x166.jpg 250w\" sizes=\"(max-width: 640px) 100vw, 640px\" \/><figcaption id=\"caption-attachment-4803\" class=\"wp-caption-text\">Les aliments &#8211; Tet Nguyen Tieu<br \/>\nSource : Internet<\/figcaption><\/figure>\n<p>\nTet Nguyen Tieu vient du chinois. Tet Nguyen Tieu signifie que le temps est la premi\u00e8re nuit de lune brillante de l&rsquo;ann\u00e9e. Les quatorzi\u00e8me et quinzi\u00e8me nuits, le ciel n&rsquo;est pas nuageux, la lune brille. Tet Nguyen Tieu est aussi appel\u00e9 Le Thuong Nguon (\u79ae). \u00c0 Tet Nguyen Tieu, les gens vont g\u00e9n\u00e9ralement \u00e0 la pagode pour prier et d\u00e9guster des plats sp\u00e9ciaux, notamment le Che Troi nuoc (sorte de riz sucr\u00e9).<br \/>\nCalendrier lunaire : 15 janvier<\/p>\n<h2>\nC\u00e9r\u00e9monie de Vu Lan<\/h2>\n<p>\nSelon la croyance des vietnamiens, les \u00e2mes des morts sont autoris\u00e9es \u00e0 revenir dans le monde vivant pendant cette f\u00eate. Dans cette p\u00e9riode, les enfants viennent \u00e0 la pagode pour prier pour leurs parents. Chez soi, on pr\u00e9pare un repas afin d\u2019accueillir les anc\u00eatres afin de se r\u00e9unir avec leurs descendants.<br \/>\nEn ce jour, on pr\u00e9pare aussi des offrandes aux \u00e2mes qui n\u2019avaient pas de proches ou d\u2019abris. La c\u00e9r\u00e9monie est une occasion pour montrer sa gratitude aux parents, anc\u00eatres. <br \/>\nCalendrier lunaire 15 juillet<\/p>\n<h2>\nLes autres f\u00eates traditionnelles importantes au Vietnam<\/h2>\n<p>\n3 f\u00e9vrier: Journ\u00e9e de la fondation du Parti communiste du Vietnam <br \/>\n30 avril: Jour de la lib\u00e9ration du Sud-Vietnam et de Saigon<br \/>\n19 mai: Anniversaire de Ho Chi Minh <br \/>\n2 septembre: f\u00eate nationale<\/p>\n","protected":false},"excerpt":{"rendered":"<p>Dans cet article, Amo Travel vous pr\u00e9sente 5 f\u00eates traditionnelles les plus importantes et les plus populaires au Vietnam. Nouvel An lunaire (Tet Nguyen Dan) Le Nouvel An est la f\u00eate traditionnelle la plus importante pour les Vietnamiens. Il tombe entre mi-janvier et mi-f\u00e9vrier (au 1er janvier selon le calendrier lunaire). Cette journ\u00e9e marque le [&hellip;]<\/p>\n","protected":false},"author":4,"featured_media":1653,"comment_status":"open","ping_status":"open","sticky":false,"template":"","format":"standard","meta":{"footnotes":""},"categories":[283],"tags":[318,219,301,302],"class_list":["post-4669","post","type-post","status-publish","format-standard","has-post-thumbnail","hentry","category-tradition-culture","tag-fetes-traditionnelles","tag-information-pratiques","tag-nouvel-an-vietnamien","tag-tet-traditionnel"],"yoast_head":"<!-- This site is optimized with the Yoast SEO plugin v24.7 - https:\/\/yoast.com\/wordpress\/plugins\/seo\/ -->\n<title>F\u00eates traditionnelles au Vietnam - Amo Travel<\/title>\n<meta name=\"description\" content=\"Dans cet article, Amo Travel vous pr\u00e9sente les f\u00eates traditionnelles les plus importantes et les plus populaires au Vietnam.\" \/>\n<meta name=\"robots\" content=\"index, follow, max-snippet:-1, max-image-preview:large, max-video-preview:-1\" \/>\n<link rel=\"canonical\" href=\"https:\/\/www.amotravel.com\/fr\/fetes-traditionnelles-au-vietnam\/\" \/>\n<meta property=\"og:locale\" content=\"fr_FR\" \/>\n<meta property=\"og:type\" content=\"article\" \/>\n<meta property=\"og:title\" content=\"F\u00eates traditionnelles au Vietnam - Amo Travel\" \/>\n<meta property=\"og:description\" content=\"Dans cet article, Amo Travel vous pr\u00e9sente les f\u00eates traditionnelles les plus importantes et les plus populaires au Vietnam.\" \/>\n<meta property=\"og:url\" content=\"https:\/\/www.amotravel.com\/fr\/fetes-traditionnelles-au-vietnam\/\" \/>\n<meta property=\"og:site_name\" content=\"Amo Travel\" \/>\n<meta property=\"article:published_time\" content=\"2019-05-10T08:05:23+00:00\" \/>\n<meta property=\"article:modified_time\" content=\"2019-05-31T09:30:08+00:00\" \/>\n<meta property=\"og:image\" content=\"https:\/\/www.amotravel.com\/fr\/wp-content\/uploads\/2016\/06\/5-cose-da-sapere-durante-Tet-in-Vietnam-12-600x300.jpg\" \/>\n\t<meta property=\"og:image:width\" content=\"600\" \/>\n\t<meta property=\"og:image:height\" content=\"300\" \/>\n\t<meta property=\"og:image:type\" content=\"image\/jpeg\" \/>\n<meta name=\"author\" content=\"Trung Nguy\u1ec5n\" \/>\n<meta name=\"twitter:card\" content=\"summary_large_image\" \/>\n<meta name=\"twitter:label1\" content=\"\u00c9crit par\" \/>\n\t<meta name=\"twitter:data1\" content=\"Trung Nguy\u1ec5n\" \/>\n\t<meta name=\"twitter:label2\" content=\"Dur\u00e9e de lecture estim\u00e9e\" \/>\n\t<meta name=\"twitter:data2\" content=\"4 minutes\" \/>\n<script type=\"application\/ld+json\" class=\"yoast-schema-graph\">{\"@context\":\"https:\/\/schema.org\",\"@graph\":[{\"@type\":\"Article\",\"@id\":\"https:\/\/www.amotravel.com\/fr\/fetes-traditionnelles-au-vietnam\/#article\",\"isPartOf\":{\"@id\":\"https:\/\/www.amotravel.com\/fr\/fetes-traditionnelles-au-vietnam\/\"},\"author\":{\"name\":\"Trung Nguy\u1ec5n\",\"@id\":\"https:\/\/www.amotravel.com\/fr\/#\/schema\/person\/bf6d66ebd645d863eb9d8a97e4bebfac\"},\"headline\":\"F\u00eates traditionnelles au Vietnam\",\"datePublished\":\"2019-05-10T08:05:23+00:00\",\"dateModified\":\"2019-05-31T09:30:08+00:00\",\"mainEntityOfPage\":{\"@id\":\"https:\/\/www.amotravel.com\/fr\/fetes-traditionnelles-au-vietnam\/\"},\"wordCount\":717,\"commentCount\":0,\"publisher\":{\"@id\":\"https:\/\/www.amotravel.com\/fr\/#organization\"},\"image\":{\"@id\":\"https:\/\/www.amotravel.com\/fr\/fetes-traditionnelles-au-vietnam\/#primaryimage\"},\"thumbnailUrl\":\"https:\/\/www.amotravel.com\/fr\/wp-content\/uploads\/2016\/06\/5-cose-da-sapere-durante-Tet-in-Vietnam-12-600x300.jpg\",\"keywords\":[\"fetes traditionnelles\",\"information pratiques\",\"nouvel an vietnamien\",\"tet traditionnel\"],\"articleSection\":[\"Tradition et culture\"],\"inLanguage\":\"fr-FR\",\"potentialAction\":[{\"@type\":\"CommentAction\",\"name\":\"Comment\",\"target\":[\"https:\/\/www.amotravel.com\/fr\/fetes-traditionnelles-au-vietnam\/#respond\"]}]},{\"@type\":\"WebPage\",\"@id\":\"https:\/\/www.amotravel.com\/fr\/fetes-traditionnelles-au-vietnam\/\",\"url\":\"https:\/\/www.amotravel.com\/fr\/fetes-traditionnelles-au-vietnam\/\",\"name\":\"F\u00eates traditionnelles au Vietnam - Amo Travel\",\"isPartOf\":{\"@id\":\"https:\/\/www.amotravel.com\/fr\/#website\"},\"primaryImageOfPage\":{\"@id\":\"https:\/\/www.amotravel.com\/fr\/fetes-traditionnelles-au-vietnam\/#primaryimage\"},\"image\":{\"@id\":\"https:\/\/www.amotravel.com\/fr\/fetes-traditionnelles-au-vietnam\/#primaryimage\"},\"thumbnailUrl\":\"https:\/\/www.amotravel.com\/fr\/wp-content\/uploads\/2016\/06\/5-cose-da-sapere-durante-Tet-in-Vietnam-12-600x300.jpg\",\"datePublished\":\"2019-05-10T08:05:23+00:00\",\"dateModified\":\"2019-05-31T09:30:08+00:00\",\"description\":\"Dans cet article, Amo Travel vous pr\u00e9sente les f\u00eates traditionnelles les plus importantes et les plus populaires au Vietnam.\",\"breadcrumb\":{\"@id\":\"https:\/\/www.amotravel.com\/fr\/fetes-traditionnelles-au-vietnam\/#breadcrumb\"},\"inLanguage\":\"fr-FR\",\"potentialAction\":[{\"@type\":\"ReadAction\",\"target\":[\"https:\/\/www.amotravel.com\/fr\/fetes-traditionnelles-au-vietnam\/\"]}]},{\"@type\":\"ImageObject\",\"inLanguage\":\"fr-FR\",\"@id\":\"https:\/\/www.amotravel.com\/fr\/fetes-traditionnelles-au-vietnam\/#primaryimage\",\"url\":\"https:\/\/www.amotravel.com\/fr\/wp-content\/uploads\/2016\/06\/5-cose-da-sapere-durante-Tet-in-Vietnam-12-600x300.jpg\",\"contentUrl\":\"https:\/\/www.amotravel.com\/fr\/wp-content\/uploads\/2016\/06\/5-cose-da-sapere-durante-Tet-in-Vietnam-12-600x300.jpg\",\"width\":600,\"height\":300},{\"@type\":\"BreadcrumbList\",\"@id\":\"https:\/\/www.amotravel.com\/fr\/fetes-traditionnelles-au-vietnam\/#breadcrumb\",\"itemListElement\":[{\"@type\":\"ListItem\",\"position\":1,\"name\":\"Accueil\",\"item\":\"https:\/\/www.amotravel.com\/fr\/\"},{\"@type\":\"ListItem\",\"position\":2,\"name\":\"F\u00eates traditionnelles au Vietnam\"}]},{\"@type\":\"WebSite\",\"@id\":\"https:\/\/www.amotravel.com\/fr\/#website\",\"url\":\"https:\/\/www.amotravel.com\/fr\/\",\"name\":\"Amo Travel\",\"description\":\"\",\"publisher\":{\"@id\":\"https:\/\/www.amotravel.com\/fr\/#organization\"},\"potentialAction\":[{\"@type\":\"SearchAction\",\"target\":{\"@type\":\"EntryPoint\",\"urlTemplate\":\"https:\/\/www.amotravel.com\/fr\/?s={search_term_string}\"},\"query-input\":{\"@type\":\"PropertyValueSpecification\",\"valueRequired\":true,\"valueName\":\"search_term_string\"}}],\"inLanguage\":\"fr-FR\"},{\"@type\":\"Organization\",\"@id\":\"https:\/\/www.amotravel.com\/fr\/#organization\",\"name\":\"Amo Travel\",\"url\":\"https:\/\/www.amotravel.com\/fr\/\",\"logo\":{\"@type\":\"ImageObject\",\"inLanguage\":\"fr-FR\",\"@id\":\"https:\/\/www.amotravel.com\/fr\/#\/schema\/logo\/image\/\",\"url\":\"https:\/\/www.amotravel.com\/fr\/wp-content\/uploads\/2016\/07\/Logo-ATV-No-Slogan.png\",\"contentUrl\":\"https:\/\/www.amotravel.com\/fr\/wp-content\/uploads\/2016\/07\/Logo-ATV-No-Slogan.png\",\"width\":536,\"height\":85,\"caption\":\"Amo Travel\"},\"image\":{\"@id\":\"https:\/\/www.amotravel.com\/fr\/#\/schema\/logo\/image\/\"}},{\"@type\":\"Person\",\"@id\":\"https:\/\/www.amotravel.com\/fr\/#\/schema\/person\/bf6d66ebd645d863eb9d8a97e4bebfac\",\"name\":\"Trung Nguy\u1ec5n\",\"image\":{\"@type\":\"ImageObject\",\"inLanguage\":\"fr-FR\",\"@id\":\"https:\/\/www.amotravel.com\/fr\/#\/schema\/person\/image\/\",\"url\":\"https:\/\/secure.gravatar.com\/avatar\/6dbce1139567a66fd774e8d6119baf5c?s=96&d=mm&r=g\",\"contentUrl\":\"https:\/\/secure.gravatar.com\/avatar\/6dbce1139567a66fd774e8d6119baf5c?s=96&d=mm&r=g\",\"caption\":\"Trung Nguy\u1ec5n\"},\"url\":\"https:\/\/www.amotravel.com\/fr\/author\/trungnguyen\/\"}]}<\/script>\n<!-- \/ Yoast SEO plugin. -->","yoast_head_json":{"title":"F\u00eates traditionnelles au Vietnam - Amo Travel","description":"Dans cet article, Amo Travel vous pr\u00e9sente les f\u00eates traditionnelles les plus importantes et les plus populaires au Vietnam.","robots":{"index":"index","follow":"follow","max-snippet":"max-snippet:-1","max-image-preview":"max-image-preview:large","max-video-preview":"max-video-preview:-1"},"canonical":"https:\/\/www.amotravel.com\/fr\/fetes-traditionnelles-au-vietnam\/","og_locale":"fr_FR","og_type":"article","og_title":"F\u00eates traditionnelles au Vietnam - Amo Travel","og_description":"Dans cet article, Amo Travel vous pr\u00e9sente les f\u00eates traditionnelles les plus importantes et les plus populaires au Vietnam.","og_url":"https:\/\/www.amotravel.com\/fr\/fetes-traditionnelles-au-vietnam\/","og_site_name":"Amo Travel","article_published_time":"2019-05-10T08:05:23+00:00","article_modified_time":"2019-05-31T09:30:08+00:00","og_image":[{"width":600,"height":300,"url":"https:\/\/www.amotravel.com\/fr\/wp-content\/uploads\/2016\/06\/5-cose-da-sapere-durante-Tet-in-Vietnam-12-600x300.jpg","type":"image\/jpeg"}],"author":"Trung Nguy\u1ec5n","twitter_card":"summary_large_image","twitter_misc":{"\u00c9crit par":"Trung Nguy\u1ec5n","Dur\u00e9e de lecture estim\u00e9e":"4 minutes"},"schema":{"@context":"https:\/\/schema.org","@graph":[{"@type":"Article","@id":"https:\/\/www.amotravel.com\/fr\/fetes-traditionnelles-au-vietnam\/#article","isPartOf":{"@id":"https:\/\/www.amotravel.com\/fr\/fetes-traditionnelles-au-vietnam\/"},"author":{"name":"Trung Nguy\u1ec5n","@id":"https:\/\/www.amotravel.com\/fr\/#\/schema\/person\/bf6d66ebd645d863eb9d8a97e4bebfac"},"headline":"F\u00eates traditionnelles au Vietnam","datePublished":"2019-05-10T08:05:23+00:00","dateModified":"2019-05-31T09:30:08+00:00","mainEntityOfPage":{"@id":"https:\/\/www.amotravel.com\/fr\/fetes-traditionnelles-au-vietnam\/"},"wordCount":717,"commentCount":0,"publisher":{"@id":"https:\/\/www.amotravel.com\/fr\/#organization"},"image":{"@id":"https:\/\/www.amotravel.com\/fr\/fetes-traditionnelles-au-vietnam\/#primaryimage"},"thumbnailUrl":"https:\/\/www.amotravel.com\/fr\/wp-content\/uploads\/2016\/06\/5-cose-da-sapere-durante-Tet-in-Vietnam-12-600x300.jpg","keywords":["fetes traditionnelles","information pratiques","nouvel an vietnamien","tet traditionnel"],"articleSection":["Tradition et culture"],"inLanguage":"fr-FR","potentialAction":[{"@type":"CommentAction","name":"Comment","target":["https:\/\/www.amotravel.com\/fr\/fetes-traditionnelles-au-vietnam\/#respond"]}]},{"@type":"WebPage","@id":"https:\/\/www.amotravel.com\/fr\/fetes-traditionnelles-au-vietnam\/","url":"https:\/\/www.amotravel.com\/fr\/fetes-traditionnelles-au-vietnam\/","name":"F\u00eates traditionnelles au Vietnam - Amo Travel","isPartOf":{"@id":"https:\/\/www.amotravel.com\/fr\/#website"},"primaryImageOfPage":{"@id":"https:\/\/www.amotravel.com\/fr\/fetes-traditionnelles-au-vietnam\/#primaryimage"},"image":{"@id":"https:\/\/www.amotravel.com\/fr\/fetes-traditionnelles-au-vietnam\/#primaryimage"},"thumbnailUrl":"https:\/\/www.amotravel.com\/fr\/wp-content\/uploads\/2016\/06\/5-cose-da-sapere-durante-Tet-in-Vietnam-12-600x300.jpg","datePublished":"2019-05-10T08:05:23+00:00","dateModified":"2019-05-31T09:30:08+00:00","description":"Dans cet article, Amo Travel vous pr\u00e9sente les f\u00eates traditionnelles les plus importantes et les plus populaires au Vietnam.","breadcrumb":{"@id":"https:\/\/www.amotravel.com\/fr\/fetes-traditionnelles-au-vietnam\/#breadcrumb"},"inLanguage":"fr-FR","potentialAction":[{"@type":"ReadAction","target":["https:\/\/www.amotravel.com\/fr\/fetes-traditionnelles-au-vietnam\/"]}]},{"@type":"ImageObject","inLanguage":"fr-FR","@id":"https:\/\/www.amotravel.com\/fr\/fetes-traditionnelles-au-vietnam\/#primaryimage","url":"https:\/\/www.amotravel.com\/fr\/wp-content\/uploads\/2016\/06\/5-cose-da-sapere-durante-Tet-in-Vietnam-12-600x300.jpg","contentUrl":"https:\/\/www.amotravel.com\/fr\/wp-content\/uploads\/2016\/06\/5-cose-da-sapere-durante-Tet-in-Vietnam-12-600x300.jpg","width":600,"height":300},{"@type":"BreadcrumbList","@id":"https:\/\/www.amotravel.com\/fr\/fetes-traditionnelles-au-vietnam\/#breadcrumb","itemListElement":[{"@type":"ListItem","position":1,"name":"Accueil","item":"https:\/\/www.amotravel.com\/fr\/"},{"@type":"ListItem","position":2,"name":"F\u00eates traditionnelles au Vietnam"}]},{"@type":"WebSite","@id":"https:\/\/www.amotravel.com\/fr\/#website","url":"https:\/\/www.amotravel.com\/fr\/","name":"Amo Travel","description":"","publisher":{"@id":"https:\/\/www.amotravel.com\/fr\/#organization"},"potentialAction":[{"@type":"SearchAction","target":{"@type":"EntryPoint","urlTemplate":"https:\/\/www.amotravel.com\/fr\/?s={search_term_string}"},"query-input":{"@type":"PropertyValueSpecification","valueRequired":true,"valueName":"search_term_string"}}],"inLanguage":"fr-FR"},{"@type":"Organization","@id":"https:\/\/www.amotravel.com\/fr\/#organization","name":"Amo Travel","url":"https:\/\/www.amotravel.com\/fr\/","logo":{"@type":"ImageObject","inLanguage":"fr-FR","@id":"https:\/\/www.amotravel.com\/fr\/#\/schema\/logo\/image\/","url":"https:\/\/www.amotravel.com\/fr\/wp-content\/uploads\/2016\/07\/Logo-ATV-No-Slogan.png","contentUrl":"https:\/\/www.amotravel.com\/fr\/wp-content\/uploads\/2016\/07\/Logo-ATV-No-Slogan.png","width":536,"height":85,"caption":"Amo Travel"},"image":{"@id":"https:\/\/www.amotravel.com\/fr\/#\/schema\/logo\/image\/"}},{"@type":"Person","@id":"https:\/\/www.amotravel.com\/fr\/#\/schema\/person\/bf6d66ebd645d863eb9d8a97e4bebfac","name":"Trung Nguy\u1ec5n","image":{"@type":"ImageObject","inLanguage":"fr-FR","@id":"https:\/\/www.amotravel.com\/fr\/#\/schema\/person\/image\/","url":"https:\/\/secure.gravatar.com\/avatar\/6dbce1139567a66fd774e8d6119baf5c?s=96&d=mm&r=g","contentUrl":"https:\/\/secure.gravatar.com\/avatar\/6dbce1139567a66fd774e8d6119baf5c?s=96&d=mm&r=g","caption":"Trung Nguy\u1ec5n"},"url":"https:\/\/www.amotravel.com\/fr\/author\/trungnguyen\/"}]}},"_links":{"self":[{"href":"https:\/\/www.amotravel.com\/fr\/wp-json\/wp\/v2\/posts\/4669","targetHints":{"allow":["GET"]}}],"collection":[{"href":"https:\/\/www.amotravel.com\/fr\/wp-json\/wp\/v2\/posts"}],"about":[{"href":"https:\/\/www.amotravel.com\/fr\/wp-json\/wp\/v2\/types\/post"}],"author":[{"embeddable":true,"href":"https:\/\/www.amotravel.com\/fr\/wp-json\/wp\/v2\/users\/4"}],"replies":[{"embeddable":true,"href":"https:\/\/www.amotravel.com\/fr\/wp-json\/wp\/v2\/comments?post=4669"}],"version-history":[{"count":4,"href":"https:\/\/www.amotravel.com\/fr\/wp-json\/wp\/v2\/posts\/4669\/revisions"}],"predecessor-version":[{"id":4805,"href":"https:\/\/www.amotravel.com\/fr\/wp-json\/wp\/v2\/posts\/4669\/revisions\/4805"}],"wp:featuredmedia":[{"embeddable":true,"href":"https:\/\/www.amotravel.com\/fr\/wp-json\/wp\/v2\/media\/1653"}],"wp:attachment":[{"href":"https:\/\/www.amotravel.com\/fr\/wp-json\/wp\/v2\/media?parent=4669"}],"wp:term":[{"taxonomy":"category","embeddable":true,"href":"https:\/\/www.amotravel.com\/fr\/wp-json\/wp\/v2\/categories?post=4669"},{"taxonomy":"post_tag","embeddable":true,"href":"https:\/\/www.amotravel.com\/fr\/wp-json\/wp\/v2\/tags?post=4669"}],"curies":[{"name":"wp","href":"https:\/\/api.w.org\/{rel}","templated":true}]}}