{"id":4662,"date":"2019-04-27T02:24:16","date_gmt":"2019-04-27T02:24:16","guid":{"rendered":"https:\/\/www.amotravel.fr\/?p=4662"},"modified":"2019-05-18T09:50:09","modified_gmt":"2019-05-18T09:50:09","slug":"30-avril-jour-de-la-reunification-vietnam","status":"publish","type":"post","link":"https:\/\/www.amotravel.com\/fr\/30-avril-jour-de-la-reunification-vietnam\/","title":{"rendered":"Le 30 avril &#8211; Le Jour de la r\u00e9unification du Vietnam"},"content":{"rendered":"<p>Si vous visitez au Vietnam \u00e0 la fin d\u2019avril, l\u2019atmosph\u00e8re de tout le pays vous \u00e9tonne. Donc, que signifie le 30 avril pour les Vietnamiens ?<br \/>\nLe 30 avril est l&rsquo;une des f\u00eates les plus importantes du Vietnam. C\u2019est le jour de la lib\u00e9ration du sud du Vietnam et \u00e9galement le Jour de la r\u00e9unification du Vietnam (les deux r\u00e9gions principales du Vietnam ont \u00e9t\u00e9 r\u00e9unies sous un m\u00eame gouvernement).<\/p>\n<figure id=\"attachment_4736\" aria-describedby=\"caption-attachment-4736\" style=\"width: 640px\" class=\"wp-caption aligncenter\"><img fetchpriority=\"high\" decoding=\"async\" class=\"size-large wp-image-4736\" src=\"https:\/\/www.amotravel.fr\/wp-content\/uploads\/2019\/04\/6-700x385.jpg\" alt=\"\" width=\"640\" height=\"352\" srcset=\"https:\/\/www.amotravel.com\/fr\/wp-content\/uploads\/2019\/04\/6-700x385.jpg 700w, https:\/\/www.amotravel.com\/fr\/wp-content\/uploads\/2019\/04\/6-300x165.jpg 300w, https:\/\/www.amotravel.com\/fr\/wp-content\/uploads\/2019\/04\/6.jpg 768w\" sizes=\"(max-width: 640px) 100vw, 640px\" \/><figcaption id=\"caption-attachment-4736\" class=\"wp-caption-text\">Palais de l&rsquo;ind\u00e9pendance \u00e0 Sai Gon &#8211; domicile du pr\u00e9sident du Sud-Vietnam, o\u00f9 il marque la chute du gouvernement de Saigon<\/figcaption><\/figure>\n<p>Avant le 30 avril, les rues de grandes villes sont d\u00e9cor\u00e9es de banni\u00e8res color\u00e9es, de drapeaux et de n\u00e9ons et toutes les maisons suspendent un drapeau rouge devant leur porte. Au cours de la journ\u00e9e de la r\u00e9unification au Vietnam, de nombreux spectacles artistiques et concerts musicaux uniques ont lieu dans les grands centres urbains. \u00c0 la t\u00e9l\u00e9vision, des programmes comm\u00e9moratifs connexes ou des \u00e9missions de musique interpr\u00e9tant des chansons victorieuses sur la guerre du Vietnam sont diffus\u00e9s. En particulier, \u00e0 Ho Chi Minh-Ville, des d\u00e9fil\u00e9s colorent les rues principales avec la participation de foules nombreuses.<\/p>\n<p><img decoding=\"async\" class=\"size-large wp-image-4739 aligncenter\" src=\"https:\/\/www.amotravel.fr\/wp-content\/uploads\/2019\/04\/8-700x355.jpg\" alt=\"\" width=\"640\" height=\"325\" srcset=\"https:\/\/www.amotravel.com\/fr\/wp-content\/uploads\/2019\/04\/8-700x355.jpg 700w, https:\/\/www.amotravel.com\/fr\/wp-content\/uploads\/2019\/04\/8-300x152.jpg 300w, https:\/\/www.amotravel.com\/fr\/wp-content\/uploads\/2019\/04\/8.jpg 768w\" sizes=\"(max-width: 640px) 100vw, 640px\" \/><\/p>\n<figure id=\"attachment_4740\" aria-describedby=\"caption-attachment-4740\" style=\"width: 640px\" class=\"wp-caption aligncenter\"><img decoding=\"async\" class=\"size-large wp-image-4740\" src=\"https:\/\/www.amotravel.fr\/wp-content\/uploads\/2019\/04\/9-700x379.jpg\" alt=\"\" width=\"640\" height=\"347\" srcset=\"https:\/\/www.amotravel.com\/fr\/wp-content\/uploads\/2019\/04\/9-700x379.jpg 700w, https:\/\/www.amotravel.com\/fr\/wp-content\/uploads\/2019\/04\/9-300x163.jpg 300w, https:\/\/www.amotravel.com\/fr\/wp-content\/uploads\/2019\/04\/9.jpg 768w\" sizes=\"(max-width: 640px) 100vw, 640px\" \/><figcaption id=\"caption-attachment-4740\" class=\"wp-caption-text\">Les d\u00e9fil\u00e9s sur la route des grandes villes<\/figcaption><\/figure>\n<p><img loading=\"lazy\" decoding=\"async\" class=\"size-large wp-image-4741 aligncenter\" src=\"https:\/\/www.amotravel.fr\/wp-content\/uploads\/2019\/04\/10-700x467.jpg\" alt=\"\" width=\"640\" height=\"427\" srcset=\"https:\/\/www.amotravel.com\/fr\/wp-content\/uploads\/2019\/04\/10-700x467.jpg 700w, https:\/\/www.amotravel.com\/fr\/wp-content\/uploads\/2019\/04\/10-300x200.jpg 300w, https:\/\/www.amotravel.com\/fr\/wp-content\/uploads\/2019\/04\/10-150x100.jpg 150w, https:\/\/www.amotravel.com\/fr\/wp-content\/uploads\/2019\/04\/10-200x133.jpg 200w, https:\/\/www.amotravel.com\/fr\/wp-content\/uploads\/2019\/04\/10-250x166.jpg 250w, https:\/\/www.amotravel.com\/fr\/wp-content\/uploads\/2019\/04\/10.jpg 768w\" sizes=\"(max-width: 640px) 100vw, 640px\" \/><\/p>\n<p>En 2019, \u00e0 Ho Chi Minh-Ville, l\u2019autorit\u00e9 a d\u00e9cid\u00e9 d&rsquo;organiser de spectacles de feux d\u2019artifice \u00e0 l\u2019occasion de la journ\u00e9e de la r\u00e9unification du Vietnam.Le 30 avril chaque ann\u00e9e, tous les Vietnamiens sont en cong\u00e9 pour c\u00e9l\u00e9brer un \u00e9v\u00e9nement national important. La plupart des bureaux sont ferm\u00e9s pendant cette p\u00e9riode. C\u2019est donc \u00e9galement une occasion pour les Vietnamiens de se d\u00e9tendre. Les grandes villes sont les plus calmes car les habitants sont soit partis pour un grand voyage, soit reviennent dans leur pays natal. Pendant ce temps, les centres villes comme Hanoi, Ho Chi Minh ville sont des endroits id\u00e9aux pour les touristes qui souhaitent explorer des c\u00e9l\u00e8bres attractions sans \u00eatre d\u00e9rang\u00e9s par la foule et par les v\u00e9hicules encombr\u00e9s sur les routes.<br \/>\nLe 30 avril marque \u00e9galement la lib\u00e9ration du Sud-Vietnam et la fin de la guerre du Vietnam. Il rappelle l&rsquo;histoire victorieuse du peuple vietnamien.<\/p>\n","protected":false},"excerpt":{"rendered":"<p>Si vous visitez au Vietnam \u00e0 la fin d\u2019avril, l\u2019atmosph\u00e8re de tout le pays vous \u00e9tonne. Donc, que signifie le 30 avril pour les Vietnamiens ? Le 30 avril est l&rsquo;une des f\u00eates les plus importantes du Vietnam. C\u2019est le jour de la lib\u00e9ration du sud du Vietnam et \u00e9galement le Jour de la r\u00e9unification [&hellip;]<\/p>\n","protected":false},"author":4,"featured_media":2904,"comment_status":"open","ping_status":"open","sticky":false,"template":"","format":"standard","meta":{"footnotes":""},"categories":[5],"tags":[318],"class_list":["post-4662","post","type-post","status-publish","format-standard","has-post-thumbnail","hentry","category-actualites","tag-fetes-traditionnelles"],"yoast_head":"<!-- This site is optimized with the Yoast SEO plugin v24.7 - https:\/\/yoast.com\/wordpress\/plugins\/seo\/ -->\n<title>Le 30 avril - Le Jour de la r\u00e9unification du Vietnam - Amo Travel<\/title>\n<meta name=\"description\" content=\"Si vous visitez au Vietnam \u00e0 la fin d\u2019avril, l\u2019atmosph\u00e8re de tout le pays vous \u00e9tonne. Donc, que signifie le 30 avril pour les Vietnamiens ?\" \/>\n<meta name=\"robots\" content=\"index, follow, max-snippet:-1, max-image-preview:large, max-video-preview:-1\" \/>\n<link rel=\"canonical\" href=\"https:\/\/www.amotravel.com\/fr\/30-avril-jour-de-la-reunification-vietnam\/\" \/>\n<meta property=\"og:locale\" content=\"fr_FR\" \/>\n<meta property=\"og:type\" content=\"article\" \/>\n<meta property=\"og:title\" content=\"Le 30 avril - Le Jour de la r\u00e9unification du Vietnam - Amo Travel\" \/>\n<meta property=\"og:description\" content=\"Si vous visitez au Vietnam \u00e0 la fin d\u2019avril, l\u2019atmosph\u00e8re de tout le pays vous \u00e9tonne. Donc, que signifie le 30 avril pour les Vietnamiens ?\" \/>\n<meta property=\"og:url\" content=\"https:\/\/www.amotravel.com\/fr\/30-avril-jour-de-la-reunification-vietnam\/\" \/>\n<meta property=\"og:site_name\" content=\"Amo Travel\" \/>\n<meta property=\"article:published_time\" content=\"2019-04-27T02:24:16+00:00\" \/>\n<meta property=\"article:modified_time\" content=\"2019-05-18T09:50:09+00:00\" \/>\n<meta property=\"og:image\" content=\"https:\/\/www.amotravel.com\/fr\/wp-content\/uploads\/2016\/09\/14199491_1095230710573896_4130625825945522076_n.jpg\" \/>\n\t<meta property=\"og:image:width\" content=\"960\" \/>\n\t<meta property=\"og:image:height\" content=\"546\" \/>\n\t<meta property=\"og:image:type\" content=\"image\/jpeg\" \/>\n<meta name=\"author\" content=\"Trung Nguy\u1ec5n\" \/>\n<meta name=\"twitter:card\" content=\"summary_large_image\" \/>\n<meta name=\"twitter:label1\" content=\"\u00c9crit par\" \/>\n\t<meta name=\"twitter:data1\" content=\"Trung Nguy\u1ec5n\" \/>\n\t<meta name=\"twitter:label2\" content=\"Dur\u00e9e de lecture estim\u00e9e\" \/>\n\t<meta name=\"twitter:data2\" content=\"2 minutes\" \/>\n<script type=\"application\/ld+json\" class=\"yoast-schema-graph\">{\"@context\":\"https:\/\/schema.org\",\"@graph\":[{\"@type\":\"Article\",\"@id\":\"https:\/\/www.amotravel.com\/fr\/30-avril-jour-de-la-reunification-vietnam\/#article\",\"isPartOf\":{\"@id\":\"https:\/\/www.amotravel.com\/fr\/30-avril-jour-de-la-reunification-vietnam\/\"},\"author\":{\"name\":\"Trung Nguy\u1ec5n\",\"@id\":\"https:\/\/www.amotravel.com\/fr\/#\/schema\/person\/bf6d66ebd645d863eb9d8a97e4bebfac\"},\"headline\":\"Le 30 avril &#8211; Le Jour de la r\u00e9unification du Vietnam\",\"datePublished\":\"2019-04-27T02:24:16+00:00\",\"dateModified\":\"2019-05-18T09:50:09+00:00\",\"mainEntityOfPage\":{\"@id\":\"https:\/\/www.amotravel.com\/fr\/30-avril-jour-de-la-reunification-vietnam\/\"},\"wordCount\":409,\"commentCount\":0,\"publisher\":{\"@id\":\"https:\/\/www.amotravel.com\/fr\/#organization\"},\"image\":{\"@id\":\"https:\/\/www.amotravel.com\/fr\/30-avril-jour-de-la-reunification-vietnam\/#primaryimage\"},\"thumbnailUrl\":\"https:\/\/www.amotravel.com\/fr\/wp-content\/uploads\/2016\/09\/14199491_1095230710573896_4130625825945522076_n.jpg\",\"keywords\":[\"fetes traditionnelles\"],\"articleSection\":[\"Actualit\u00e9s\"],\"inLanguage\":\"fr-FR\",\"potentialAction\":[{\"@type\":\"CommentAction\",\"name\":\"Comment\",\"target\":[\"https:\/\/www.amotravel.com\/fr\/30-avril-jour-de-la-reunification-vietnam\/#respond\"]}]},{\"@type\":\"WebPage\",\"@id\":\"https:\/\/www.amotravel.com\/fr\/30-avril-jour-de-la-reunification-vietnam\/\",\"url\":\"https:\/\/www.amotravel.com\/fr\/30-avril-jour-de-la-reunification-vietnam\/\",\"name\":\"Le 30 avril - Le Jour de la r\u00e9unification du Vietnam - Amo Travel\",\"isPartOf\":{\"@id\":\"https:\/\/www.amotravel.com\/fr\/#website\"},\"primaryImageOfPage\":{\"@id\":\"https:\/\/www.amotravel.com\/fr\/30-avril-jour-de-la-reunification-vietnam\/#primaryimage\"},\"image\":{\"@id\":\"https:\/\/www.amotravel.com\/fr\/30-avril-jour-de-la-reunification-vietnam\/#primaryimage\"},\"thumbnailUrl\":\"https:\/\/www.amotravel.com\/fr\/wp-content\/uploads\/2016\/09\/14199491_1095230710573896_4130625825945522076_n.jpg\",\"datePublished\":\"2019-04-27T02:24:16+00:00\",\"dateModified\":\"2019-05-18T09:50:09+00:00\",\"description\":\"Si vous visitez au Vietnam \u00e0 la fin d\u2019avril, l\u2019atmosph\u00e8re de tout le pays vous \u00e9tonne. Donc, que signifie le 30 avril pour les Vietnamiens ?\",\"breadcrumb\":{\"@id\":\"https:\/\/www.amotravel.com\/fr\/30-avril-jour-de-la-reunification-vietnam\/#breadcrumb\"},\"inLanguage\":\"fr-FR\",\"potentialAction\":[{\"@type\":\"ReadAction\",\"target\":[\"https:\/\/www.amotravel.com\/fr\/30-avril-jour-de-la-reunification-vietnam\/\"]}]},{\"@type\":\"ImageObject\",\"inLanguage\":\"fr-FR\",\"@id\":\"https:\/\/www.amotravel.com\/fr\/30-avril-jour-de-la-reunification-vietnam\/#primaryimage\",\"url\":\"https:\/\/www.amotravel.com\/fr\/wp-content\/uploads\/2016\/09\/14199491_1095230710573896_4130625825945522076_n.jpg\",\"contentUrl\":\"https:\/\/www.amotravel.com\/fr\/wp-content\/uploads\/2016\/09\/14199491_1095230710573896_4130625825945522076_n.jpg\",\"width\":960,\"height\":546},{\"@type\":\"BreadcrumbList\",\"@id\":\"https:\/\/www.amotravel.com\/fr\/30-avril-jour-de-la-reunification-vietnam\/#breadcrumb\",\"itemListElement\":[{\"@type\":\"ListItem\",\"position\":1,\"name\":\"Accueil\",\"item\":\"https:\/\/www.amotravel.com\/fr\/\"},{\"@type\":\"ListItem\",\"position\":2,\"name\":\"Le 30 avril &#8211; Le Jour de la r\u00e9unification du Vietnam\"}]},{\"@type\":\"WebSite\",\"@id\":\"https:\/\/www.amotravel.com\/fr\/#website\",\"url\":\"https:\/\/www.amotravel.com\/fr\/\",\"name\":\"Amo Travel\",\"description\":\"\",\"publisher\":{\"@id\":\"https:\/\/www.amotravel.com\/fr\/#organization\"},\"potentialAction\":[{\"@type\":\"SearchAction\",\"target\":{\"@type\":\"EntryPoint\",\"urlTemplate\":\"https:\/\/www.amotravel.com\/fr\/?s={search_term_string}\"},\"query-input\":{\"@type\":\"PropertyValueSpecification\",\"valueRequired\":true,\"valueName\":\"search_term_string\"}}],\"inLanguage\":\"fr-FR\"},{\"@type\":\"Organization\",\"@id\":\"https:\/\/www.amotravel.com\/fr\/#organization\",\"name\":\"Amo Travel\",\"url\":\"https:\/\/www.amotravel.com\/fr\/\",\"logo\":{\"@type\":\"ImageObject\",\"inLanguage\":\"fr-FR\",\"@id\":\"https:\/\/www.amotravel.com\/fr\/#\/schema\/logo\/image\/\",\"url\":\"https:\/\/www.amotravel.com\/fr\/wp-content\/uploads\/2016\/07\/Logo-ATV-No-Slogan.png\",\"contentUrl\":\"https:\/\/www.amotravel.com\/fr\/wp-content\/uploads\/2016\/07\/Logo-ATV-No-Slogan.png\",\"width\":536,\"height\":85,\"caption\":\"Amo Travel\"},\"image\":{\"@id\":\"https:\/\/www.amotravel.com\/fr\/#\/schema\/logo\/image\/\"}},{\"@type\":\"Person\",\"@id\":\"https:\/\/www.amotravel.com\/fr\/#\/schema\/person\/bf6d66ebd645d863eb9d8a97e4bebfac\",\"name\":\"Trung Nguy\u1ec5n\",\"image\":{\"@type\":\"ImageObject\",\"inLanguage\":\"fr-FR\",\"@id\":\"https:\/\/www.amotravel.com\/fr\/#\/schema\/person\/image\/\",\"url\":\"https:\/\/secure.gravatar.com\/avatar\/6dbce1139567a66fd774e8d6119baf5c?s=96&d=mm&r=g\",\"contentUrl\":\"https:\/\/secure.gravatar.com\/avatar\/6dbce1139567a66fd774e8d6119baf5c?s=96&d=mm&r=g\",\"caption\":\"Trung Nguy\u1ec5n\"},\"url\":\"https:\/\/www.amotravel.com\/fr\/author\/trungnguyen\/\"}]}<\/script>\n<!-- \/ Yoast SEO plugin. -->","yoast_head_json":{"title":"Le 30 avril - Le Jour de la r\u00e9unification du Vietnam - Amo Travel","description":"Si vous visitez au Vietnam \u00e0 la fin d\u2019avril, l\u2019atmosph\u00e8re de tout le pays vous \u00e9tonne. Donc, que signifie le 30 avril pour les Vietnamiens ?","robots":{"index":"index","follow":"follow","max-snippet":"max-snippet:-1","max-image-preview":"max-image-preview:large","max-video-preview":"max-video-preview:-1"},"canonical":"https:\/\/www.amotravel.com\/fr\/30-avril-jour-de-la-reunification-vietnam\/","og_locale":"fr_FR","og_type":"article","og_title":"Le 30 avril - Le Jour de la r\u00e9unification du Vietnam - Amo Travel","og_description":"Si vous visitez au Vietnam \u00e0 la fin d\u2019avril, l\u2019atmosph\u00e8re de tout le pays vous \u00e9tonne. Donc, que signifie le 30 avril pour les Vietnamiens ?","og_url":"https:\/\/www.amotravel.com\/fr\/30-avril-jour-de-la-reunification-vietnam\/","og_site_name":"Amo Travel","article_published_time":"2019-04-27T02:24:16+00:00","article_modified_time":"2019-05-18T09:50:09+00:00","og_image":[{"width":960,"height":546,"url":"https:\/\/www.amotravel.com\/fr\/wp-content\/uploads\/2016\/09\/14199491_1095230710573896_4130625825945522076_n.jpg","type":"image\/jpeg"}],"author":"Trung Nguy\u1ec5n","twitter_card":"summary_large_image","twitter_misc":{"\u00c9crit par":"Trung Nguy\u1ec5n","Dur\u00e9e de lecture estim\u00e9e":"2 minutes"},"schema":{"@context":"https:\/\/schema.org","@graph":[{"@type":"Article","@id":"https:\/\/www.amotravel.com\/fr\/30-avril-jour-de-la-reunification-vietnam\/#article","isPartOf":{"@id":"https:\/\/www.amotravel.com\/fr\/30-avril-jour-de-la-reunification-vietnam\/"},"author":{"name":"Trung Nguy\u1ec5n","@id":"https:\/\/www.amotravel.com\/fr\/#\/schema\/person\/bf6d66ebd645d863eb9d8a97e4bebfac"},"headline":"Le 30 avril &#8211; Le Jour de la r\u00e9unification du Vietnam","datePublished":"2019-04-27T02:24:16+00:00","dateModified":"2019-05-18T09:50:09+00:00","mainEntityOfPage":{"@id":"https:\/\/www.amotravel.com\/fr\/30-avril-jour-de-la-reunification-vietnam\/"},"wordCount":409,"commentCount":0,"publisher":{"@id":"https:\/\/www.amotravel.com\/fr\/#organization"},"image":{"@id":"https:\/\/www.amotravel.com\/fr\/30-avril-jour-de-la-reunification-vietnam\/#primaryimage"},"thumbnailUrl":"https:\/\/www.amotravel.com\/fr\/wp-content\/uploads\/2016\/09\/14199491_1095230710573896_4130625825945522076_n.jpg","keywords":["fetes traditionnelles"],"articleSection":["Actualit\u00e9s"],"inLanguage":"fr-FR","potentialAction":[{"@type":"CommentAction","name":"Comment","target":["https:\/\/www.amotravel.com\/fr\/30-avril-jour-de-la-reunification-vietnam\/#respond"]}]},{"@type":"WebPage","@id":"https:\/\/www.amotravel.com\/fr\/30-avril-jour-de-la-reunification-vietnam\/","url":"https:\/\/www.amotravel.com\/fr\/30-avril-jour-de-la-reunification-vietnam\/","name":"Le 30 avril - Le Jour de la r\u00e9unification du Vietnam - Amo Travel","isPartOf":{"@id":"https:\/\/www.amotravel.com\/fr\/#website"},"primaryImageOfPage":{"@id":"https:\/\/www.amotravel.com\/fr\/30-avril-jour-de-la-reunification-vietnam\/#primaryimage"},"image":{"@id":"https:\/\/www.amotravel.com\/fr\/30-avril-jour-de-la-reunification-vietnam\/#primaryimage"},"thumbnailUrl":"https:\/\/www.amotravel.com\/fr\/wp-content\/uploads\/2016\/09\/14199491_1095230710573896_4130625825945522076_n.jpg","datePublished":"2019-04-27T02:24:16+00:00","dateModified":"2019-05-18T09:50:09+00:00","description":"Si vous visitez au Vietnam \u00e0 la fin d\u2019avril, l\u2019atmosph\u00e8re de tout le pays vous \u00e9tonne. Donc, que signifie le 30 avril pour les Vietnamiens ?","breadcrumb":{"@id":"https:\/\/www.amotravel.com\/fr\/30-avril-jour-de-la-reunification-vietnam\/#breadcrumb"},"inLanguage":"fr-FR","potentialAction":[{"@type":"ReadAction","target":["https:\/\/www.amotravel.com\/fr\/30-avril-jour-de-la-reunification-vietnam\/"]}]},{"@type":"ImageObject","inLanguage":"fr-FR","@id":"https:\/\/www.amotravel.com\/fr\/30-avril-jour-de-la-reunification-vietnam\/#primaryimage","url":"https:\/\/www.amotravel.com\/fr\/wp-content\/uploads\/2016\/09\/14199491_1095230710573896_4130625825945522076_n.jpg","contentUrl":"https:\/\/www.amotravel.com\/fr\/wp-content\/uploads\/2016\/09\/14199491_1095230710573896_4130625825945522076_n.jpg","width":960,"height":546},{"@type":"BreadcrumbList","@id":"https:\/\/www.amotravel.com\/fr\/30-avril-jour-de-la-reunification-vietnam\/#breadcrumb","itemListElement":[{"@type":"ListItem","position":1,"name":"Accueil","item":"https:\/\/www.amotravel.com\/fr\/"},{"@type":"ListItem","position":2,"name":"Le 30 avril &#8211; Le Jour de la r\u00e9unification du Vietnam"}]},{"@type":"WebSite","@id":"https:\/\/www.amotravel.com\/fr\/#website","url":"https:\/\/www.amotravel.com\/fr\/","name":"Amo Travel","description":"","publisher":{"@id":"https:\/\/www.amotravel.com\/fr\/#organization"},"potentialAction":[{"@type":"SearchAction","target":{"@type":"EntryPoint","urlTemplate":"https:\/\/www.amotravel.com\/fr\/?s={search_term_string}"},"query-input":{"@type":"PropertyValueSpecification","valueRequired":true,"valueName":"search_term_string"}}],"inLanguage":"fr-FR"},{"@type":"Organization","@id":"https:\/\/www.amotravel.com\/fr\/#organization","name":"Amo Travel","url":"https:\/\/www.amotravel.com\/fr\/","logo":{"@type":"ImageObject","inLanguage":"fr-FR","@id":"https:\/\/www.amotravel.com\/fr\/#\/schema\/logo\/image\/","url":"https:\/\/www.amotravel.com\/fr\/wp-content\/uploads\/2016\/07\/Logo-ATV-No-Slogan.png","contentUrl":"https:\/\/www.amotravel.com\/fr\/wp-content\/uploads\/2016\/07\/Logo-ATV-No-Slogan.png","width":536,"height":85,"caption":"Amo Travel"},"image":{"@id":"https:\/\/www.amotravel.com\/fr\/#\/schema\/logo\/image\/"}},{"@type":"Person","@id":"https:\/\/www.amotravel.com\/fr\/#\/schema\/person\/bf6d66ebd645d863eb9d8a97e4bebfac","name":"Trung Nguy\u1ec5n","image":{"@type":"ImageObject","inLanguage":"fr-FR","@id":"https:\/\/www.amotravel.com\/fr\/#\/schema\/person\/image\/","url":"https:\/\/secure.gravatar.com\/avatar\/6dbce1139567a66fd774e8d6119baf5c?s=96&d=mm&r=g","contentUrl":"https:\/\/secure.gravatar.com\/avatar\/6dbce1139567a66fd774e8d6119baf5c?s=96&d=mm&r=g","caption":"Trung Nguy\u1ec5n"},"url":"https:\/\/www.amotravel.com\/fr\/author\/trungnguyen\/"}]}},"_links":{"self":[{"href":"https:\/\/www.amotravel.com\/fr\/wp-json\/wp\/v2\/posts\/4662","targetHints":{"allow":["GET"]}}],"collection":[{"href":"https:\/\/www.amotravel.com\/fr\/wp-json\/wp\/v2\/posts"}],"about":[{"href":"https:\/\/www.amotravel.com\/fr\/wp-json\/wp\/v2\/types\/post"}],"author":[{"embeddable":true,"href":"https:\/\/www.amotravel.com\/fr\/wp-json\/wp\/v2\/users\/4"}],"replies":[{"embeddable":true,"href":"https:\/\/www.amotravel.com\/fr\/wp-json\/wp\/v2\/comments?post=4662"}],"version-history":[{"count":3,"href":"https:\/\/www.amotravel.com\/fr\/wp-json\/wp\/v2\/posts\/4662\/revisions"}],"predecessor-version":[{"id":4742,"href":"https:\/\/www.amotravel.com\/fr\/wp-json\/wp\/v2\/posts\/4662\/revisions\/4742"}],"wp:featuredmedia":[{"embeddable":true,"href":"https:\/\/www.amotravel.com\/fr\/wp-json\/wp\/v2\/media\/2904"}],"wp:attachment":[{"href":"https:\/\/www.amotravel.com\/fr\/wp-json\/wp\/v2\/media?parent=4662"}],"wp:term":[{"taxonomy":"category","embeddable":true,"href":"https:\/\/www.amotravel.com\/fr\/wp-json\/wp\/v2\/categories?post=4662"},{"taxonomy":"post_tag","embeddable":true,"href":"https:\/\/www.amotravel.com\/fr\/wp-json\/wp\/v2\/tags?post=4662"}],"curies":[{"name":"wp","href":"https:\/\/api.w.org\/{rel}","templated":true}]}}