{"id":4556,"date":"2019-01-07T09:59:36","date_gmt":"2019-01-07T09:59:36","guid":{"rendered":"https:\/\/www.amotravel.fr\/?p=4556"},"modified":"2019-01-07T09:59:36","modified_gmt":"2019-01-07T09:59:36","slug":"sites-a-ne-pas-rater-en-fevrier-au-vietnam","status":"publish","type":"post","link":"https:\/\/www.amotravel.com\/fr\/sites-a-ne-pas-rater-en-fevrier-au-vietnam\/","title":{"rendered":"Top de 3 sites \u00e0 ne pas rater en f\u00e9vrier au Vietnam"},"content":{"rendered":"<h2>M\u00e9t\u00e9o au Vietnam en f\u00e9vrier<\/h2>\n<h3>\nNord du Vietnam<\/h3>\n<p><img fetchpriority=\"high\" decoding=\"async\" class=\"size-large wp-image-1923 aligncenter\" src=\"https:\/\/www.amotravel.fr\/wp-content\/uploads\/2016\/05\/Halong_2-2-700x467.jpg\" alt=\"\" width=\"640\" height=\"427\" srcset=\"https:\/\/www.amotravel.com\/fr\/wp-content\/uploads\/2016\/05\/Halong_2-2-700x467.jpg 700w, https:\/\/www.amotravel.com\/fr\/wp-content\/uploads\/2016\/05\/Halong_2-2-300x200.jpg 300w, https:\/\/www.amotravel.com\/fr\/wp-content\/uploads\/2016\/05\/Halong_2-2-378x252.jpg 378w, https:\/\/www.amotravel.com\/fr\/wp-content\/uploads\/2016\/05\/Halong_2-2.jpg 1000w\" sizes=\"(max-width: 640px) 100vw, 640px\" \/><br \/>\nTemp\u00e9rature moyenne: 17 \u00b0 C<br \/>\nIl fait relativement fra\u00ees. Les pr\u00e9cipitations sont les plus basses bien qu&rsquo;une brume brumeuse puisse apparaitre dans les zones c\u00f4ti\u00e8res et \u00e0 la baie d&rsquo;Halong. Il fait sec et froid et parfois brumeuses, surtout la nuit; il vaut mieux de porter des v\u00eatements appropri\u00e9s.<\/p>\n<h3>\nCentre du Vietnam<\/h3>\n<p><img decoding=\"async\" class=\"wp-image-4266 aligncenter\" src=\"https:\/\/www.amotravel.fr\/wp-content\/uploads\/2016\/06\/shutterstock_310028462.jpg\" alt=\"une femme va \u00e0 v\u00e9lo dans l'ancienne de Hoi An au centre du vietnam\" width=\"640\" height=\"427\" srcset=\"https:\/\/www.amotravel.com\/fr\/wp-content\/uploads\/2016\/06\/shutterstock_310028462.jpg 600w, https:\/\/www.amotravel.com\/fr\/wp-content\/uploads\/2016\/06\/shutterstock_310028462-300x200.jpg 300w, https:\/\/www.amotravel.com\/fr\/wp-content\/uploads\/2016\/06\/shutterstock_310028462-150x100.jpg 150w, https:\/\/www.amotravel.com\/fr\/wp-content\/uploads\/2016\/06\/shutterstock_310028462-200x133.jpg 200w, https:\/\/www.amotravel.com\/fr\/wp-content\/uploads\/2016\/06\/shutterstock_310028462-250x166.jpg 250w\" sizes=\"(max-width: 640px) 100vw, 640px\" \/><br \/>\nTemp\u00e9rature moyenne: 25 \u00b0 C<br \/>\nLes plages de Hoi An et de Danang sont ensoleill\u00e9es avec une l\u00e9g\u00e8re pluie. \u00c0 Hue, il fait \u00e9galement chaud et sec, tandis qu&rsquo;\u00e0 Dalat et dans les Hauts Plateaux, le climat est plus frais. C&rsquo;est le meilleur moment pour que vous puissiez participer aux activit\u00e9s en plein air telles que la randonn\u00e9e, l\u2019aventure. Les plages de Nha Trang b\u00e9n\u00e9ficient \u00e9galement d&rsquo;un ciel bleu et de temp\u00e9ratures plus \u00e9lev\u00e9es.<\/p>\n<h3>\nSud du Vietnam<\/h3>\n<p><img decoding=\"async\" class=\"size-large wp-image-4243 aligncenter\" src=\"https:\/\/www.amotravel.fr\/wp-content\/uploads\/2016\/06\/shutterstock_376359118-700x467.jpg\" alt=\"\" width=\"640\" height=\"427\" srcset=\"https:\/\/www.amotravel.com\/fr\/wp-content\/uploads\/2016\/06\/shutterstock_376359118-700x467.jpg 700w, https:\/\/www.amotravel.com\/fr\/wp-content\/uploads\/2016\/06\/shutterstock_376359118-300x200.jpg 300w, https:\/\/www.amotravel.com\/fr\/wp-content\/uploads\/2016\/06\/shutterstock_376359118-150x100.jpg 150w, https:\/\/www.amotravel.com\/fr\/wp-content\/uploads\/2016\/06\/shutterstock_376359118-200x133.jpg 200w, https:\/\/www.amotravel.com\/fr\/wp-content\/uploads\/2016\/06\/shutterstock_376359118-250x166.jpg 250w\" sizes=\"(max-width: 640px) 100vw, 640px\" \/><br \/>\nTemp\u00e9rature moyenne: 27 &#8211; 28 \u00b0 C<br \/>\nLes plages de Phan Thiet et Mui Ne; Long Hai &amp; Ho Tram, et les \u00eeles du sud de Phu Quoc et Con Dao sont ensoleill\u00e9s.<\/p>\n<p>&nbsp;<\/p>\n<h2>Les sites incontournables\u00a0<\/h2>\n<h3>\nMoc Chau<\/h3>\n<p>\nSitu\u00e9 dans la ville de Son La, \u00e0 environ 200 km au nord-ouest de Hanoi, le plateau de Moc Chau partage la fronti\u00e8re avec le Laos. C\u2019est une destination id\u00e9ale lors de votre visite au Vietnam gr\u00e2ce \u00e0 ses paysages po\u00e9tiques, \u00e0 ses immenses jardins de pruniers et d&rsquo;abricotiers. Les habitants vivent principalement de l&rsquo;agriculture (th\u00e9, canola, ma\u00efs, riz), de l&rsquo;\u00e9levage traditionnel et de l&rsquo;artisanat (tissage de brocart, rembourrage de riz, etc.). Les habitants conservent toujours leur propre maison traditionnelle sur pilotis, leurs costumes, leurs chansons folkloriques traditionnelles, leurs jeux folkloriques et leurs c\u00e9r\u00e9monies. Vous pourriez d\u00e9couvrir la vie quotidienne des villageois, go\u00fbter les sp\u00e9cialit\u00e9s locales telles que le r\u01b0\u1ee3u c\u1ea7n, le c\u01a1m lam (riz au bambou), le pa p\u1ec9nh t\u1ed9p (poisson grill\u00e9),\u2026<br \/>\nEn f\u00e9vrier, c\u2019est la saison des fleurs de p\u00eacher et des fleurs de prunier.<br \/>\nVous pouvez marcher sur des collines verdoyantes, contempler les fleurs et prendre des belles photos. <br \/>\nCertains endroits \u00e0 ne pas rater \u00e0 Moc Chau: le village de Thong Cuong, la cascade Dai Yem, les grottes, la colline de th\u00e9 de Moc Chau, les villages des groupes ethniques.<\/p>\n<h3><img loading=\"lazy\" decoding=\"async\" class=\"size-large wp-image-4168 aligncenter\" src=\"https:\/\/www.amotravel.fr\/wp-content\/uploads\/2018\/10\/cai-trang-moc-chau-2-700x443.jpg\" alt=\"\" width=\"640\" height=\"405\" srcset=\"https:\/\/www.amotravel.com\/fr\/wp-content\/uploads\/2018\/10\/cai-trang-moc-chau-2-700x443.jpg 700w, https:\/\/www.amotravel.com\/fr\/wp-content\/uploads\/2018\/10\/cai-trang-moc-chau-2-300x190.jpg 300w, https:\/\/www.amotravel.com\/fr\/wp-content\/uploads\/2018\/10\/cai-trang-moc-chau-2.jpg 870w\" sizes=\"(max-width: 640px) 100vw, 640px\" \/><\/h3>\n<figure id=\"attachment_4545\" aria-describedby=\"caption-attachment-4545\" style=\"width: 640px\" class=\"wp-caption aligncenter\"><img loading=\"lazy\" decoding=\"async\" class=\"size-large wp-image-4545\" src=\"https:\/\/www.amotravel.fr\/wp-content\/uploads\/2016\/10\/moc-chau3-700x490.jpg\" alt=\"la saison des fleurs de prunier en janvier, en f\u00e9vrier \u00e0 Son La\" width=\"640\" height=\"448\" srcset=\"https:\/\/www.amotravel.com\/fr\/wp-content\/uploads\/2016\/10\/moc-chau3-700x490.jpg 700w, https:\/\/www.amotravel.com\/fr\/wp-content\/uploads\/2016\/10\/moc-chau3-300x210.jpg 300w, https:\/\/www.amotravel.com\/fr\/wp-content\/uploads\/2016\/10\/moc-chau3.jpg 800w\" sizes=\"(max-width: 640px) 100vw, 640px\" \/><figcaption id=\"caption-attachment-4545\" class=\"wp-caption-text\">des fleurs de prunier en janvier, en f\u00e9vrier \u00e0 Son La<\/figcaption><\/figure>\n<h3><img loading=\"lazy\" decoding=\"async\" class=\"size-large wp-image-4540 aligncenter\" src=\"https:\/\/www.amotravel.fr\/wp-content\/uploads\/2016\/10\/moc-chau-2-700x465.jpg\" alt=\"\" width=\"640\" height=\"425\" srcset=\"https:\/\/www.amotravel.com\/fr\/wp-content\/uploads\/2016\/10\/moc-chau-2-700x465.jpg 700w, https:\/\/www.amotravel.com\/fr\/wp-content\/uploads\/2016\/10\/moc-chau-2-300x199.jpg 300w, https:\/\/www.amotravel.com\/fr\/wp-content\/uploads\/2016\/10\/moc-chau-2-150x100.jpg 150w, https:\/\/www.amotravel.com\/fr\/wp-content\/uploads\/2016\/10\/moc-chau-2-200x133.jpg 200w, https:\/\/www.amotravel.com\/fr\/wp-content\/uploads\/2016\/10\/moc-chau-2-250x166.jpg 250w, https:\/\/www.amotravel.com\/fr\/wp-content\/uploads\/2016\/10\/moc-chau-2.jpg 800w\" sizes=\"(max-width: 640px) 100vw, 640px\" \/><\/h3>\n<h3>Ninh Binh<\/h3>\n<p>\nSitu\u00e9e \u00e0 l&rsquo;extr\u00e9mit\u00e9 sud du delta du fleuve Rouge, la province de Ninh Binh est connue sous le nom de baie d\u2019Halong terrestre. Elle est entour\u00e9e par la province de Hoa Binh, de Ha Nam, de Nam Dinh \u00e0 l&rsquo;est et de Thanh Hoa. <br \/>\nNinh Binh repr\u00e9sente des villages ruraux typiques de la r\u00e9gion du Nord avec de vastes rizi\u00e8res vertes, de pittoresques collines calcaires, de rizi\u00e8res \u00e9meraude, des montagnes. Ninh Binh est une ancienne capitale du Vietnam au 10\u00e8me si\u00e8cle, il refl\u00e8te 1000 ans d&rsquo;histoire et de d\u00e9veloppement du Vietnam.<br \/>\nLe complex paysager de Trang An, Tam Coc, la r\u00e9serve naturelle de Van Long sont des sites incontournables \u00e0 Ninh Binh.<\/p>\n<h3><img loading=\"lazy\" decoding=\"async\" class=\"aligncenter wp-image-4453\" src=\"https:\/\/www.amotravel.fr\/wp-content\/uploads\/2016\/06\/shutterstock_544743832.jpg\" alt=\"un batelier dans la reserve naturelle de Van long \u00e0 ninh binh\" width=\"640\" height=\"427\" srcset=\"https:\/\/www.amotravel.com\/fr\/wp-content\/uploads\/2016\/06\/shutterstock_544743832.jpg 600w, https:\/\/www.amotravel.com\/fr\/wp-content\/uploads\/2016\/06\/shutterstock_544743832-300x200.jpg 300w, https:\/\/www.amotravel.com\/fr\/wp-content\/uploads\/2016\/06\/shutterstock_544743832-150x100.jpg 150w, https:\/\/www.amotravel.com\/fr\/wp-content\/uploads\/2016\/06\/shutterstock_544743832-200x133.jpg 200w, https:\/\/www.amotravel.com\/fr\/wp-content\/uploads\/2016\/06\/shutterstock_544743832-250x166.jpg 250w\" sizes=\"(max-width: 640px) 100vw, 640px\" \/><\/h3>\n<h3><img loading=\"lazy\" decoding=\"async\" class=\"aligncenter wp-image-4451\" src=\"https:\/\/www.amotravel.fr\/wp-content\/uploads\/2016\/06\/shutterstock_334876262.jpg\" alt=\"\" width=\"640\" height=\"427\" srcset=\"https:\/\/www.amotravel.com\/fr\/wp-content\/uploads\/2016\/06\/shutterstock_334876262.jpg 600w, https:\/\/www.amotravel.com\/fr\/wp-content\/uploads\/2016\/06\/shutterstock_334876262-300x200.jpg 300w, https:\/\/www.amotravel.com\/fr\/wp-content\/uploads\/2016\/06\/shutterstock_334876262-150x100.jpg 150w, https:\/\/www.amotravel.com\/fr\/wp-content\/uploads\/2016\/06\/shutterstock_334876262-200x133.jpg 200w, https:\/\/www.amotravel.com\/fr\/wp-content\/uploads\/2016\/06\/shutterstock_334876262-250x166.jpg 250w\" sizes=\"(max-width: 640px) 100vw, 640px\" \/><\/h3>\n<h3>Le delta du M\u00e9kong<\/h3>\n<p><figure id=\"attachment_1202\" aria-describedby=\"caption-attachment-1202\" style=\"width: 640px\" class=\"wp-caption aligncenter\"><img loading=\"lazy\" decoding=\"async\" class=\"size-large wp-image-1202\" src=\"https:\/\/www.amotravel.fr\/wp-content\/uploads\/2016\/05\/The-Mekong-Delta-9826-700x467.jpg\" alt=\"le march\u00e9 flottant dans le delta du M\u00e9kong\" width=\"640\" height=\"427\" srcset=\"https:\/\/www.amotravel.com\/fr\/wp-content\/uploads\/2016\/05\/The-Mekong-Delta-9826-700x467.jpg 700w, https:\/\/www.amotravel.com\/fr\/wp-content\/uploads\/2016\/05\/The-Mekong-Delta-9826-300x200.jpg 300w, https:\/\/www.amotravel.com\/fr\/wp-content\/uploads\/2016\/05\/The-Mekong-Delta-9826-378x252.jpg 378w, https:\/\/www.amotravel.com\/fr\/wp-content\/uploads\/2016\/05\/The-Mekong-Delta-9826.jpg 1024w\" sizes=\"(max-width: 640px) 100vw, 640px\" \/><figcaption id=\"caption-attachment-1202\" class=\"wp-caption-text\">le march\u00e9 flottant dans le delta du M\u00e9kong<\/figcaption><\/figure> <figure id=\"attachment_4360\" aria-describedby=\"caption-attachment-4360\" style=\"width: 640px\" class=\"wp-caption aligncenter\"><img loading=\"lazy\" decoding=\"async\" class=\"size-full wp-image-4360\" src=\"https:\/\/www.amotravel.fr\/wp-content\/uploads\/2016\/06\/shutterstock_673335853.jpg\" alt=\"le march\u00e9 flottant \u00e0 C\u1ea7n Th\u01a1 dans le delta du Mekong\" width=\"640\" height=\"350\" srcset=\"https:\/\/www.amotravel.com\/fr\/wp-content\/uploads\/2016\/06\/shutterstock_673335853.jpg 640w, https:\/\/www.amotravel.com\/fr\/wp-content\/uploads\/2016\/06\/shutterstock_673335853-300x164.jpg 300w\" sizes=\"(max-width: 640px) 100vw, 640px\" \/><figcaption id=\"caption-attachment-4360\" class=\"wp-caption-text\">le march\u00e9 flottant \u00e0 C\u1ea7n Th\u01a1 dans le delta du Mekong<\/figcaption><\/figure><\/p>\n<p>\nSitu\u00e9 dans le sud du Vietnam, le delta du M\u00e9kong est connu comme \u00abun vaste bol de riz du Vietnam\u00bb, qui abrite des march\u00e9s flottants, des pagodes khm\u00e8res et des villages entour\u00e9s de <br \/>\nrizi\u00e8res. Lors de votre visite au Delta du M\u00e9kong en f\u00e9vrier, les niveaux d\u2019eau sont suffisamment \u00e9lev\u00e9s pour les excursions en bateaux et les promenades \u00e0 la voile. C&rsquo;est une bonne occasion de regarder la vie fluviale occup\u00e9e.<br \/>\nPlus de la moiti\u00e9 du riz et du poisson vietnamiens proviennent de la r\u00e9gion du delta. C&rsquo;est vital pour l&rsquo;\u00e9conomie et le r\u00e9gime vietnamiens.Une incroyable vari\u00e9t\u00e9 de fruits, de fleurs et de b\u00e9tail pousse dans la r\u00e9gion. <br \/>\nSi vous voyagez au Vietnam en f\u00e9vrier, vous pourrez plonger dans les activit\u00e9s quotidiennes des habitants locaux, participer aux f\u00eates traditionnelles. C\u2019est l\u2019un des meilleurs mois durant toute l\u2019ann\u00e9e pour d\u00e9couvrir le pays.<\/p>\n","protected":false},"excerpt":{"rendered":"<p>M\u00e9t\u00e9o au Vietnam en f\u00e9vrier Nord du Vietnam Temp\u00e9rature moyenne: 17 \u00b0 C Il fait relativement fra\u00ees. Les pr\u00e9cipitations sont les plus basses bien qu&rsquo;une brume brumeuse puisse apparaitre dans les zones c\u00f4ti\u00e8res et \u00e0 la baie d&rsquo;Halong. Il fait sec et froid et parfois brumeuses, surtout la nuit; il vaut mieux de porter des [&hellip;]<\/p>\n","protected":false},"author":4,"featured_media":4453,"comment_status":"open","ping_status":"open","sticky":false,"template":"","format":"standard","meta":{"footnotes":""},"categories":[1],"tags":[298,299,300,296,297],"class_list":["post-4556","post","type-post","status-publish","format-standard","has-post-thumbnail","hentry","category-bon-plan-voyage","tag-endroits-a-ne-pas-rater-au-vietnam","tag-meilleur-moment-pour-visiter-le-vietnam","tag-meilleure-periode-pour-visiter-le-vietnam","tag-meilleures-destinations-au-vietnam","tag-sites-incontournables-au-vietnam"],"yoast_head":"<!-- This site is optimized with the Yoast SEO plugin v24.7 - https:\/\/yoast.com\/wordpress\/plugins\/seo\/ -->\n<title>Top de 3 sites \u00e0 ne pas rater en f\u00e9vrier au Vietnam - Amo Travel<\/title>\n<meta name=\"description\" content=\"Si vous voyagez au Vietnam en f\u00e9vrier, vous pourrez plonger dans la vie quotidienne des habitants. C\u2019est l\u2019un des meilleurs mois pour d\u00e9couvrir le pays.\" \/>\n<meta name=\"robots\" content=\"index, follow, max-snippet:-1, max-image-preview:large, max-video-preview:-1\" \/>\n<link rel=\"canonical\" href=\"https:\/\/www.amotravel.com\/fr\/sites-a-ne-pas-rater-en-fevrier-au-vietnam\/\" \/>\n<meta property=\"og:locale\" content=\"fr_FR\" \/>\n<meta property=\"og:type\" content=\"article\" \/>\n<meta property=\"og:title\" content=\"Top de 3 sites \u00e0 ne pas rater en f\u00e9vrier au Vietnam - Amo Travel\" \/>\n<meta property=\"og:description\" content=\"Si vous voyagez au Vietnam en f\u00e9vrier, vous pourrez plonger dans la vie quotidienne des habitants. C\u2019est l\u2019un des meilleurs mois pour d\u00e9couvrir le pays.\" \/>\n<meta property=\"og:url\" content=\"https:\/\/www.amotravel.com\/fr\/sites-a-ne-pas-rater-en-fevrier-au-vietnam\/\" \/>\n<meta property=\"og:site_name\" content=\"Amo Travel\" \/>\n<meta property=\"article:published_time\" content=\"2019-01-07T09:59:36+00:00\" \/>\n<meta property=\"og:image\" content=\"https:\/\/www.amotravel.com\/fr\/wp-content\/uploads\/2016\/06\/shutterstock_544743832.jpg\" \/>\n\t<meta property=\"og:image:width\" content=\"600\" \/>\n\t<meta property=\"og:image:height\" content=\"400\" \/>\n\t<meta property=\"og:image:type\" content=\"image\/jpeg\" \/>\n<meta name=\"author\" content=\"Trung Nguy\u1ec5n\" \/>\n<meta name=\"twitter:card\" content=\"summary_large_image\" \/>\n<meta name=\"twitter:label1\" content=\"\u00c9crit par\" \/>\n\t<meta name=\"twitter:data1\" content=\"Trung Nguy\u1ec5n\" \/>\n\t<meta name=\"twitter:label2\" content=\"Dur\u00e9e de lecture estim\u00e9e\" \/>\n\t<meta name=\"twitter:data2\" content=\"4 minutes\" \/>\n<script type=\"application\/ld+json\" class=\"yoast-schema-graph\">{\"@context\":\"https:\/\/schema.org\",\"@graph\":[{\"@type\":\"Article\",\"@id\":\"https:\/\/www.amotravel.com\/fr\/sites-a-ne-pas-rater-en-fevrier-au-vietnam\/#article\",\"isPartOf\":{\"@id\":\"https:\/\/www.amotravel.com\/fr\/sites-a-ne-pas-rater-en-fevrier-au-vietnam\/\"},\"author\":{\"name\":\"Trung Nguy\u1ec5n\",\"@id\":\"https:\/\/www.amotravel.com\/fr\/#\/schema\/person\/bf6d66ebd645d863eb9d8a97e4bebfac\"},\"headline\":\"Top de 3 sites \u00e0 ne pas rater en f\u00e9vrier au Vietnam\",\"datePublished\":\"2019-01-07T09:59:36+00:00\",\"mainEntityOfPage\":{\"@id\":\"https:\/\/www.amotravel.com\/fr\/sites-a-ne-pas-rater-en-fevrier-au-vietnam\/\"},\"wordCount\":756,\"commentCount\":0,\"publisher\":{\"@id\":\"https:\/\/www.amotravel.com\/fr\/#organization\"},\"image\":{\"@id\":\"https:\/\/www.amotravel.com\/fr\/sites-a-ne-pas-rater-en-fevrier-au-vietnam\/#primaryimage\"},\"thumbnailUrl\":\"https:\/\/www.amotravel.com\/fr\/wp-content\/uploads\/2016\/06\/shutterstock_544743832.jpg\",\"keywords\":[\"endroits a ne pas rater au vietnam\",\"meilleur moment pour visiter le vietnam\",\"meilleure periode pour visiter le vietnam\",\"meilleures destinations au vietnam\",\"sites incontournables au vietnam\"],\"articleSection\":[\"Bon Plan Voyage\"],\"inLanguage\":\"fr-FR\",\"potentialAction\":[{\"@type\":\"CommentAction\",\"name\":\"Comment\",\"target\":[\"https:\/\/www.amotravel.com\/fr\/sites-a-ne-pas-rater-en-fevrier-au-vietnam\/#respond\"]}]},{\"@type\":\"WebPage\",\"@id\":\"https:\/\/www.amotravel.com\/fr\/sites-a-ne-pas-rater-en-fevrier-au-vietnam\/\",\"url\":\"https:\/\/www.amotravel.com\/fr\/sites-a-ne-pas-rater-en-fevrier-au-vietnam\/\",\"name\":\"Top de 3 sites \u00e0 ne pas rater en f\u00e9vrier au Vietnam - Amo Travel\",\"isPartOf\":{\"@id\":\"https:\/\/www.amotravel.com\/fr\/#website\"},\"primaryImageOfPage\":{\"@id\":\"https:\/\/www.amotravel.com\/fr\/sites-a-ne-pas-rater-en-fevrier-au-vietnam\/#primaryimage\"},\"image\":{\"@id\":\"https:\/\/www.amotravel.com\/fr\/sites-a-ne-pas-rater-en-fevrier-au-vietnam\/#primaryimage\"},\"thumbnailUrl\":\"https:\/\/www.amotravel.com\/fr\/wp-content\/uploads\/2016\/06\/shutterstock_544743832.jpg\",\"datePublished\":\"2019-01-07T09:59:36+00:00\",\"description\":\"Si vous voyagez au Vietnam en f\u00e9vrier, vous pourrez plonger dans la vie quotidienne des habitants. C\u2019est l\u2019un des meilleurs mois pour d\u00e9couvrir le pays.\",\"breadcrumb\":{\"@id\":\"https:\/\/www.amotravel.com\/fr\/sites-a-ne-pas-rater-en-fevrier-au-vietnam\/#breadcrumb\"},\"inLanguage\":\"fr-FR\",\"potentialAction\":[{\"@type\":\"ReadAction\",\"target\":[\"https:\/\/www.amotravel.com\/fr\/sites-a-ne-pas-rater-en-fevrier-au-vietnam\/\"]}]},{\"@type\":\"ImageObject\",\"inLanguage\":\"fr-FR\",\"@id\":\"https:\/\/www.amotravel.com\/fr\/sites-a-ne-pas-rater-en-fevrier-au-vietnam\/#primaryimage\",\"url\":\"https:\/\/www.amotravel.com\/fr\/wp-content\/uploads\/2016\/06\/shutterstock_544743832.jpg\",\"contentUrl\":\"https:\/\/www.amotravel.com\/fr\/wp-content\/uploads\/2016\/06\/shutterstock_544743832.jpg\",\"width\":600,\"height\":400},{\"@type\":\"BreadcrumbList\",\"@id\":\"https:\/\/www.amotravel.com\/fr\/sites-a-ne-pas-rater-en-fevrier-au-vietnam\/#breadcrumb\",\"itemListElement\":[{\"@type\":\"ListItem\",\"position\":1,\"name\":\"Accueil\",\"item\":\"https:\/\/www.amotravel.com\/fr\/\"},{\"@type\":\"ListItem\",\"position\":2,\"name\":\"Top de 3 sites \u00e0 ne pas rater en f\u00e9vrier au Vietnam\"}]},{\"@type\":\"WebSite\",\"@id\":\"https:\/\/www.amotravel.com\/fr\/#website\",\"url\":\"https:\/\/www.amotravel.com\/fr\/\",\"name\":\"Amo Travel\",\"description\":\"\",\"publisher\":{\"@id\":\"https:\/\/www.amotravel.com\/fr\/#organization\"},\"potentialAction\":[{\"@type\":\"SearchAction\",\"target\":{\"@type\":\"EntryPoint\",\"urlTemplate\":\"https:\/\/www.amotravel.com\/fr\/?s={search_term_string}\"},\"query-input\":{\"@type\":\"PropertyValueSpecification\",\"valueRequired\":true,\"valueName\":\"search_term_string\"}}],\"inLanguage\":\"fr-FR\"},{\"@type\":\"Organization\",\"@id\":\"https:\/\/www.amotravel.com\/fr\/#organization\",\"name\":\"Amo Travel\",\"url\":\"https:\/\/www.amotravel.com\/fr\/\",\"logo\":{\"@type\":\"ImageObject\",\"inLanguage\":\"fr-FR\",\"@id\":\"https:\/\/www.amotravel.com\/fr\/#\/schema\/logo\/image\/\",\"url\":\"https:\/\/www.amotravel.com\/fr\/wp-content\/uploads\/2016\/07\/Logo-ATV-No-Slogan.png\",\"contentUrl\":\"https:\/\/www.amotravel.com\/fr\/wp-content\/uploads\/2016\/07\/Logo-ATV-No-Slogan.png\",\"width\":536,\"height\":85,\"caption\":\"Amo Travel\"},\"image\":{\"@id\":\"https:\/\/www.amotravel.com\/fr\/#\/schema\/logo\/image\/\"}},{\"@type\":\"Person\",\"@id\":\"https:\/\/www.amotravel.com\/fr\/#\/schema\/person\/bf6d66ebd645d863eb9d8a97e4bebfac\",\"name\":\"Trung Nguy\u1ec5n\",\"image\":{\"@type\":\"ImageObject\",\"inLanguage\":\"fr-FR\",\"@id\":\"https:\/\/www.amotravel.com\/fr\/#\/schema\/person\/image\/\",\"url\":\"https:\/\/secure.gravatar.com\/avatar\/6dbce1139567a66fd774e8d6119baf5c?s=96&d=mm&r=g\",\"contentUrl\":\"https:\/\/secure.gravatar.com\/avatar\/6dbce1139567a66fd774e8d6119baf5c?s=96&d=mm&r=g\",\"caption\":\"Trung Nguy\u1ec5n\"},\"url\":\"https:\/\/www.amotravel.com\/fr\/author\/trungnguyen\/\"}]}<\/script>\n<!-- \/ Yoast SEO plugin. -->","yoast_head_json":{"title":"Top de 3 sites \u00e0 ne pas rater en f\u00e9vrier au Vietnam - Amo Travel","description":"Si vous voyagez au Vietnam en f\u00e9vrier, vous pourrez plonger dans la vie quotidienne des habitants. C\u2019est l\u2019un des meilleurs mois pour d\u00e9couvrir le pays.","robots":{"index":"index","follow":"follow","max-snippet":"max-snippet:-1","max-image-preview":"max-image-preview:large","max-video-preview":"max-video-preview:-1"},"canonical":"https:\/\/www.amotravel.com\/fr\/sites-a-ne-pas-rater-en-fevrier-au-vietnam\/","og_locale":"fr_FR","og_type":"article","og_title":"Top de 3 sites \u00e0 ne pas rater en f\u00e9vrier au Vietnam - Amo Travel","og_description":"Si vous voyagez au Vietnam en f\u00e9vrier, vous pourrez plonger dans la vie quotidienne des habitants. C\u2019est l\u2019un des meilleurs mois pour d\u00e9couvrir le pays.","og_url":"https:\/\/www.amotravel.com\/fr\/sites-a-ne-pas-rater-en-fevrier-au-vietnam\/","og_site_name":"Amo Travel","article_published_time":"2019-01-07T09:59:36+00:00","og_image":[{"width":600,"height":400,"url":"https:\/\/www.amotravel.com\/fr\/wp-content\/uploads\/2016\/06\/shutterstock_544743832.jpg","type":"image\/jpeg"}],"author":"Trung Nguy\u1ec5n","twitter_card":"summary_large_image","twitter_misc":{"\u00c9crit par":"Trung Nguy\u1ec5n","Dur\u00e9e de lecture estim\u00e9e":"4 minutes"},"schema":{"@context":"https:\/\/schema.org","@graph":[{"@type":"Article","@id":"https:\/\/www.amotravel.com\/fr\/sites-a-ne-pas-rater-en-fevrier-au-vietnam\/#article","isPartOf":{"@id":"https:\/\/www.amotravel.com\/fr\/sites-a-ne-pas-rater-en-fevrier-au-vietnam\/"},"author":{"name":"Trung Nguy\u1ec5n","@id":"https:\/\/www.amotravel.com\/fr\/#\/schema\/person\/bf6d66ebd645d863eb9d8a97e4bebfac"},"headline":"Top de 3 sites \u00e0 ne pas rater en f\u00e9vrier au Vietnam","datePublished":"2019-01-07T09:59:36+00:00","mainEntityOfPage":{"@id":"https:\/\/www.amotravel.com\/fr\/sites-a-ne-pas-rater-en-fevrier-au-vietnam\/"},"wordCount":756,"commentCount":0,"publisher":{"@id":"https:\/\/www.amotravel.com\/fr\/#organization"},"image":{"@id":"https:\/\/www.amotravel.com\/fr\/sites-a-ne-pas-rater-en-fevrier-au-vietnam\/#primaryimage"},"thumbnailUrl":"https:\/\/www.amotravel.com\/fr\/wp-content\/uploads\/2016\/06\/shutterstock_544743832.jpg","keywords":["endroits a ne pas rater au vietnam","meilleur moment pour visiter le vietnam","meilleure periode pour visiter le vietnam","meilleures destinations au vietnam","sites incontournables au vietnam"],"articleSection":["Bon Plan Voyage"],"inLanguage":"fr-FR","potentialAction":[{"@type":"CommentAction","name":"Comment","target":["https:\/\/www.amotravel.com\/fr\/sites-a-ne-pas-rater-en-fevrier-au-vietnam\/#respond"]}]},{"@type":"WebPage","@id":"https:\/\/www.amotravel.com\/fr\/sites-a-ne-pas-rater-en-fevrier-au-vietnam\/","url":"https:\/\/www.amotravel.com\/fr\/sites-a-ne-pas-rater-en-fevrier-au-vietnam\/","name":"Top de 3 sites \u00e0 ne pas rater en f\u00e9vrier au Vietnam - Amo Travel","isPartOf":{"@id":"https:\/\/www.amotravel.com\/fr\/#website"},"primaryImageOfPage":{"@id":"https:\/\/www.amotravel.com\/fr\/sites-a-ne-pas-rater-en-fevrier-au-vietnam\/#primaryimage"},"image":{"@id":"https:\/\/www.amotravel.com\/fr\/sites-a-ne-pas-rater-en-fevrier-au-vietnam\/#primaryimage"},"thumbnailUrl":"https:\/\/www.amotravel.com\/fr\/wp-content\/uploads\/2016\/06\/shutterstock_544743832.jpg","datePublished":"2019-01-07T09:59:36+00:00","description":"Si vous voyagez au Vietnam en f\u00e9vrier, vous pourrez plonger dans la vie quotidienne des habitants. C\u2019est l\u2019un des meilleurs mois pour d\u00e9couvrir le pays.","breadcrumb":{"@id":"https:\/\/www.amotravel.com\/fr\/sites-a-ne-pas-rater-en-fevrier-au-vietnam\/#breadcrumb"},"inLanguage":"fr-FR","potentialAction":[{"@type":"ReadAction","target":["https:\/\/www.amotravel.com\/fr\/sites-a-ne-pas-rater-en-fevrier-au-vietnam\/"]}]},{"@type":"ImageObject","inLanguage":"fr-FR","@id":"https:\/\/www.amotravel.com\/fr\/sites-a-ne-pas-rater-en-fevrier-au-vietnam\/#primaryimage","url":"https:\/\/www.amotravel.com\/fr\/wp-content\/uploads\/2016\/06\/shutterstock_544743832.jpg","contentUrl":"https:\/\/www.amotravel.com\/fr\/wp-content\/uploads\/2016\/06\/shutterstock_544743832.jpg","width":600,"height":400},{"@type":"BreadcrumbList","@id":"https:\/\/www.amotravel.com\/fr\/sites-a-ne-pas-rater-en-fevrier-au-vietnam\/#breadcrumb","itemListElement":[{"@type":"ListItem","position":1,"name":"Accueil","item":"https:\/\/www.amotravel.com\/fr\/"},{"@type":"ListItem","position":2,"name":"Top de 3 sites \u00e0 ne pas rater en f\u00e9vrier au Vietnam"}]},{"@type":"WebSite","@id":"https:\/\/www.amotravel.com\/fr\/#website","url":"https:\/\/www.amotravel.com\/fr\/","name":"Amo Travel","description":"","publisher":{"@id":"https:\/\/www.amotravel.com\/fr\/#organization"},"potentialAction":[{"@type":"SearchAction","target":{"@type":"EntryPoint","urlTemplate":"https:\/\/www.amotravel.com\/fr\/?s={search_term_string}"},"query-input":{"@type":"PropertyValueSpecification","valueRequired":true,"valueName":"search_term_string"}}],"inLanguage":"fr-FR"},{"@type":"Organization","@id":"https:\/\/www.amotravel.com\/fr\/#organization","name":"Amo Travel","url":"https:\/\/www.amotravel.com\/fr\/","logo":{"@type":"ImageObject","inLanguage":"fr-FR","@id":"https:\/\/www.amotravel.com\/fr\/#\/schema\/logo\/image\/","url":"https:\/\/www.amotravel.com\/fr\/wp-content\/uploads\/2016\/07\/Logo-ATV-No-Slogan.png","contentUrl":"https:\/\/www.amotravel.com\/fr\/wp-content\/uploads\/2016\/07\/Logo-ATV-No-Slogan.png","width":536,"height":85,"caption":"Amo Travel"},"image":{"@id":"https:\/\/www.amotravel.com\/fr\/#\/schema\/logo\/image\/"}},{"@type":"Person","@id":"https:\/\/www.amotravel.com\/fr\/#\/schema\/person\/bf6d66ebd645d863eb9d8a97e4bebfac","name":"Trung Nguy\u1ec5n","image":{"@type":"ImageObject","inLanguage":"fr-FR","@id":"https:\/\/www.amotravel.com\/fr\/#\/schema\/person\/image\/","url":"https:\/\/secure.gravatar.com\/avatar\/6dbce1139567a66fd774e8d6119baf5c?s=96&d=mm&r=g","contentUrl":"https:\/\/secure.gravatar.com\/avatar\/6dbce1139567a66fd774e8d6119baf5c?s=96&d=mm&r=g","caption":"Trung Nguy\u1ec5n"},"url":"https:\/\/www.amotravel.com\/fr\/author\/trungnguyen\/"}]}},"_links":{"self":[{"href":"https:\/\/www.amotravel.com\/fr\/wp-json\/wp\/v2\/posts\/4556","targetHints":{"allow":["GET"]}}],"collection":[{"href":"https:\/\/www.amotravel.com\/fr\/wp-json\/wp\/v2\/posts"}],"about":[{"href":"https:\/\/www.amotravel.com\/fr\/wp-json\/wp\/v2\/types\/post"}],"author":[{"embeddable":true,"href":"https:\/\/www.amotravel.com\/fr\/wp-json\/wp\/v2\/users\/4"}],"replies":[{"embeddable":true,"href":"https:\/\/www.amotravel.com\/fr\/wp-json\/wp\/v2\/comments?post=4556"}],"version-history":[{"count":1,"href":"https:\/\/www.amotravel.com\/fr\/wp-json\/wp\/v2\/posts\/4556\/revisions"}],"predecessor-version":[{"id":4557,"href":"https:\/\/www.amotravel.com\/fr\/wp-json\/wp\/v2\/posts\/4556\/revisions\/4557"}],"wp:featuredmedia":[{"embeddable":true,"href":"https:\/\/www.amotravel.com\/fr\/wp-json\/wp\/v2\/media\/4453"}],"wp:attachment":[{"href":"https:\/\/www.amotravel.com\/fr\/wp-json\/wp\/v2\/media?parent=4556"}],"wp:term":[{"taxonomy":"category","embeddable":true,"href":"https:\/\/www.amotravel.com\/fr\/wp-json\/wp\/v2\/categories?post=4556"},{"taxonomy":"post_tag","embeddable":true,"href":"https:\/\/www.amotravel.com\/fr\/wp-json\/wp\/v2\/tags?post=4556"}],"curies":[{"name":"wp","href":"https:\/\/api.w.org\/{rel}","templated":true}]}}