{"id":4471,"date":"2018-12-17T08:10:08","date_gmt":"2018-12-17T08:10:08","guid":{"rendered":"https:\/\/www.amotravel.fr\/?p=4471"},"modified":"2019-08-31T12:21:58","modified_gmt":"2019-08-31T12:21:58","slug":"le-marche-de-lung-phin-le-marche-ethnique-le-plus-interessant-a-ha-giang","status":"publish","type":"post","link":"https:\/\/www.amotravel.com\/fr\/le-marche-de-lung-phin-le-marche-ethnique-le-plus-interessant-a-ha-giang\/","title":{"rendered":"Le march\u00e9 de Lung Phin &#8211; Le March\u00e9 ethnique le plus int\u00e9ressant \u00e0 Ha Giang"},"content":{"rendered":"<p>Situ\u00e9 dans la province de Ha Giang, le march\u00e9 de Lung Phin est un des march\u00e9s les plus c\u00e9l\u00e8bres pour les groupes ethniques de Ha Giang et les plus attrayants pour les touristes. <br \/>\nCe march\u00e9 est non seulement une foire pour \u00e9changer les produits et mais aussi \u00ab la foire de l\u2019amour \u00bb pour les jeunes.<\/p>\n<p>Le jour du march\u00e9 est bas\u00e9 sur les 12 animaux du calendrier lunaire. La foire de Lung Phin se d\u00e9roule seulement les jours du singe et des jours du tigre chaque semaine. Si la foire a lieu le 1er ao\u00fbt, vous devez ajouter 6 jours, la foire suivante aura lieu le 7 ao\u00fbt. La foire de Lung Phin n\u2019a lieu que dans la journ\u00e9e, commence \u00e0 05h00 du matin et se termine \u00e0 15h00-16h00.<\/p>\n<p>D\u00e8s l&rsquo;aube de la foire, des gens de tous les villages du district de Lung Phin et des r\u00e9gions voisines apportent des paniers de marchandises \u00e0 vendre \u00e0 la foire de Lung Phin. Ils vont au march\u00e9 avec tous les moyens de transport: \u00e0 pied, \u00e0 cheval et en moto. Les enfants suivent \u00e9galement leurs m\u00e8res pour aider les m\u00e8res \u00e0 livrer les articles au march\u00e9.<\/p>\n<figure id=\"attachment_4123\" aria-describedby=\"caption-attachment-4123\" style=\"width: 499px\" class=\"wp-caption aligncenter\"><img fetchpriority=\"high\" decoding=\"async\" class=\"wp-image-4123\" src=\"https:\/\/www.amotravel.fr\/wp-content\/uploads\/2018\/09\/Lung-Phin-Market-6.jpg\" alt=\"\" width=\"499\" height=\"750\" srcset=\"https:\/\/www.amotravel.com\/fr\/wp-content\/uploads\/2018\/09\/Lung-Phin-Market-6.jpg 800w, https:\/\/www.amotravel.com\/fr\/wp-content\/uploads\/2018\/09\/Lung-Phin-Market-6-200x300.jpg 200w, https:\/\/www.amotravel.com\/fr\/wp-content\/uploads\/2018\/09\/Lung-Phin-Market-6-399x600.jpg 399w\" sizes=\"(max-width: 499px) 100vw, 499px\" \/><figcaption id=\"caption-attachment-4123\" class=\"wp-caption-text\">Les filles ethniques avec ses v\u00eatements traditionnels<\/figcaption><\/figure>\n<p>Dans Lung Phin, les marchandises les plus courants sont les produits alimentaires tels que le riz, les l\u00e9gumes, la viande, les ustensiles, les mat\u00e9riaux pour la culture, les v\u00eatements, les textiles\u2026 Les articles sont principalement artisanaux- tr\u00e8s beaux et originaux. <br \/>\nCe march\u00e9 est aussi un lieu id\u00e9al pour \u00e9changer des biens, peut-\u00eatre des buffles, des cochons,&#8230; Beaucoup de gens apportent au march\u00e9 un poulet, une douzaine d&rsquo;oeufs, ou simplement quelques paquets de canne \u00e0 sucre, des l\u00e9gumes dans les jardins. Les sp\u00e9cialit\u00e9s telles que le miel de menthe, le th\u00e9 de neige Lung Phin, l\u2019alcool de ma\u00efs, le poulet des collines, le brocart\u2026 sont un choix primordial pour les voyageurs.<\/p>\n<p><img decoding=\"async\" class=\"aligncenter wp-image-4933 size-full\" src=\"https:\/\/www.amotravel.fr\/wp-content\/uploads\/2019\/08\/marche-lung-phin-1.jpg\" alt=\"\" width=\"550\" height=\"870\" srcset=\"https:\/\/www.amotravel.com\/fr\/wp-content\/uploads\/2019\/08\/marche-lung-phin-1.jpg 550w, https:\/\/www.amotravel.com\/fr\/wp-content\/uploads\/2019\/08\/marche-lung-phin-1-190x300.jpg 190w, https:\/\/www.amotravel.com\/fr\/wp-content\/uploads\/2019\/08\/marche-lung-phin-1-379x600.jpg 379w\" sizes=\"(max-width: 550px) 100vw, 550px\" \/><br \/>\nLung Phin se termine quand tous les produits \u00ab sont \u00e9puis\u00e9s \u00bb. En ce moment, tout le monde va s&rsquo;asseoir ensemble et boire du vin et manger \u00abthang co\u00bb &#8211; un plat traditionnel des ethnies minoritaires fabriqu\u00e9 \u00e0 partir du cheval.La foire de Lung Phin est connue sous le nom de foire de l\u2019amour des jeunes. Les jeunes des villages y r\u00e9unissent pour s\u2019amuser, bavarder, participer aux activit\u00e9s traditionnelles et trouver des amoureux.<br \/>\nEn visitant cette foire, vous pouvez rencontrer les jeunes hommes avec les costumes originaux des ethnies minoritaires; les filles d\u2019Hmong avec les jolis v\u00eatements color\u00e9s ou des bijoux argent\u00e9s des filles de Dao Rouge &#8230;<br \/>\nLe march\u00e9 de Lung Phin est l\u2019occasion de rassembler, de rencontrer et d\u2019\u00e9changer entre 16 communaut\u00e9s ethniques sur les hautes terres rocheuses de Ha Giang. C\u2019est une foire unique du nord au Vietnam !<\/p>\n<p><figure id=\"attachment_4125\" aria-describedby=\"caption-attachment-4125\" style=\"width: 640px\" class=\"wp-caption aligncenter\"><img decoding=\"async\" class=\"wp-image-4125\" src=\"https:\/\/www.amotravel.fr\/wp-content\/uploads\/2018\/09\/Lung-Phin-Market-8-700x466.jpg\" alt=\"\" width=\"640\" height=\"426\" srcset=\"https:\/\/www.amotravel.com\/fr\/wp-content\/uploads\/2018\/09\/Lung-Phin-Market-8-700x466.jpg 700w, https:\/\/www.amotravel.com\/fr\/wp-content\/uploads\/2018\/09\/Lung-Phin-Market-8-300x200.jpg 300w, https:\/\/www.amotravel.com\/fr\/wp-content\/uploads\/2018\/09\/Lung-Phin-Market-8-150x100.jpg 150w, https:\/\/www.amotravel.com\/fr\/wp-content\/uploads\/2018\/09\/Lung-Phin-Market-8-200x133.jpg 200w, https:\/\/www.amotravel.com\/fr\/wp-content\/uploads\/2018\/09\/Lung-Phin-Market-8-250x166.jpg 250w, https:\/\/www.amotravel.com\/fr\/wp-content\/uploads\/2018\/09\/Lung-Phin-Market-8.jpg 1202w\" sizes=\"(max-width: 640px) 100vw, 640px\" \/><figcaption id=\"caption-attachment-4125\" class=\"wp-caption-text\">On vend les cochons dans la foire de Lung Phin<\/figcaption><\/figure> <figure id=\"attachment_4126\" aria-describedby=\"caption-attachment-4126\" style=\"width: 640px\" class=\"wp-caption aligncenter\"><img loading=\"lazy\" decoding=\"async\" class=\"wp-image-4126 size-large\" src=\"https:\/\/www.amotravel.fr\/wp-content\/uploads\/2018\/09\/Lung-Phin-Market-10-700x466.jpg\" alt=\"On vend d'encens \u00e0 la foire Lung Phin\" width=\"640\" height=\"426\" srcset=\"https:\/\/www.amotravel.com\/fr\/wp-content\/uploads\/2018\/09\/Lung-Phin-Market-10-700x466.jpg 700w, https:\/\/www.amotravel.com\/fr\/wp-content\/uploads\/2018\/09\/Lung-Phin-Market-10-300x200.jpg 300w, https:\/\/www.amotravel.com\/fr\/wp-content\/uploads\/2018\/09\/Lung-Phin-Market-10-150x100.jpg 150w, https:\/\/www.amotravel.com\/fr\/wp-content\/uploads\/2018\/09\/Lung-Phin-Market-10-200x133.jpg 200w, https:\/\/www.amotravel.com\/fr\/wp-content\/uploads\/2018\/09\/Lung-Phin-Market-10-250x166.jpg 250w, https:\/\/www.amotravel.com\/fr\/wp-content\/uploads\/2018\/09\/Lung-Phin-Market-10.jpg 1202w\" sizes=\"(max-width: 640px) 100vw, 640px\" \/><figcaption id=\"caption-attachment-4126\" class=\"wp-caption-text\">On vend d&rsquo;encens \u00e0 la foire Lung Phin<\/figcaption><\/figure><\/p>\n<p><img loading=\"lazy\" decoding=\"async\" class=\"size-large wp-image-4124 aligncenter\" src=\"https:\/\/www.amotravel.fr\/wp-content\/uploads\/2018\/09\/Lung-Phin-Market-7-700x466.jpg\" alt=\"\" width=\"640\" height=\"426\" srcset=\"https:\/\/www.amotravel.com\/fr\/wp-content\/uploads\/2018\/09\/Lung-Phin-Market-7-700x466.jpg 700w, https:\/\/www.amotravel.com\/fr\/wp-content\/uploads\/2018\/09\/Lung-Phin-Market-7-300x200.jpg 300w, https:\/\/www.amotravel.com\/fr\/wp-content\/uploads\/2018\/09\/Lung-Phin-Market-7-150x100.jpg 150w, https:\/\/www.amotravel.com\/fr\/wp-content\/uploads\/2018\/09\/Lung-Phin-Market-7-200x133.jpg 200w, https:\/\/www.amotravel.com\/fr\/wp-content\/uploads\/2018\/09\/Lung-Phin-Market-7-250x166.jpg 250w, https:\/\/www.amotravel.com\/fr\/wp-content\/uploads\/2018\/09\/Lung-Phin-Market-7.jpg 1202w\" sizes=\"(max-width: 640px) 100vw, 640px\" \/><br \/>\nSi vous voulez d\u00e9couvrir ce march\u00e9 original et <a href=\"https:\/\/www.amotravel.fr\/voyage\/vietnam\/sur-la-route-des-photographes\/\">les voyages<\/a><a href=\"https:\/\/www.amotravel.fr\/voyage\/vietnam\/sur-la-route-des-photographes\/\"> incontournables<\/a> de Ha Giang, contactez-nous pour planifier ensemble les itin\u00e9raires uniques pour vous!<\/p>\n","protected":false},"excerpt":{"rendered":"<p>Situ\u00e9 dans la province de Ha Giang, le march\u00e9 de Lung Phin est un des march\u00e9s les plus c\u00e9l\u00e8bres pour les groupes ethniques de Ha Giang et les plus attrayants pour les touristes. Ce march\u00e9 est non seulement une foire pour \u00e9changer les produits et mais aussi \u00ab la foire de l\u2019amour \u00bb pour les [&hellip;]<\/p>\n","protected":false},"author":4,"featured_media":4926,"comment_status":"open","ping_status":"open","sticky":false,"template":"","format":"standard","meta":{"footnotes":""},"categories":[277,340,329],"tags":[298,296,297],"class_list":["post-4471","post","type-post","status-publish","format-standard","has-post-thumbnail","hentry","category-coups-de-coeur","category-ha-giang","category-nord-du-vietnam","tag-endroits-a-ne-pas-rater-au-vietnam","tag-meilleures-destinations-au-vietnam","tag-sites-incontournables-au-vietnam"],"yoast_head":"<!-- This site is optimized with the Yoast SEO plugin v24.7 - https:\/\/yoast.com\/wordpress\/plugins\/seo\/ -->\n<title>Le march\u00e9 Lung Phin - le plus int\u00e9ressant \u00e0 Ha Giang | Amo Travel<\/title>\n<meta name=\"description\" content=\"Le march\u00e9 de Lung Phin est un des march\u00e9s les plus c\u00e9l\u00e8bres pour les groupes ethniques de Ha Giang et les plus attrayants pour les touristes.\" \/>\n<meta name=\"robots\" content=\"index, follow, max-snippet:-1, max-image-preview:large, max-video-preview:-1\" \/>\n<link rel=\"canonical\" href=\"https:\/\/www.amotravel.com\/fr\/le-marche-de-lung-phin-le-marche-ethnique-le-plus-interessant-a-ha-giang\/\" \/>\n<meta property=\"og:locale\" content=\"fr_FR\" \/>\n<meta property=\"og:type\" content=\"article\" \/>\n<meta property=\"og:title\" content=\"Le march\u00e9 Lung Phin - le plus int\u00e9ressant \u00e0 Ha Giang | Amo Travel\" \/>\n<meta property=\"og:description\" content=\"Le march\u00e9 de Lung Phin est un des march\u00e9s les plus c\u00e9l\u00e8bres pour les groupes ethniques de Ha Giang et les plus attrayants pour les touristes.\" \/>\n<meta property=\"og:url\" content=\"https:\/\/www.amotravel.com\/fr\/le-marche-de-lung-phin-le-marche-ethnique-le-plus-interessant-a-ha-giang\/\" \/>\n<meta property=\"og:site_name\" content=\"Amo Travel\" \/>\n<meta property=\"article:published_time\" content=\"2018-12-17T08:10:08+00:00\" \/>\n<meta property=\"article:modified_time\" content=\"2019-08-31T12:21:58+00:00\" \/>\n<meta property=\"og:image\" content=\"https:\/\/www.amotravel.com\/fr\/wp-content\/uploads\/2019\/08\/marche-de-lung-phin-10.jpg\" \/>\n\t<meta property=\"og:image:width\" content=\"870\" \/>\n\t<meta property=\"og:image:height\" content=\"550\" \/>\n\t<meta property=\"og:image:type\" content=\"image\/jpeg\" \/>\n<meta name=\"author\" content=\"Trung Nguy\u1ec5n\" \/>\n<meta name=\"twitter:card\" content=\"summary_large_image\" \/>\n<meta name=\"twitter:label1\" content=\"\u00c9crit par\" \/>\n\t<meta name=\"twitter:data1\" content=\"Trung Nguy\u1ec5n\" \/>\n\t<meta name=\"twitter:label2\" content=\"Dur\u00e9e de lecture estim\u00e9e\" \/>\n\t<meta name=\"twitter:data2\" content=\"3 minutes\" \/>\n<script type=\"application\/ld+json\" class=\"yoast-schema-graph\">{\"@context\":\"https:\/\/schema.org\",\"@graph\":[{\"@type\":\"Article\",\"@id\":\"https:\/\/www.amotravel.com\/fr\/le-marche-de-lung-phin-le-marche-ethnique-le-plus-interessant-a-ha-giang\/#article\",\"isPartOf\":{\"@id\":\"https:\/\/www.amotravel.com\/fr\/le-marche-de-lung-phin-le-marche-ethnique-le-plus-interessant-a-ha-giang\/\"},\"author\":{\"name\":\"Trung Nguy\u1ec5n\",\"@id\":\"https:\/\/www.amotravel.com\/fr\/#\/schema\/person\/bf6d66ebd645d863eb9d8a97e4bebfac\"},\"headline\":\"Le march\u00e9 de Lung Phin &#8211; Le March\u00e9 ethnique le plus int\u00e9ressant \u00e0 Ha Giang\",\"datePublished\":\"2018-12-17T08:10:08+00:00\",\"dateModified\":\"2019-08-31T12:21:58+00:00\",\"mainEntityOfPage\":{\"@id\":\"https:\/\/www.amotravel.com\/fr\/le-marche-de-lung-phin-le-marche-ethnique-le-plus-interessant-a-ha-giang\/\"},\"wordCount\":559,\"commentCount\":0,\"publisher\":{\"@id\":\"https:\/\/www.amotravel.com\/fr\/#organization\"},\"image\":{\"@id\":\"https:\/\/www.amotravel.com\/fr\/le-marche-de-lung-phin-le-marche-ethnique-le-plus-interessant-a-ha-giang\/#primaryimage\"},\"thumbnailUrl\":\"https:\/\/www.amotravel.com\/fr\/wp-content\/uploads\/2019\/08\/marche-de-lung-phin-10.jpg\",\"keywords\":[\"endroits a ne pas rater au vietnam\",\"meilleures destinations au vietnam\",\"sites incontournables au vietnam\"],\"articleSection\":[\"Coups De Coeur\",\"Ha Giang\",\"Nord Vietnam\"],\"inLanguage\":\"fr-FR\",\"potentialAction\":[{\"@type\":\"CommentAction\",\"name\":\"Comment\",\"target\":[\"https:\/\/www.amotravel.com\/fr\/le-marche-de-lung-phin-le-marche-ethnique-le-plus-interessant-a-ha-giang\/#respond\"]}]},{\"@type\":\"WebPage\",\"@id\":\"https:\/\/www.amotravel.com\/fr\/le-marche-de-lung-phin-le-marche-ethnique-le-plus-interessant-a-ha-giang\/\",\"url\":\"https:\/\/www.amotravel.com\/fr\/le-marche-de-lung-phin-le-marche-ethnique-le-plus-interessant-a-ha-giang\/\",\"name\":\"Le march\u00e9 Lung Phin - le plus int\u00e9ressant \u00e0 Ha Giang | Amo Travel\",\"isPartOf\":{\"@id\":\"https:\/\/www.amotravel.com\/fr\/#website\"},\"primaryImageOfPage\":{\"@id\":\"https:\/\/www.amotravel.com\/fr\/le-marche-de-lung-phin-le-marche-ethnique-le-plus-interessant-a-ha-giang\/#primaryimage\"},\"image\":{\"@id\":\"https:\/\/www.amotravel.com\/fr\/le-marche-de-lung-phin-le-marche-ethnique-le-plus-interessant-a-ha-giang\/#primaryimage\"},\"thumbnailUrl\":\"https:\/\/www.amotravel.com\/fr\/wp-content\/uploads\/2019\/08\/marche-de-lung-phin-10.jpg\",\"datePublished\":\"2018-12-17T08:10:08+00:00\",\"dateModified\":\"2019-08-31T12:21:58+00:00\",\"description\":\"Le march\u00e9 de Lung Phin est un des march\u00e9s les plus c\u00e9l\u00e8bres pour les groupes ethniques de Ha Giang et les plus attrayants pour les touristes.\",\"breadcrumb\":{\"@id\":\"https:\/\/www.amotravel.com\/fr\/le-marche-de-lung-phin-le-marche-ethnique-le-plus-interessant-a-ha-giang\/#breadcrumb\"},\"inLanguage\":\"fr-FR\",\"potentialAction\":[{\"@type\":\"ReadAction\",\"target\":[\"https:\/\/www.amotravel.com\/fr\/le-marche-de-lung-phin-le-marche-ethnique-le-plus-interessant-a-ha-giang\/\"]}]},{\"@type\":\"ImageObject\",\"inLanguage\":\"fr-FR\",\"@id\":\"https:\/\/www.amotravel.com\/fr\/le-marche-de-lung-phin-le-marche-ethnique-le-plus-interessant-a-ha-giang\/#primaryimage\",\"url\":\"https:\/\/www.amotravel.com\/fr\/wp-content\/uploads\/2019\/08\/marche-de-lung-phin-10.jpg\",\"contentUrl\":\"https:\/\/www.amotravel.com\/fr\/wp-content\/uploads\/2019\/08\/marche-de-lung-phin-10.jpg\",\"width\":870,\"height\":550},{\"@type\":\"BreadcrumbList\",\"@id\":\"https:\/\/www.amotravel.com\/fr\/le-marche-de-lung-phin-le-marche-ethnique-le-plus-interessant-a-ha-giang\/#breadcrumb\",\"itemListElement\":[{\"@type\":\"ListItem\",\"position\":1,\"name\":\"Accueil\",\"item\":\"https:\/\/www.amotravel.com\/fr\/\"},{\"@type\":\"ListItem\",\"position\":2,\"name\":\"Le march\u00e9 de Lung Phin &#8211; Le March\u00e9 ethnique le plus int\u00e9ressant \u00e0 Ha Giang\"}]},{\"@type\":\"WebSite\",\"@id\":\"https:\/\/www.amotravel.com\/fr\/#website\",\"url\":\"https:\/\/www.amotravel.com\/fr\/\",\"name\":\"Amo Travel\",\"description\":\"\",\"publisher\":{\"@id\":\"https:\/\/www.amotravel.com\/fr\/#organization\"},\"potentialAction\":[{\"@type\":\"SearchAction\",\"target\":{\"@type\":\"EntryPoint\",\"urlTemplate\":\"https:\/\/www.amotravel.com\/fr\/?s={search_term_string}\"},\"query-input\":{\"@type\":\"PropertyValueSpecification\",\"valueRequired\":true,\"valueName\":\"search_term_string\"}}],\"inLanguage\":\"fr-FR\"},{\"@type\":\"Organization\",\"@id\":\"https:\/\/www.amotravel.com\/fr\/#organization\",\"name\":\"Amo Travel\",\"url\":\"https:\/\/www.amotravel.com\/fr\/\",\"logo\":{\"@type\":\"ImageObject\",\"inLanguage\":\"fr-FR\",\"@id\":\"https:\/\/www.amotravel.com\/fr\/#\/schema\/logo\/image\/\",\"url\":\"https:\/\/www.amotravel.com\/fr\/wp-content\/uploads\/2016\/07\/Logo-ATV-No-Slogan.png\",\"contentUrl\":\"https:\/\/www.amotravel.com\/fr\/wp-content\/uploads\/2016\/07\/Logo-ATV-No-Slogan.png\",\"width\":536,\"height\":85,\"caption\":\"Amo Travel\"},\"image\":{\"@id\":\"https:\/\/www.amotravel.com\/fr\/#\/schema\/logo\/image\/\"}},{\"@type\":\"Person\",\"@id\":\"https:\/\/www.amotravel.com\/fr\/#\/schema\/person\/bf6d66ebd645d863eb9d8a97e4bebfac\",\"name\":\"Trung Nguy\u1ec5n\",\"image\":{\"@type\":\"ImageObject\",\"inLanguage\":\"fr-FR\",\"@id\":\"https:\/\/www.amotravel.com\/fr\/#\/schema\/person\/image\/\",\"url\":\"https:\/\/secure.gravatar.com\/avatar\/6dbce1139567a66fd774e8d6119baf5c?s=96&d=mm&r=g\",\"contentUrl\":\"https:\/\/secure.gravatar.com\/avatar\/6dbce1139567a66fd774e8d6119baf5c?s=96&d=mm&r=g\",\"caption\":\"Trung Nguy\u1ec5n\"},\"url\":\"https:\/\/www.amotravel.com\/fr\/author\/trungnguyen\/\"}]}<\/script>\n<!-- \/ Yoast SEO plugin. -->","yoast_head_json":{"title":"Le march\u00e9 Lung Phin - le plus int\u00e9ressant \u00e0 Ha Giang | Amo Travel","description":"Le march\u00e9 de Lung Phin est un des march\u00e9s les plus c\u00e9l\u00e8bres pour les groupes ethniques de Ha Giang et les plus attrayants pour les touristes.","robots":{"index":"index","follow":"follow","max-snippet":"max-snippet:-1","max-image-preview":"max-image-preview:large","max-video-preview":"max-video-preview:-1"},"canonical":"https:\/\/www.amotravel.com\/fr\/le-marche-de-lung-phin-le-marche-ethnique-le-plus-interessant-a-ha-giang\/","og_locale":"fr_FR","og_type":"article","og_title":"Le march\u00e9 Lung Phin - le plus int\u00e9ressant \u00e0 Ha Giang | Amo Travel","og_description":"Le march\u00e9 de Lung Phin est un des march\u00e9s les plus c\u00e9l\u00e8bres pour les groupes ethniques de Ha Giang et les plus attrayants pour les touristes.","og_url":"https:\/\/www.amotravel.com\/fr\/le-marche-de-lung-phin-le-marche-ethnique-le-plus-interessant-a-ha-giang\/","og_site_name":"Amo Travel","article_published_time":"2018-12-17T08:10:08+00:00","article_modified_time":"2019-08-31T12:21:58+00:00","og_image":[{"width":870,"height":550,"url":"https:\/\/www.amotravel.com\/fr\/wp-content\/uploads\/2019\/08\/marche-de-lung-phin-10.jpg","type":"image\/jpeg"}],"author":"Trung Nguy\u1ec5n","twitter_card":"summary_large_image","twitter_misc":{"\u00c9crit par":"Trung Nguy\u1ec5n","Dur\u00e9e de lecture estim\u00e9e":"3 minutes"},"schema":{"@context":"https:\/\/schema.org","@graph":[{"@type":"Article","@id":"https:\/\/www.amotravel.com\/fr\/le-marche-de-lung-phin-le-marche-ethnique-le-plus-interessant-a-ha-giang\/#article","isPartOf":{"@id":"https:\/\/www.amotravel.com\/fr\/le-marche-de-lung-phin-le-marche-ethnique-le-plus-interessant-a-ha-giang\/"},"author":{"name":"Trung Nguy\u1ec5n","@id":"https:\/\/www.amotravel.com\/fr\/#\/schema\/person\/bf6d66ebd645d863eb9d8a97e4bebfac"},"headline":"Le march\u00e9 de Lung Phin &#8211; Le March\u00e9 ethnique le plus int\u00e9ressant \u00e0 Ha Giang","datePublished":"2018-12-17T08:10:08+00:00","dateModified":"2019-08-31T12:21:58+00:00","mainEntityOfPage":{"@id":"https:\/\/www.amotravel.com\/fr\/le-marche-de-lung-phin-le-marche-ethnique-le-plus-interessant-a-ha-giang\/"},"wordCount":559,"commentCount":0,"publisher":{"@id":"https:\/\/www.amotravel.com\/fr\/#organization"},"image":{"@id":"https:\/\/www.amotravel.com\/fr\/le-marche-de-lung-phin-le-marche-ethnique-le-plus-interessant-a-ha-giang\/#primaryimage"},"thumbnailUrl":"https:\/\/www.amotravel.com\/fr\/wp-content\/uploads\/2019\/08\/marche-de-lung-phin-10.jpg","keywords":["endroits a ne pas rater au vietnam","meilleures destinations au vietnam","sites incontournables au vietnam"],"articleSection":["Coups De Coeur","Ha Giang","Nord Vietnam"],"inLanguage":"fr-FR","potentialAction":[{"@type":"CommentAction","name":"Comment","target":["https:\/\/www.amotravel.com\/fr\/le-marche-de-lung-phin-le-marche-ethnique-le-plus-interessant-a-ha-giang\/#respond"]}]},{"@type":"WebPage","@id":"https:\/\/www.amotravel.com\/fr\/le-marche-de-lung-phin-le-marche-ethnique-le-plus-interessant-a-ha-giang\/","url":"https:\/\/www.amotravel.com\/fr\/le-marche-de-lung-phin-le-marche-ethnique-le-plus-interessant-a-ha-giang\/","name":"Le march\u00e9 Lung Phin - le plus int\u00e9ressant \u00e0 Ha Giang | Amo Travel","isPartOf":{"@id":"https:\/\/www.amotravel.com\/fr\/#website"},"primaryImageOfPage":{"@id":"https:\/\/www.amotravel.com\/fr\/le-marche-de-lung-phin-le-marche-ethnique-le-plus-interessant-a-ha-giang\/#primaryimage"},"image":{"@id":"https:\/\/www.amotravel.com\/fr\/le-marche-de-lung-phin-le-marche-ethnique-le-plus-interessant-a-ha-giang\/#primaryimage"},"thumbnailUrl":"https:\/\/www.amotravel.com\/fr\/wp-content\/uploads\/2019\/08\/marche-de-lung-phin-10.jpg","datePublished":"2018-12-17T08:10:08+00:00","dateModified":"2019-08-31T12:21:58+00:00","description":"Le march\u00e9 de Lung Phin est un des march\u00e9s les plus c\u00e9l\u00e8bres pour les groupes ethniques de Ha Giang et les plus attrayants pour les touristes.","breadcrumb":{"@id":"https:\/\/www.amotravel.com\/fr\/le-marche-de-lung-phin-le-marche-ethnique-le-plus-interessant-a-ha-giang\/#breadcrumb"},"inLanguage":"fr-FR","potentialAction":[{"@type":"ReadAction","target":["https:\/\/www.amotravel.com\/fr\/le-marche-de-lung-phin-le-marche-ethnique-le-plus-interessant-a-ha-giang\/"]}]},{"@type":"ImageObject","inLanguage":"fr-FR","@id":"https:\/\/www.amotravel.com\/fr\/le-marche-de-lung-phin-le-marche-ethnique-le-plus-interessant-a-ha-giang\/#primaryimage","url":"https:\/\/www.amotravel.com\/fr\/wp-content\/uploads\/2019\/08\/marche-de-lung-phin-10.jpg","contentUrl":"https:\/\/www.amotravel.com\/fr\/wp-content\/uploads\/2019\/08\/marche-de-lung-phin-10.jpg","width":870,"height":550},{"@type":"BreadcrumbList","@id":"https:\/\/www.amotravel.com\/fr\/le-marche-de-lung-phin-le-marche-ethnique-le-plus-interessant-a-ha-giang\/#breadcrumb","itemListElement":[{"@type":"ListItem","position":1,"name":"Accueil","item":"https:\/\/www.amotravel.com\/fr\/"},{"@type":"ListItem","position":2,"name":"Le march\u00e9 de Lung Phin &#8211; Le March\u00e9 ethnique le plus int\u00e9ressant \u00e0 Ha Giang"}]},{"@type":"WebSite","@id":"https:\/\/www.amotravel.com\/fr\/#website","url":"https:\/\/www.amotravel.com\/fr\/","name":"Amo Travel","description":"","publisher":{"@id":"https:\/\/www.amotravel.com\/fr\/#organization"},"potentialAction":[{"@type":"SearchAction","target":{"@type":"EntryPoint","urlTemplate":"https:\/\/www.amotravel.com\/fr\/?s={search_term_string}"},"query-input":{"@type":"PropertyValueSpecification","valueRequired":true,"valueName":"search_term_string"}}],"inLanguage":"fr-FR"},{"@type":"Organization","@id":"https:\/\/www.amotravel.com\/fr\/#organization","name":"Amo Travel","url":"https:\/\/www.amotravel.com\/fr\/","logo":{"@type":"ImageObject","inLanguage":"fr-FR","@id":"https:\/\/www.amotravel.com\/fr\/#\/schema\/logo\/image\/","url":"https:\/\/www.amotravel.com\/fr\/wp-content\/uploads\/2016\/07\/Logo-ATV-No-Slogan.png","contentUrl":"https:\/\/www.amotravel.com\/fr\/wp-content\/uploads\/2016\/07\/Logo-ATV-No-Slogan.png","width":536,"height":85,"caption":"Amo Travel"},"image":{"@id":"https:\/\/www.amotravel.com\/fr\/#\/schema\/logo\/image\/"}},{"@type":"Person","@id":"https:\/\/www.amotravel.com\/fr\/#\/schema\/person\/bf6d66ebd645d863eb9d8a97e4bebfac","name":"Trung Nguy\u1ec5n","image":{"@type":"ImageObject","inLanguage":"fr-FR","@id":"https:\/\/www.amotravel.com\/fr\/#\/schema\/person\/image\/","url":"https:\/\/secure.gravatar.com\/avatar\/6dbce1139567a66fd774e8d6119baf5c?s=96&d=mm&r=g","contentUrl":"https:\/\/secure.gravatar.com\/avatar\/6dbce1139567a66fd774e8d6119baf5c?s=96&d=mm&r=g","caption":"Trung Nguy\u1ec5n"},"url":"https:\/\/www.amotravel.com\/fr\/author\/trungnguyen\/"}]}},"_links":{"self":[{"href":"https:\/\/www.amotravel.com\/fr\/wp-json\/wp\/v2\/posts\/4471","targetHints":{"allow":["GET"]}}],"collection":[{"href":"https:\/\/www.amotravel.com\/fr\/wp-json\/wp\/v2\/posts"}],"about":[{"href":"https:\/\/www.amotravel.com\/fr\/wp-json\/wp\/v2\/types\/post"}],"author":[{"embeddable":true,"href":"https:\/\/www.amotravel.com\/fr\/wp-json\/wp\/v2\/users\/4"}],"replies":[{"embeddable":true,"href":"https:\/\/www.amotravel.com\/fr\/wp-json\/wp\/v2\/comments?post=4471"}],"version-history":[{"count":7,"href":"https:\/\/www.amotravel.com\/fr\/wp-json\/wp\/v2\/posts\/4471\/revisions"}],"predecessor-version":[{"id":4939,"href":"https:\/\/www.amotravel.com\/fr\/wp-json\/wp\/v2\/posts\/4471\/revisions\/4939"}],"wp:featuredmedia":[{"embeddable":true,"href":"https:\/\/www.amotravel.com\/fr\/wp-json\/wp\/v2\/media\/4926"}],"wp:attachment":[{"href":"https:\/\/www.amotravel.com\/fr\/wp-json\/wp\/v2\/media?parent=4471"}],"wp:term":[{"taxonomy":"category","embeddable":true,"href":"https:\/\/www.amotravel.com\/fr\/wp-json\/wp\/v2\/categories?post=4471"},{"taxonomy":"post_tag","embeddable":true,"href":"https:\/\/www.amotravel.com\/fr\/wp-json\/wp\/v2\/tags?post=4471"}],"curies":[{"name":"wp","href":"https:\/\/api.w.org\/{rel}","templated":true}]}}