{"id":4446,"date":"2018-12-17T03:39:23","date_gmt":"2018-12-17T03:39:23","guid":{"rendered":"https:\/\/www.amotravel.fr\/?p=4446"},"modified":"2018-12-17T08:03:58","modified_gmt":"2018-12-17T08:03:58","slug":"le-marche-de-can-cau","status":"publish","type":"post","link":"https:\/\/www.amotravel.com\/fr\/le-marche-de-can-cau\/","title":{"rendered":"Le march\u00e9 de Can Cau &#8211; Lao Cai"},"content":{"rendered":"<p>Le march\u00e9 de Can Cau se trouve dans le quartier de Si Ma Cai de la province de Lao Cai. C\u2019est l&rsquo;un des march\u00e9s ethniques les plus c\u00e9l\u00e8bres de cette r\u00e9gion. <br \/>\nSi vous voulez sortir de la vie urbaine bruyante, plonger dans les activit\u00e9s quotidiennes des habitants locaux, d\u00e9couvrir les valeurs culturelles uniques de Sapa, le march\u00e9 de Can Cau est un choix id\u00e9al.<br \/>\nSitu\u00e9 \u00e0 environ 40 km de Bac Ha et \u00e0 9 km de la fronti\u00e8re chinoise, ce march\u00e9 color\u00e9 est un lieu d&rsquo;\u00e9change de biens entre les peuples minoritaires tels que l\u2019Hmong floral (Hmong rouge), le Nung, le Tay, le Hoa, le Dao noir et le Phu La. Les ethnies sont des pi\u00e9tons, des cavaliers transportant des produits textiles, des produits agricoles et du b\u00e9tail &#8230; <br \/>\nLe march\u00e9 de Can Cau a lieu tous les samedis. Il commence t\u00f4t (vers 6h00) et finit en d\u00e9but d&rsquo;apr\u00e8s-midi. Cette foire est organis\u00e9e selon les pratiques commerciales des Dao.<br \/>\nLe march\u00e9 de Can Cau est entour\u00e9 par les for\u00eats luxuriantes et les rizi\u00e8res en terrasses. Ici, vous pouvez contempler une foire color\u00e9e, voir les jeunes filles des groupes ethniques en costumes traditionnels et d\u00e9couvrir la vie quotidienne des habitants.<br \/>\nLe march\u00e9 est divis\u00e9 en plusieurs zones distinctes pour toutes sortes d\u2019articles. Ces produits comprennent des herbes aromatiques v\u00e9g\u00e9tales, des \u00e9pices, des tissus, des ustensiles, les sp\u00e9cialit\u00e9s locaux, les produits de brocart color\u00e9s,&#8230;<br \/>\nCe march\u00e9 est tr\u00e8s r\u00e9put\u00e9 pour l&rsquo;artisanat artisanal, l&rsquo;un des march\u00e9s les plus spectaculaires de la r\u00e9gion. Les beaux produits de brocart fabriqu\u00e9s par des femmes d\u2019Hmong sont les articles plus pr\u00e9f\u00e9r\u00e9s. <br \/>\nIl existe un tr\u00e8s grand espace pour la vente de buffles. Le march\u00e9 de Can Cau est \u00e9galement connu comme le plus grand march\u00e9 pour les buffles dans les r\u00e9gions montagneuses du nord au Vietnam. Le buffle est consid\u00e9r\u00e9 comme un tr\u00e9sor de famille de H&rsquo;mong, utilis\u00e9 pour labourer toutes les champs de riz, tirer le bois dans les montagnes. Il faut au moins 3 ans pour \u00e9lever un petit buffle jusqu&rsquo;\u00e0 300 kg. Un tel buffle mature co\u00fbte environ 1500 $. Gr\u00e2ce aux buffles, la vie des ethnies minoritaires de Si Ma Cai est am\u00e9lior\u00e9e. <br \/>\nEn outre, la zone r\u00e9serv\u00e9e aux plats traditionnels des ethnies est extr\u00eamement int\u00e9ressante. En d\u00e9couvrant la cuisine ethnique, vous ne pouvez pas rater le \u00ab Thang co \u00bb &#8211; une sorte de soupe fabriqu\u00e9e essentiellement \u00e0 partir de la viande de cheval. C&rsquo;est l&rsquo;un des plats traditionnels originaux de la minorit\u00e9 ethnique du nord au Vietnam. En particulier, le vin de ma\u00efs est une sp\u00e9cialit\u00e9 \u00e0 ne pas rater lors d\u2019un voyage \u00e0 Bac Ha (Lao Cai). <br \/>\nApr\u00e8s avoir d\u00e9couvert le march\u00e9 de Can Cau, vous pouvez faire le trekking dans les villages voisins et visiter les sites incontournables de cette r\u00e9gion.<br \/>\nLe march\u00e9 Can Cau est l\u2019un des march\u00e9s les plus color\u00e9s et les plus attrayants de Lao Cai. C\u2019est une destination \u00e0 ne pas rater lors de votre voyage au Vietnam. <br \/>\nSi vous \u00eates int\u00e9ress\u00e9, n\u2019h\u00e9sitez pas \u00e0 consulter nos itin\u00e9raires pour d\u00e9couvrir Lao Cai, Bac Ha et en particulier, le march\u00e9 de Can Cau :\u00a0<a href=\"https:\/\/www.amotravel.fr\/voyage\/vietnam\/randonnee-et-rencontre-des-ethnies-a-sapa-et-bac-ha\/\">Randonn\u00e9e et rencontre des ethnies \u00e0 Sapa et Bac Ha<\/a><br \/>\nN\u2019h\u00e9sitez pas \u00e0 nous contacter pour planifier ensemble un programme unique pour vous!<\/p>\n","protected":false},"excerpt":{"rendered":"<p>Le march\u00e9 de Can Cau se trouve dans le quartier de Si Ma Cai de la province de Lao Cai. C\u2019est l&rsquo;un des march\u00e9s ethniques les plus c\u00e9l\u00e8bres de cette r\u00e9gion. Si vous voulez sortir de la vie urbaine bruyante, plonger dans les activit\u00e9s quotidiennes des habitants locaux, d\u00e9couvrir les valeurs culturelles uniques de Sapa, [&hellip;]<\/p>\n","protected":false},"author":4,"featured_media":1853,"comment_status":"open","ping_status":"open","sticky":false,"template":"","format":"standard","meta":{"footnotes":""},"categories":[277],"tags":[298,296,297],"class_list":["post-4446","post","type-post","status-publish","format-standard","has-post-thumbnail","hentry","category-coups-de-coeur","tag-endroits-a-ne-pas-rater-au-vietnam","tag-meilleures-destinations-au-vietnam","tag-sites-incontournables-au-vietnam"],"yoast_head":"<!-- This site is optimized with the Yoast SEO plugin v24.7 - https:\/\/yoast.com\/wordpress\/plugins\/seo\/ -->\n<title>Le march\u00e9 de Can Cau - Voyage du nord au Vietnam- Amo Travel<\/title>\n<meta name=\"description\" content=\"Le march\u00e9 de Can Cau est l&#039;un des march\u00e9s ethniques les plus les plus color\u00e9s, les plus attrayants et le plus c\u00e9l\u00e8bre de Lao Cai\" \/>\n<meta name=\"robots\" content=\"index, follow, max-snippet:-1, max-image-preview:large, max-video-preview:-1\" \/>\n<link rel=\"canonical\" href=\"https:\/\/www.amotravel.com\/fr\/le-marche-de-can-cau\/\" \/>\n<meta property=\"og:locale\" content=\"fr_FR\" \/>\n<meta property=\"og:type\" content=\"article\" \/>\n<meta property=\"og:title\" content=\"Le march\u00e9 de Can Cau - Voyage du nord au Vietnam- Amo Travel\" \/>\n<meta property=\"og:description\" content=\"Le march\u00e9 de Can Cau est l&#039;un des march\u00e9s ethniques les plus les plus color\u00e9s, les plus attrayants et le plus c\u00e9l\u00e8bre de Lao Cai\" \/>\n<meta property=\"og:url\" content=\"https:\/\/www.amotravel.com\/fr\/le-marche-de-can-cau\/\" \/>\n<meta property=\"og:site_name\" content=\"Amo Travel\" \/>\n<meta property=\"article:published_time\" content=\"2018-12-17T03:39:23+00:00\" \/>\n<meta property=\"article:modified_time\" content=\"2018-12-17T08:03:58+00:00\" \/>\n<meta property=\"og:image\" content=\"https:\/\/www.amotravel.com\/fr\/wp-content\/uploads\/2016\/06\/il-mercato-di-can-cau-sapa.jpg\" \/>\n\t<meta property=\"og:image:width\" content=\"499\" \/>\n\t<meta property=\"og:image:height\" content=\"333\" \/>\n\t<meta property=\"og:image:type\" content=\"image\/jpeg\" \/>\n<meta name=\"author\" content=\"Trung Nguy\u1ec5n\" \/>\n<meta name=\"twitter:card\" content=\"summary_large_image\" \/>\n<meta name=\"twitter:label1\" content=\"\u00c9crit par\" \/>\n\t<meta name=\"twitter:data1\" content=\"Trung Nguy\u1ec5n\" \/>\n\t<meta name=\"twitter:label2\" content=\"Dur\u00e9e de lecture estim\u00e9e\" \/>\n\t<meta name=\"twitter:data2\" content=\"3 minutes\" \/>\n<script type=\"application\/ld+json\" class=\"yoast-schema-graph\">{\"@context\":\"https:\/\/schema.org\",\"@graph\":[{\"@type\":\"Article\",\"@id\":\"https:\/\/www.amotravel.com\/fr\/le-marche-de-can-cau\/#article\",\"isPartOf\":{\"@id\":\"https:\/\/www.amotravel.com\/fr\/le-marche-de-can-cau\/\"},\"author\":{\"name\":\"Trung Nguy\u1ec5n\",\"@id\":\"https:\/\/www.amotravel.com\/fr\/#\/schema\/person\/bf6d66ebd645d863eb9d8a97e4bebfac\"},\"headline\":\"Le march\u00e9 de Can Cau &#8211; Lao Cai\",\"datePublished\":\"2018-12-17T03:39:23+00:00\",\"dateModified\":\"2018-12-17T08:03:58+00:00\",\"mainEntityOfPage\":{\"@id\":\"https:\/\/www.amotravel.com\/fr\/le-marche-de-can-cau\/\"},\"wordCount\":606,\"commentCount\":0,\"publisher\":{\"@id\":\"https:\/\/www.amotravel.com\/fr\/#organization\"},\"image\":{\"@id\":\"https:\/\/www.amotravel.com\/fr\/le-marche-de-can-cau\/#primaryimage\"},\"thumbnailUrl\":\"https:\/\/www.amotravel.com\/fr\/wp-content\/uploads\/2016\/06\/il-mercato-di-can-cau-sapa.jpg\",\"keywords\":[\"endroits a ne pas rater au vietnam\",\"meilleures destinations au vietnam\",\"sites incontournables au vietnam\"],\"articleSection\":[\"Coups De Coeur\"],\"inLanguage\":\"fr-FR\",\"potentialAction\":[{\"@type\":\"CommentAction\",\"name\":\"Comment\",\"target\":[\"https:\/\/www.amotravel.com\/fr\/le-marche-de-can-cau\/#respond\"]}]},{\"@type\":\"WebPage\",\"@id\":\"https:\/\/www.amotravel.com\/fr\/le-marche-de-can-cau\/\",\"url\":\"https:\/\/www.amotravel.com\/fr\/le-marche-de-can-cau\/\",\"name\":\"Le march\u00e9 de Can Cau - Voyage du nord au Vietnam- Amo Travel\",\"isPartOf\":{\"@id\":\"https:\/\/www.amotravel.com\/fr\/#website\"},\"primaryImageOfPage\":{\"@id\":\"https:\/\/www.amotravel.com\/fr\/le-marche-de-can-cau\/#primaryimage\"},\"image\":{\"@id\":\"https:\/\/www.amotravel.com\/fr\/le-marche-de-can-cau\/#primaryimage\"},\"thumbnailUrl\":\"https:\/\/www.amotravel.com\/fr\/wp-content\/uploads\/2016\/06\/il-mercato-di-can-cau-sapa.jpg\",\"datePublished\":\"2018-12-17T03:39:23+00:00\",\"dateModified\":\"2018-12-17T08:03:58+00:00\",\"description\":\"Le march\u00e9 de Can Cau est l'un des march\u00e9s ethniques les plus les plus color\u00e9s, les plus attrayants et le plus c\u00e9l\u00e8bre de Lao Cai\",\"breadcrumb\":{\"@id\":\"https:\/\/www.amotravel.com\/fr\/le-marche-de-can-cau\/#breadcrumb\"},\"inLanguage\":\"fr-FR\",\"potentialAction\":[{\"@type\":\"ReadAction\",\"target\":[\"https:\/\/www.amotravel.com\/fr\/le-marche-de-can-cau\/\"]}]},{\"@type\":\"ImageObject\",\"inLanguage\":\"fr-FR\",\"@id\":\"https:\/\/www.amotravel.com\/fr\/le-marche-de-can-cau\/#primaryimage\",\"url\":\"https:\/\/www.amotravel.com\/fr\/wp-content\/uploads\/2016\/06\/il-mercato-di-can-cau-sapa.jpg\",\"contentUrl\":\"https:\/\/www.amotravel.com\/fr\/wp-content\/uploads\/2016\/06\/il-mercato-di-can-cau-sapa.jpg\",\"width\":499,\"height\":333,\"caption\":\"Le march \u00e9\"},{\"@type\":\"BreadcrumbList\",\"@id\":\"https:\/\/www.amotravel.com\/fr\/le-marche-de-can-cau\/#breadcrumb\",\"itemListElement\":[{\"@type\":\"ListItem\",\"position\":1,\"name\":\"Accueil\",\"item\":\"https:\/\/www.amotravel.com\/fr\/\"},{\"@type\":\"ListItem\",\"position\":2,\"name\":\"Le march\u00e9 de Can Cau &#8211; Lao Cai\"}]},{\"@type\":\"WebSite\",\"@id\":\"https:\/\/www.amotravel.com\/fr\/#website\",\"url\":\"https:\/\/www.amotravel.com\/fr\/\",\"name\":\"Amo Travel\",\"description\":\"\",\"publisher\":{\"@id\":\"https:\/\/www.amotravel.com\/fr\/#organization\"},\"potentialAction\":[{\"@type\":\"SearchAction\",\"target\":{\"@type\":\"EntryPoint\",\"urlTemplate\":\"https:\/\/www.amotravel.com\/fr\/?s={search_term_string}\"},\"query-input\":{\"@type\":\"PropertyValueSpecification\",\"valueRequired\":true,\"valueName\":\"search_term_string\"}}],\"inLanguage\":\"fr-FR\"},{\"@type\":\"Organization\",\"@id\":\"https:\/\/www.amotravel.com\/fr\/#organization\",\"name\":\"Amo Travel\",\"url\":\"https:\/\/www.amotravel.com\/fr\/\",\"logo\":{\"@type\":\"ImageObject\",\"inLanguage\":\"fr-FR\",\"@id\":\"https:\/\/www.amotravel.com\/fr\/#\/schema\/logo\/image\/\",\"url\":\"https:\/\/www.amotravel.com\/fr\/wp-content\/uploads\/2016\/07\/Logo-ATV-No-Slogan.png\",\"contentUrl\":\"https:\/\/www.amotravel.com\/fr\/wp-content\/uploads\/2016\/07\/Logo-ATV-No-Slogan.png\",\"width\":536,\"height\":85,\"caption\":\"Amo Travel\"},\"image\":{\"@id\":\"https:\/\/www.amotravel.com\/fr\/#\/schema\/logo\/image\/\"}},{\"@type\":\"Person\",\"@id\":\"https:\/\/www.amotravel.com\/fr\/#\/schema\/person\/bf6d66ebd645d863eb9d8a97e4bebfac\",\"name\":\"Trung Nguy\u1ec5n\",\"image\":{\"@type\":\"ImageObject\",\"inLanguage\":\"fr-FR\",\"@id\":\"https:\/\/www.amotravel.com\/fr\/#\/schema\/person\/image\/\",\"url\":\"https:\/\/secure.gravatar.com\/avatar\/6dbce1139567a66fd774e8d6119baf5c?s=96&d=mm&r=g\",\"contentUrl\":\"https:\/\/secure.gravatar.com\/avatar\/6dbce1139567a66fd774e8d6119baf5c?s=96&d=mm&r=g\",\"caption\":\"Trung Nguy\u1ec5n\"},\"url\":\"https:\/\/www.amotravel.com\/fr\/author\/trungnguyen\/\"}]}<\/script>\n<!-- \/ Yoast SEO plugin. -->","yoast_head_json":{"title":"Le march\u00e9 de Can Cau - Voyage du nord au Vietnam- Amo Travel","description":"Le march\u00e9 de Can Cau est l'un des march\u00e9s ethniques les plus les plus color\u00e9s, les plus attrayants et le plus c\u00e9l\u00e8bre de Lao Cai","robots":{"index":"index","follow":"follow","max-snippet":"max-snippet:-1","max-image-preview":"max-image-preview:large","max-video-preview":"max-video-preview:-1"},"canonical":"https:\/\/www.amotravel.com\/fr\/le-marche-de-can-cau\/","og_locale":"fr_FR","og_type":"article","og_title":"Le march\u00e9 de Can Cau - Voyage du nord au Vietnam- Amo Travel","og_description":"Le march\u00e9 de Can Cau est l'un des march\u00e9s ethniques les plus les plus color\u00e9s, les plus attrayants et le plus c\u00e9l\u00e8bre de Lao Cai","og_url":"https:\/\/www.amotravel.com\/fr\/le-marche-de-can-cau\/","og_site_name":"Amo Travel","article_published_time":"2018-12-17T03:39:23+00:00","article_modified_time":"2018-12-17T08:03:58+00:00","og_image":[{"width":499,"height":333,"url":"https:\/\/www.amotravel.com\/fr\/wp-content\/uploads\/2016\/06\/il-mercato-di-can-cau-sapa.jpg","type":"image\/jpeg"}],"author":"Trung Nguy\u1ec5n","twitter_card":"summary_large_image","twitter_misc":{"\u00c9crit par":"Trung Nguy\u1ec5n","Dur\u00e9e de lecture estim\u00e9e":"3 minutes"},"schema":{"@context":"https:\/\/schema.org","@graph":[{"@type":"Article","@id":"https:\/\/www.amotravel.com\/fr\/le-marche-de-can-cau\/#article","isPartOf":{"@id":"https:\/\/www.amotravel.com\/fr\/le-marche-de-can-cau\/"},"author":{"name":"Trung Nguy\u1ec5n","@id":"https:\/\/www.amotravel.com\/fr\/#\/schema\/person\/bf6d66ebd645d863eb9d8a97e4bebfac"},"headline":"Le march\u00e9 de Can Cau &#8211; Lao Cai","datePublished":"2018-12-17T03:39:23+00:00","dateModified":"2018-12-17T08:03:58+00:00","mainEntityOfPage":{"@id":"https:\/\/www.amotravel.com\/fr\/le-marche-de-can-cau\/"},"wordCount":606,"commentCount":0,"publisher":{"@id":"https:\/\/www.amotravel.com\/fr\/#organization"},"image":{"@id":"https:\/\/www.amotravel.com\/fr\/le-marche-de-can-cau\/#primaryimage"},"thumbnailUrl":"https:\/\/www.amotravel.com\/fr\/wp-content\/uploads\/2016\/06\/il-mercato-di-can-cau-sapa.jpg","keywords":["endroits a ne pas rater au vietnam","meilleures destinations au vietnam","sites incontournables au vietnam"],"articleSection":["Coups De Coeur"],"inLanguage":"fr-FR","potentialAction":[{"@type":"CommentAction","name":"Comment","target":["https:\/\/www.amotravel.com\/fr\/le-marche-de-can-cau\/#respond"]}]},{"@type":"WebPage","@id":"https:\/\/www.amotravel.com\/fr\/le-marche-de-can-cau\/","url":"https:\/\/www.amotravel.com\/fr\/le-marche-de-can-cau\/","name":"Le march\u00e9 de Can Cau - Voyage du nord au Vietnam- Amo Travel","isPartOf":{"@id":"https:\/\/www.amotravel.com\/fr\/#website"},"primaryImageOfPage":{"@id":"https:\/\/www.amotravel.com\/fr\/le-marche-de-can-cau\/#primaryimage"},"image":{"@id":"https:\/\/www.amotravel.com\/fr\/le-marche-de-can-cau\/#primaryimage"},"thumbnailUrl":"https:\/\/www.amotravel.com\/fr\/wp-content\/uploads\/2016\/06\/il-mercato-di-can-cau-sapa.jpg","datePublished":"2018-12-17T03:39:23+00:00","dateModified":"2018-12-17T08:03:58+00:00","description":"Le march\u00e9 de Can Cau est l'un des march\u00e9s ethniques les plus les plus color\u00e9s, les plus attrayants et le plus c\u00e9l\u00e8bre de Lao Cai","breadcrumb":{"@id":"https:\/\/www.amotravel.com\/fr\/le-marche-de-can-cau\/#breadcrumb"},"inLanguage":"fr-FR","potentialAction":[{"@type":"ReadAction","target":["https:\/\/www.amotravel.com\/fr\/le-marche-de-can-cau\/"]}]},{"@type":"ImageObject","inLanguage":"fr-FR","@id":"https:\/\/www.amotravel.com\/fr\/le-marche-de-can-cau\/#primaryimage","url":"https:\/\/www.amotravel.com\/fr\/wp-content\/uploads\/2016\/06\/il-mercato-di-can-cau-sapa.jpg","contentUrl":"https:\/\/www.amotravel.com\/fr\/wp-content\/uploads\/2016\/06\/il-mercato-di-can-cau-sapa.jpg","width":499,"height":333,"caption":"Le march \u00e9"},{"@type":"BreadcrumbList","@id":"https:\/\/www.amotravel.com\/fr\/le-marche-de-can-cau\/#breadcrumb","itemListElement":[{"@type":"ListItem","position":1,"name":"Accueil","item":"https:\/\/www.amotravel.com\/fr\/"},{"@type":"ListItem","position":2,"name":"Le march\u00e9 de Can Cau &#8211; Lao Cai"}]},{"@type":"WebSite","@id":"https:\/\/www.amotravel.com\/fr\/#website","url":"https:\/\/www.amotravel.com\/fr\/","name":"Amo Travel","description":"","publisher":{"@id":"https:\/\/www.amotravel.com\/fr\/#organization"},"potentialAction":[{"@type":"SearchAction","target":{"@type":"EntryPoint","urlTemplate":"https:\/\/www.amotravel.com\/fr\/?s={search_term_string}"},"query-input":{"@type":"PropertyValueSpecification","valueRequired":true,"valueName":"search_term_string"}}],"inLanguage":"fr-FR"},{"@type":"Organization","@id":"https:\/\/www.amotravel.com\/fr\/#organization","name":"Amo Travel","url":"https:\/\/www.amotravel.com\/fr\/","logo":{"@type":"ImageObject","inLanguage":"fr-FR","@id":"https:\/\/www.amotravel.com\/fr\/#\/schema\/logo\/image\/","url":"https:\/\/www.amotravel.com\/fr\/wp-content\/uploads\/2016\/07\/Logo-ATV-No-Slogan.png","contentUrl":"https:\/\/www.amotravel.com\/fr\/wp-content\/uploads\/2016\/07\/Logo-ATV-No-Slogan.png","width":536,"height":85,"caption":"Amo Travel"},"image":{"@id":"https:\/\/www.amotravel.com\/fr\/#\/schema\/logo\/image\/"}},{"@type":"Person","@id":"https:\/\/www.amotravel.com\/fr\/#\/schema\/person\/bf6d66ebd645d863eb9d8a97e4bebfac","name":"Trung Nguy\u1ec5n","image":{"@type":"ImageObject","inLanguage":"fr-FR","@id":"https:\/\/www.amotravel.com\/fr\/#\/schema\/person\/image\/","url":"https:\/\/secure.gravatar.com\/avatar\/6dbce1139567a66fd774e8d6119baf5c?s=96&d=mm&r=g","contentUrl":"https:\/\/secure.gravatar.com\/avatar\/6dbce1139567a66fd774e8d6119baf5c?s=96&d=mm&r=g","caption":"Trung Nguy\u1ec5n"},"url":"https:\/\/www.amotravel.com\/fr\/author\/trungnguyen\/"}]}},"_links":{"self":[{"href":"https:\/\/www.amotravel.com\/fr\/wp-json\/wp\/v2\/posts\/4446","targetHints":{"allow":["GET"]}}],"collection":[{"href":"https:\/\/www.amotravel.com\/fr\/wp-json\/wp\/v2\/posts"}],"about":[{"href":"https:\/\/www.amotravel.com\/fr\/wp-json\/wp\/v2\/types\/post"}],"author":[{"embeddable":true,"href":"https:\/\/www.amotravel.com\/fr\/wp-json\/wp\/v2\/users\/4"}],"replies":[{"embeddable":true,"href":"https:\/\/www.amotravel.com\/fr\/wp-json\/wp\/v2\/comments?post=4446"}],"version-history":[{"count":2,"href":"https:\/\/www.amotravel.com\/fr\/wp-json\/wp\/v2\/posts\/4446\/revisions"}],"predecessor-version":[{"id":4470,"href":"https:\/\/www.amotravel.com\/fr\/wp-json\/wp\/v2\/posts\/4446\/revisions\/4470"}],"wp:featuredmedia":[{"embeddable":true,"href":"https:\/\/www.amotravel.com\/fr\/wp-json\/wp\/v2\/media\/1853"}],"wp:attachment":[{"href":"https:\/\/www.amotravel.com\/fr\/wp-json\/wp\/v2\/media?parent=4446"}],"wp:term":[{"taxonomy":"category","embeddable":true,"href":"https:\/\/www.amotravel.com\/fr\/wp-json\/wp\/v2\/categories?post=4446"},{"taxonomy":"post_tag","embeddable":true,"href":"https:\/\/www.amotravel.com\/fr\/wp-json\/wp\/v2\/tags?post=4446"}],"curies":[{"name":"wp","href":"https:\/\/api.w.org\/{rel}","templated":true}]}}